{"id":245419,"date":"2025-11-19T23:53:09","date_gmt":"2025-11-19T23:53:09","guid":{"rendered":"https:\/\/www.europesays.com\/es\/245419\/"},"modified":"2025-11-19T23:53:09","modified_gmt":"2025-11-19T23:53:09","slug":"para-ganar-al-chelsea-necesitaremos-un-partido-completo","status":"publish","type":"post","link":"https:\/\/www.europesays.com\/es\/245419\/","title":{"rendered":"Para ganar al Chelsea necesitaremos un partido completo"},"content":{"rendered":"<p data-gtm-element-container=\"modulo-texto-link\" class=\"paragraph\">El <strong>FC Barcelona<\/strong> afronta este jueves (21 h) una nueva cita grande en Europa con la visita al <strong>Chelsea<\/strong>, en el arranque de la segunda vuelta de la &#8216;fase liga&#8217;. Un duelo convertido ya en un cl\u00e1sico continental y que llega marcado por las advertencias de <strong>Pere Romeu<\/strong>. El t\u00e9cnico azulgrana, con tres bajas sensibles &#8211;<strong> Marta Torrej\u00f3n<\/strong> por motivos personales, <strong>Patri Guijarro y Salma Paralluelo<\/strong> por lesi\u00f3n &#8211;\u00a0 quiso subrayar que la exigencia ser\u00e1 m\u00e1xima en <strong>Stamford Bridge<\/strong>: \u00abJugamos contra un equipo que tiene una fase defensiva agresiva y muy buena capacidad de recuperar bal\u00f3n y contraatacar. Tienen jugadoras determinantes y con mucha velocidad arriba\u00bb, reconoci\u00f3 en la previa.<\/p>\n<blockquote>\n<p>        El Bar\u00e7a, ante un nuevo cl\u00e1sico de Europa<\/p>\n<p>                <img loading=\"lazy\" decoding=\"async\" data-full-src=\"https:\/\/www.mundodeportivo.com\/uploads\/2025\/11\/14\/6917536f7604e.jpeg\" alt=\"El t\u00e9cnico catal\u00e1n se mostr\u00f3 muy ilusionado y ambicioso de cara al partido contra el Real Madrid de este s\u00e1bado.\" src=\"https:\/\/www.europesays.com\/es\/wp-content\/uploads\/2025\/11\/6917536f7604e.r_d.391-179.jpeg\" class=\"lazy\" width=\"49\" height=\"52\"\/><\/p>\n<p>            Pere Romeu\u00bbEs dif\u00edcil ganar al Chelsea, pero todav\u00eda lo es m\u00e1s repetirlo\u00bb<\/p>\n<\/blockquote>\n<p data-gtm-element-container=\"modulo-texto-link\" class=\"paragraph\">El <strong>Bar\u00e7a <\/strong>viaj\u00f3 a Londres con 21 jugadoras y con la ambici\u00f3n que marcan su pleno de victorias y su hist\u00f3rico reciente: l\u00edder por diferencia de goles (14 a favor), el equipo azulgrana ha ganado los tres \u00faltimos cruces europeos en Stamford Bridge y ha eliminado al <strong>Chelsea<\/strong> en las \u00faltimas tres semifinales. Aun as\u00ed, <strong>Romeu<\/strong> quiso rebajar cualquier atisbo de confianza: \u00abEs dif\u00edcil ganar al <strong>Chelsea,<\/strong> pero todav\u00eda lo es m\u00e1s repetirlo. Las \u00faltimas veces lo hemos conseguido gracias al juego, y si ma\u00f1ana hacemos un partido completo estaremos m\u00e1s cerca de volver a ganar\u00bb. Su plan pasa por el control absoluto: posesi\u00f3n, paciencia y minimizar p\u00e9rdidas ante un equipo incisivo al contraataque.<\/p>\n<p data-gtm-element-container=\"modulo-texto-link\" class=\"paragraph\">El entrenador azulgrana insisti\u00f3 en que el choque ser\u00e1 de m\u00e1xima intensidad desde el inicio. No solo por los antecedentes &#8211; el <strong>Bar\u00e7a<\/strong> gan\u00f3 0-4 en la final de G\u00f6teborg en 2021 y super\u00f3 por 8-2 el global de la \u00faltima semifinal &#8211;\u00a0 sino por la din\u00e1mica actual: el <strong>Chelsea<\/strong>, con 11 goles, es el tercer equipo m\u00e1s goleador del torneo y llega invicto.\u00a0<\/p>\n<p data-gtm-element-container=\"modulo-texto-link\" class=\"paragraph\">En cuanto al estado f\u00edsico de <strong>Esmee Brugts<\/strong>, que acab\u00f3 con molestias en la rodilla derecha el Cl\u00e1sico, el t\u00e9cnico se mostr\u00f3 prudente: \u00abMa\u00f1ana decidiremos\u00bb.\u00a0\u00a0<\/p>\n<p>    Lee tambi\u00e9n<\/p>\n<p data-gtm-element-container=\"modulo-texto-link\" class=\"paragraph\">En la rueda de prensa tambi\u00e9n habl\u00f3<strong> Laia Aleixandri<\/strong>, una de las protagonistas en la medular ante la baja de <strong>Patri<\/strong> y que conoce bien el f\u00fatbol ingl\u00e9s tras su etapa en el <strong>Manchester City<\/strong>. \u00abEs un rival que conozco mucho. Son jugadoras a las que me he enfrentado estos \u00faltimos a\u00f1os. Es un equipo muy ofensivo y para contrarrestarlas tendremos que tener posesi\u00f3n y las ocasiones\u00bb, explic\u00f3.\u00a0<\/p>\n<p>                <img loading=\"lazy\" decoding=\"async\" data-full-src=\"https:\/\/www.mundodeportivo.com\/uploads\/2025\/11\/19\/691e12600fa0e.png\" alt=\"Laia Aleixandri habl\u00f3 antes del partido de este jueves en Stamford Bridge\" width=\"449\" height=\"308\" src=\"https:\/\/www.europesays.com\/es\/wp-content\/uploads\/2025\/11\/691e12600fa0e.png\" class=\"lazy\"\/><\/p>\n<p class=\"caption-title \">Laia Aleixandri habl\u00f3 antes del partido de este jueves en Stamford Bridge<\/p>\n<p>                    \u00a0FCB\u00a0<\/p>\n<p data-gtm-element-container=\"modulo-texto-link\" class=\"paragraph\">La central, que est\u00e1 asumiendo m\u00e1s responsabilidad en el centro del campo, a\u00f1adi\u00f3: \u00abEstoy muy contenta de poder aportar al equipo. Me encuentro bien, con confianza y con el objetivo de afrontar estos grandes partidos\u00bb.<\/p>\n","protected":false},"excerpt":{"rendered":"El FC Barcelona afronta este jueves (21 h) una nueva cita grande en Europa con la visita al&hellip;\n","protected":false},"author":2,"featured_media":245420,"comment_status":"","ping_status":"","sticky":false,"template":"","format":"standard","meta":{"footnotes":""},"categories":[268],"tags":[168,25,24,280,282,281,23,167],"class_list":{"0":"post-245419","1":"post","2":"type-post","3":"status-publish","4":"format-standard","5":"has-post-thumbnail","7":"category-futbol","8":"tag-deportes","9":"tag-es","10":"tag-espana","11":"tag-football","12":"tag-futbol","13":"tag-soccer","14":"tag-spain","15":"tag-sports"},"share_on_mastodon":{"url":"https:\/\/pubeurope.com\/@es\/115579060945945957","error":""},"_links":{"self":[{"href":"https:\/\/www.europesays.com\/es\/wp-json\/wp\/v2\/posts\/245419","targetHints":{"allow":["GET"]}}],"collection":[{"href":"https:\/\/www.europesays.com\/es\/wp-json\/wp\/v2\/posts"}],"about":[{"href":"https:\/\/www.europesays.com\/es\/wp-json\/wp\/v2\/types\/post"}],"author":[{"embeddable":true,"href":"https:\/\/www.europesays.com\/es\/wp-json\/wp\/v2\/users\/2"}],"replies":[{"embeddable":true,"href":"https:\/\/www.europesays.com\/es\/wp-json\/wp\/v2\/comments?post=245419"}],"version-history":[{"count":0,"href":"https:\/\/www.europesays.com\/es\/wp-json\/wp\/v2\/posts\/245419\/revisions"}],"wp:featuredmedia":[{"embeddable":true,"href":"https:\/\/www.europesays.com\/es\/wp-json\/wp\/v2\/media\/245420"}],"wp:attachment":[{"href":"https:\/\/www.europesays.com\/es\/wp-json\/wp\/v2\/media?parent=245419"}],"wp:term":[{"taxonomy":"category","embeddable":true,"href":"https:\/\/www.europesays.com\/es\/wp-json\/wp\/v2\/categories?post=245419"},{"taxonomy":"post_tag","embeddable":true,"href":"https:\/\/www.europesays.com\/es\/wp-json\/wp\/v2\/tags?post=245419"}],"curies":[{"name":"wp","href":"https:\/\/api.w.org\/{rel}","templated":true}]}}