{"id":245421,"date":"2025-11-19T23:54:12","date_gmt":"2025-11-19T23:54:12","guid":{"rendered":"https:\/\/www.europesays.com\/es\/245421\/"},"modified":"2025-11-19T23:54:12","modified_gmt":"2025-11-19T23:54:12","slug":"he-estado-yendo-durante-casi-seis-meses-todas-las-semanas-a-unos-grupos-de-terapia-porque-la-obra-tambien-habla-mucho-sobre-como-podemos-salvarnos","status":"publish","type":"post","link":"https:\/\/www.europesays.com\/es\/245421\/","title":{"rendered":"He estado yendo durante casi seis meses, todas las semanas, a unos grupos de terapia, porque la obra tambi\u00e9n habla mucho sobre c\u00f3mo podemos salvarnos"},"content":{"rendered":"<p data-gtm-element-container=\"modulo-texto-link\" class=\"paragraph\">La actriz Irene Escolar, una de las int\u00e9rpretes m\u00e1s destacadas de su generaci\u00f3n y <strong>ganadora del Goya a Mejor Actriz Revelaci\u00f3n en 2016 por &#8216;Un oto\u00f1o sin Berl\u00edn&#8217;<\/strong>, se encuentra en plena madurez art\u00edstica y personal. A sus 37 a\u00f1os, <strong>estrena el pr\u00f3ximo 25 de noviembre la obra &#8216;Personas, lugares y cosas&#8217;<\/strong>, un montaje que la ha llevado a explorar no solo los l\u00edmites de la interpretaci\u00f3n, sino tambi\u00e9n los de su propia vida emocional. <a href=\"https:\/\/www.lasfuriasmagazine.com\/entrevista-irene-escolar-teatro\/\" rel=\"nofollow noreferrer noopener\" target=\"_blank\">En una entrevista con Las Furias Magazine<\/a>, <strong>Escolar confes\u00f3 que el proceso creativo la llev\u00f3 a participar durante meses en grupos de terapia<\/strong>, una experiencia que considera fundamental para entender el mensaje de la obra y para su propio crecimiento personal.<\/p>\n<p data-gtm-element-container=\"modulo-texto-link\" class=\"paragraph\">&#8216;Personas, lugares y cosas&#8217; es un proyecto teatral que aborda la fragilidad humana, la necesidad de apoyo y la b\u00fasqueda de herramientas para sobrellevar las heridas emocionales. <strong>Irene Escolar explica que la obra habla mucho sobre c\u00f3mo podemos salvarnos<\/strong>, y que ese planteamiento la llev\u00f3 a implicarse de manera personal en un proceso terap\u00e9utico paralelo al trabajo esc\u00e9nico.<\/p>\n<blockquote class=\"instagram-media\" data-instgrm-captioned=\"\" data-instgrm-version=\"6\" style=\"background: #FFF; border: 0; border-radius: 3px; box-shadow: 0 0 1px 0 rgba(0,&#10;0, 0, 0.5), 0 1px 10px 0 rgba(0, 0, 0, 0.15); margin: 1px; max-width: 658px; padding: 0;&#10;width: 99.375%; width: -webkit-calc(100% - 2px); width: calc(100% - 2px);\">\n<\/blockquote>\n<p data-gtm-element-container=\"modulo-texto-link\" class=\"paragraph\">\u00abHe estado yendo durante casi seis meses, todas las semanas, a unos grupos de terapia, porque la obra tambi\u00e9n habla mucho sobre c\u00f3mo podemos salvarnos\u00bb, revel\u00f3 la actriz. <strong>Para ella, el teatro no es solo un espacio de representaci\u00f3n, sino tambi\u00e9n un lugar de encuentro con las emociones m\u00e1s profundas<\/strong>, capaz de generar catarsis tanto en el p\u00fablico como en los int\u00e9rpretes.<\/p>\n<p>El compromiso de Irene Escolar con la verdad en escena<\/p>\n<p data-gtm-element-container=\"modulo-texto-link\" class=\"paragraph\">Escolar es conocida por su rigor y su entrega absoluta en cada proyecto. En esta ocasi\u00f3n, asegura que necesitaba vivir en primera persona las din\u00e1micas de grupo y las conversaciones sobre la vulnerabilidad para poder trasladar esa experiencia al escenario. <strong>\u00abEl teatro es un espacio de verdad, y yo no puedo hablar de salvarnos si no me implico de verdad en ese proceso\u00bb, explica.<\/strong><\/p>\n<p data-gtm-element-container=\"modulo-texto-link\" class=\"paragraph\">La actriz reconoce que el trabajo en\u00a0&#8216;Personas, lugares y cosas&#8217; ha sido uno de los m\u00e1s exigentes de su carrera, no solo por la intensidad emocional, sino tambi\u00e9n por la necesidad de abrirse y exponerse ante los dem\u00e1s. <strong>\u00abEl p\u00fablico percibe cuando hay verdad, cuando lo que se dice en escena est\u00e1 conectado con la vida real. Eso es lo que me interesa como actriz\u00bb, a\u00f1ade.<\/strong><\/p>\n<p>    Lee tambi\u00e9n<\/p>\n<p data-gtm-element-container=\"modulo-texto-link\" class=\"paragraph\">Desde sus inicios, Irene Escolar ha demostrado una enorme capacidad para enfrentarse a personajes complejos. <strong>Nieta de la legendaria actriz Irene Guti\u00e9rrez Caba, lleva el teatro en la sangre<\/strong> y ha sabido construir una carrera s\u00f3lida que combina cine, televisi\u00f3n y, sobre todo, teatro.<\/p>\n<p data-gtm-element-container=\"modulo-texto-link\" class=\"paragraph\">En los \u00faltimos a\u00f1os ha participado en montajes de gran prestigio, como &#8216;Hermanas&#8217; o &#8216;Leyendo Lorca&#8217;, y ha trabajado con directores de referencia en la escena espa\u00f1ola. Su compromiso con la calidad y su b\u00fasqueda constante de nuevos retos la han convertido en una de las int\u00e9rpretes m\u00e1s respetadas de su generaci\u00f3n.<\/p>\n<p>                <img loading=\"lazy\" decoding=\"async\" data-full-src=\"https:\/\/www.mundodeportivo.com\/uploads\/2016\/02\/08\/60e77184ae3f9.jpeg\" alt=\"Horizontal\" width=\"449\" height=\"337\" src=\"https:\/\/www.europesays.com\/es\/wp-content\/uploads\/2025\/11\/60e77184ae3f9.jpeg\" class=\"lazy\"\/><\/p>\n<p class=\"caption-title \">Irene Escolar\u00a0<\/p>\n<p>                    GTRES<\/p>\n<p data-gtm-element-container=\"modulo-texto-link\" class=\"paragraph\">Con &#8216;Personas, lugares y cosas&#8217;, Irene Escolar busca transmitir al p\u00fablico la idea de que todos necesitamos apoyo y que la fragilidad no es una debilidad, sino una condici\u00f3n humana. \u00abLa obra es un espejo en el que podemos vernos reflejados. Habla de la necesidad de salvarnos, pero tambi\u00e9n de la posibilidad real de hacerlo si nos acompa\u00f1amos unos a otros\u00bb, se\u00f1ala.\u00a0<strong>El montaje ha sido recibido con entusiasmo por la cr\u00edtica<\/strong>, que destaca la intensidad de la interpretaci\u00f3n de Escolar y la capacidad de la obra para generar reflexi\u00f3n y emoci\u00f3n.<\/p>\n<blockquote class=\"instagram-media\" data-instgrm-captioned=\"\" data-instgrm-version=\"6\" style=\"background: #FFF; border: 0; border-radius: 3px; box-shadow: 0 0 1px 0 rgba(0,&#10;0, 0, 0.5), 0 1px 10px 0 rgba(0, 0, 0, 0.15); margin: 1px; max-width: 658px; padding: 0;&#10;width: 99.375%; width: -webkit-calc(100% - 2px); width: calc(100% - 2px);\">\n<\/blockquote>\n<p data-gtm-element-container=\"modulo-texto-link\" class=\"paragraph\">Escolar se consolida as\u00ed como una actriz que no teme exponerse, que entiende el arte como un espacio de encuentro y que reivindica la importancia de la salud emocional en la vida y en el escenario. Con &#8216;Personas, lugares y cosas&#8217;, invita al p\u00fablico a reflexionar sobre la fragilidad, la necesidad de apoyo y la posibilidad de encontrar caminos para salvarnos juntos.<\/p>\n","protected":false},"excerpt":{"rendered":"La actriz Irene Escolar, una de las int\u00e9rpretes m\u00e1s destacadas de su generaci\u00f3n y ganadora del Goya a&hellip;\n","protected":false},"author":2,"featured_media":245422,"comment_status":"","ping_status":"","sticky":false,"template":"","format":"standard","meta":{"footnotes":""},"categories":[174],"tags":[255,146,147,25,24,256,23],"class_list":{"0":"post-245421","1":"post","2":"type-post","3":"status-publish","4":"format-standard","5":"has-post-thumbnail","7":"category-famosos","8":"tag-celebrities","9":"tag-entertainment","10":"tag-entretenimiento","11":"tag-es","12":"tag-espana","13":"tag-famosos","14":"tag-spain"},"share_on_mastodon":{"url":"https:\/\/pubeurope.com\/@es\/115579064592331141","error":""},"_links":{"self":[{"href":"https:\/\/www.europesays.com\/es\/wp-json\/wp\/v2\/posts\/245421","targetHints":{"allow":["GET"]}}],"collection":[{"href":"https:\/\/www.europesays.com\/es\/wp-json\/wp\/v2\/posts"}],"about":[{"href":"https:\/\/www.europesays.com\/es\/wp-json\/wp\/v2\/types\/post"}],"author":[{"embeddable":true,"href":"https:\/\/www.europesays.com\/es\/wp-json\/wp\/v2\/users\/2"}],"replies":[{"embeddable":true,"href":"https:\/\/www.europesays.com\/es\/wp-json\/wp\/v2\/comments?post=245421"}],"version-history":[{"count":0,"href":"https:\/\/www.europesays.com\/es\/wp-json\/wp\/v2\/posts\/245421\/revisions"}],"wp:featuredmedia":[{"embeddable":true,"href":"https:\/\/www.europesays.com\/es\/wp-json\/wp\/v2\/media\/245422"}],"wp:attachment":[{"href":"https:\/\/www.europesays.com\/es\/wp-json\/wp\/v2\/media?parent=245421"}],"wp:term":[{"taxonomy":"category","embeddable":true,"href":"https:\/\/www.europesays.com\/es\/wp-json\/wp\/v2\/categories?post=245421"},{"taxonomy":"post_tag","embeddable":true,"href":"https:\/\/www.europesays.com\/es\/wp-json\/wp\/v2\/tags?post=245421"}],"curies":[{"name":"wp","href":"https:\/\/api.w.org\/{rel}","templated":true}]}}