{"id":245425,"date":"2025-11-19T23:57:10","date_gmt":"2025-11-19T23:57:10","guid":{"rendered":"https:\/\/www.europesays.com\/es\/245425\/"},"modified":"2025-11-19T23:57:10","modified_gmt":"2025-11-19T23:57:10","slug":"gemma-cuervo-reaparecio-en-la-revuelta-ante-el-asombro-de-broncano-la-sorpresa-mas-bonita","status":"publish","type":"post","link":"https:\/\/www.europesays.com\/es\/245425\/","title":{"rendered":"Gemma Cuervo reapareci\u00f3 en &#8216;La Revuelta&#8217; ante el asombro de Broncano: \u00abLa sorpresa m\u00e1s bonita\u00bb"},"content":{"rendered":"<p class=\"article-text\">\n        Este mi\u00e9rcoles, 19 de noviembre, <strong>La Revuelta<\/strong> estuvo plagada de est\u00edmulos: desde el joven de la ba\u00f1era que hac\u00eda un llamamiento para ligar, hasta <strong>Ernesto Alterio y Luc\u00eda Caraballo <\/strong>que se lanzaron por el tobog\u00e1n, unos raperos que presentaron su videoclip con cameo de <strong>David Broncano <\/strong>y hasta <strong>Cayetana Guill\u00e9n Cuervo<\/strong> con un arsenal de juguetes er\u00f3ticos.\n    <\/p>\n<p>    <a href=\"https:\/\/www.eldiario.es\/vertele\/noticias\/broncano-felicito-marilo-montero-ganar-masterchef-celebrity-10-mejor-amiga-alzo-titulo_1_12778981.html\" data-mrf-recirculation=\"saber-mas\" data-dl-event=\"saber-mas\" rel=\"nofollow noopener\" target=\"_blank\"><\/p>\n<p class=\"know-more__title\">Broncano felicit\u00f3 a Maril\u00f3 Montero por ganar &#8216;MasterChef Celebrity 10&#8217;: \u00abNuestra mejor amiga se alz\u00f3 con el t\u00edtulo\u00bb<\/p>\n<p>            <img decoding=\"async\" class=\"lazy\" loading=\"lazy\" data-src=\"https:\/\/static.eldiario.es\/clip\/61946c24-fbf1-4a3f-854b-4372aed614bd_16-9-aspect-ratio_default_0.jpg\" src=\"data:image\/svg+xml,%3Csvg xmlns=\" http:=\"\" viewbox=\"0 0 880 495\" alt=\"Broncano felicit\u00f3 a Maril\u00f3 Montero por ganar 'MasterChef Celebrity 10': &quot;Nuestra mejor amiga se alz\u00f3 con el t\u00edtulo&quot;\"\/><\/p>\n<p>                        <\/a><\/p>\n<p class=\"article-text\">\n        Adem\u00e1s, al presentador tambi\u00e9n le lleg\u00f3 \u201cla carta del Gobierno\u201d en la que leen los invitados de la semana. A pesar de estar a mi\u00e9rcoles, ley\u00f3 los que ya hab\u00edan acudido: <strong>Paula Badosa, Lolita Flores y Saja Kilani y Motaz Malhees<\/strong>, los del mi\u00e9rcoles, y solo anunci\u00f3 (que no se supiera) a <strong>Alejandro Sanz<\/strong>: \u201c\u00bfEsto es verdad? La virgen!\u201d, exclam\u00f3 al leer que el cantante acudir\u00eda el jueves a presentar su nuevo disco.\n    <\/p>\n<p class=\"article-text\">\n        Tras ello, Broncano se centr\u00f3 en Cayetana que acud\u00eda para presentar su nuevo podcast &#8216;No te lo cayes&#8217;, que ha sido un \u201c<strong>m\u00e1ster en educaci\u00f3n sexual\u201d<\/strong>, seg\u00fan explic\u00f3 y detall\u00f3, con infinidad de regalos er\u00f3ticos que regal\u00f3.\n    <\/p>\n<p class=\"article-text\">\n        Sin embargo, lo que no sab\u00eda el presentador es que la invitada se guardaba para lo \u00faltimo la mejor de las sorpresas: la reaparici\u00f3n de <strong>Gemma Cuervo, la madre de Cayetana<\/strong>. La ic\u00f3nica actriz de 90 a\u00f1os, que est\u00e1 retirada del foco medi\u00e1tico desde 2017, entr\u00f3 al escenario saludando con alegr\u00eda al p\u00fablico.\n    <\/p>\n<p>    <a href=\"https:\/\/www.eldiario.es\/vertele\/noticias\/rtve-anuncia-presentadores-nuevo-talent-opera-sorprende-juanjo-bona-ruth-lorenzo_1_12781665.html\" data-mrf-recirculation=\"saber-mas-abajo\" data-dl-event=\"saber-mas-abajo\" rel=\"nofollow noopener\" target=\"_blank\"><\/p>\n<p class=\"know-more__title\">RTVE anuncia a los presentadores de su nuevo talent de \u00f3pera y sorprende con Juanjo Bona junto a Ruth Lorenzo<\/p>\n<p>            <img decoding=\"async\" class=\"lazy\" loading=\"lazy\" data-src=\"https:\/\/static.eldiario.es\/clip\/ed0d62c5-1212-40f3-bb38-71b03371fd29_16-9-aspect-ratio_default_0.jpg\" src=\"data:image\/svg+xml,%3Csvg xmlns=\" http:=\"\" viewbox=\"0 0 880 495\" alt=\"RTVE anuncia a los presentadores de su nuevo talent de \u00f3pera y sorprende con Juanjo Bona junto a Ruth Lorenzo\"\/><\/p>\n<p>                        <\/a><\/p>\n<blockquote class=\"twitter-tweet\" data-lang=\"es\"><p><a href=\"https:\/\/twitter.com\/X\/status\/1991269754863304786?ref_src=twsrc%5Etfw\" rel=\"nofollow noopener\" target=\"_blank\"><\/p><\/blockquote>\n<p class=\"article-text\">\n        \u201cEs la sorpresa m\u00e1s bonita\u201d asegur\u00f3 Broncano mir\u00e1ndola. Y Cayetana le coment\u00f3 con cari\u00f1o: \u201cMira mami tus followers\u201d, y se\u00f1al\u00f3 al p\u00fablico aplaudiendo. Gemma alz\u00f3 los brazos y dijo:<strong> \u201cNo puedo dejaros, os quiero\u201d<\/strong>, para despu\u00e9s marcharse, con la ayuda de su hija.\n    <\/p>\n<p>                                <script async src=\"https:\/\/platform.twitter.com\/widgets.js\" charset=\"utf-8\"><\/script><\/p>\n","protected":false},"excerpt":{"rendered":"Este mi\u00e9rcoles, 19 de noviembre, La Revuelta estuvo plagada de est\u00edmulos: desde el joven de la ba\u00f1era que&hellip;\n","protected":false},"author":2,"featured_media":245426,"comment_status":"","ping_status":"","sticky":false,"template":"","format":"standard","meta":{"footnotes":""},"categories":[171],"tags":[50405,21040,13289,17465,146,147,25,24,44499,19652,528,5785,23,214],"class_list":{"0":"post-245425","1":"post","2":"type-post","3":"status-publish","4":"format-standard","5":"has-post-thumbnail","7":"category-tv","8":"tag-asombro","9":"tag-bonita","10":"tag-broncano","11":"tag-cuervo","12":"tag-entertainment","13":"tag-entretenimiento","14":"tag-es","15":"tag-espana","16":"tag-gemma","17":"tag-reaparecio","18":"tag-revuelta","19":"tag-sorpresa","20":"tag-spain","21":"tag-tv"},"share_on_mastodon":{"url":"https:\/\/pubeurope.com\/@es\/115579076131777052","error":""},"_links":{"self":[{"href":"https:\/\/www.europesays.com\/es\/wp-json\/wp\/v2\/posts\/245425","targetHints":{"allow":["GET"]}}],"collection":[{"href":"https:\/\/www.europesays.com\/es\/wp-json\/wp\/v2\/posts"}],"about":[{"href":"https:\/\/www.europesays.com\/es\/wp-json\/wp\/v2\/types\/post"}],"author":[{"embeddable":true,"href":"https:\/\/www.europesays.com\/es\/wp-json\/wp\/v2\/users\/2"}],"replies":[{"embeddable":true,"href":"https:\/\/www.europesays.com\/es\/wp-json\/wp\/v2\/comments?post=245425"}],"version-history":[{"count":0,"href":"https:\/\/www.europesays.com\/es\/wp-json\/wp\/v2\/posts\/245425\/revisions"}],"wp:featuredmedia":[{"embeddable":true,"href":"https:\/\/www.europesays.com\/es\/wp-json\/wp\/v2\/media\/245426"}],"wp:attachment":[{"href":"https:\/\/www.europesays.com\/es\/wp-json\/wp\/v2\/media?parent=245425"}],"wp:term":[{"taxonomy":"category","embeddable":true,"href":"https:\/\/www.europesays.com\/es\/wp-json\/wp\/v2\/categories?post=245425"},{"taxonomy":"post_tag","embeddable":true,"href":"https:\/\/www.europesays.com\/es\/wp-json\/wp\/v2\/tags?post=245425"}],"curies":[{"name":"wp","href":"https:\/\/api.w.org\/{rel}","templated":true}]}}