{"id":245432,"date":"2025-11-20T00:05:15","date_gmt":"2025-11-20T00:05:15","guid":{"rendered":"https:\/\/www.europesays.com\/es\/245432\/"},"modified":"2025-11-20T00:05:15","modified_gmt":"2025-11-20T00:05:15","slug":"jose-elias-empresario-deja-de-complicarte-la-vida-con-tu-idea-de-negocio-vende-patatas","status":"publish","type":"post","link":"https:\/\/www.europesays.com\/es\/245432\/","title":{"rendered":"Jos\u00e9 El\u00edas, empresario: \u201cDeja de complicarte la vida con tu idea de negocio, vende patatas\u201d"},"content":{"rendered":"<p class=\"\"><b>Jos\u00e9 El\u00edas Navarro<\/b>, empresario y accionista \u00fanico de la cadena de congelados <a href=\"https:\/\/as.com\/actualidad\/economia\/jose-elias-empresario-montar-un-supermercado-la-sirena-cuesta-300000-y-solo-me-deja-30000-de-beneficio-al-ano-f202511-n\" target=\"_self\" rel=\"nofollow noopener\" title=\"https:\/\/as.com\/actualidad\/economia\/jose-elias-empresario-montar-un-supermercado-la-sirena-cuesta-300000-y-solo-me-deja-30000-de-beneficio-al-ano-f202511-n\">La Sirena<\/a>, es uno de los <b>100 espa\u00f1oles m\u00e1s ricos de Espa\u00f1a<\/b>, seg\u00fan la \u00faltima lista Forbes. Se le estima un patrimonio de <b>650 millones de euros<\/b> y ocupa el puesto 79 de este r\u00e1nking, que encabeza Amancio Ortega con la friolera de 109.900 millones de euros.<\/p>\n<p class=\"\">Desde suposici\u00f3n de empresario de \u00e9xito, de vez en cuando deja alguna <b>reflexi\u00f3n sobre el mundo laboral <\/b>desde el punto de vista del emprendedor. En la \u00faltima de estas reflexiones, que efect\u00faa a trav\u00e9s de sus redes sociales, aconseja<b> no volverse loco a la hora de montar un negocio<\/b>. \u201cNo entiendo por qu\u00e9 la gente se complica tanto la vida. Estoy cansado de decirles que lo hagan <b>f\u00e1cil<\/b>\u201d.<\/p>\n<p class=\"\">En un mundo donde <b>est\u00e1 casi todo inventado, o est\u00e1 en proceso<\/b>, siempre hay alguien que busca ir un paso por delante y ser el <b>descubridor de la pr\u00f3xima gran idea de negocio<\/b>. Y aunque la ambici\u00f3n es algo positivo y digno de destacar, en el mundo empresarial estos casos son los menos. \u201cNo te centres en hacer el nuevo software de IA s\u00faper escalable. <b>De esos solo triunfan unos pocos<\/b>. C\u00e9ntrate en cosas m\u00e1s f\u00e1ciles\u201d.<\/p>\n<blockquote class=\"twitter-tweet\">\n<p lang=\"es\" dir=\"ltr\">Deja de complicarte la vida con tu idea de negocio.<\/p>\n<p>Vende patatas.<\/p>\n<p>No entiendo por qu\u00e9 la gente se complica tanto la vida. Estoy cansado de decirles que lo hagan f\u00e1cil.<\/p>\n<p>No te centres en hacer el nuevo software de IA s\u00faper escalable.<br \/>De esos solo triunfan unos pocos.<br \/>C\u00e9ntrate\u2026<\/p>\n<p>\u2014 Jose El\u00edas Navarro (@jose_elias_nvr) <a href=\"https:\/\/twitter.com\/jose_elias_nvr\/status\/1991130172028760478?ref_src=twsrc%5Etfw\" rel=\"nofollow noopener\" target=\"_blank\">November 19, 2025<\/a><\/p><\/blockquote>\n<p class=\"\">Y para representarlo, expone un caso reciente surgido en una conversaci\u00f3n. En ella, una chica le explicaba su proyecto de comida. Una propuesta a la que, para el empresario, contaba con <b>un problema inicial: se trataba de comida vegana<\/b>. \u201cAh\u00ed ya est\u00e1 reduciendo su mercado\u201d. Pero no era el \u00fanico, ya que adem\u00e1s de vegana, consist\u00eda en <b>platos t\u00edpicos de su regi\u00f3n<\/b> (no especifica cu\u00e1l).<\/p>\n<p>Un mercado reducido<\/p>\n<p class=\"\">Con estos los condicionantes, Navarro se\u00f1alaba las tres condiciones que deb\u00edan cumplir sus potenciales consumidores: que sean<b> veganos, que les guste la comida de su regi\u00f3n y que vivan cerca<\/b> (o bien, est\u00e9n dispuestos a pagar un env\u00edo). Algo que, explica, \u201cse lo est\u00e1 poniendo muy dif\u00edcil\u201d.<\/p>\n<p class=\"\">Tras ello, destaca el hecho de que los emprendedores<b> se exigen mucho a s\u00ed mismos<\/b>, adem\u00e1s de meterse en negocios complicados que luego no salen bien. \u201c<b>\u00bfC\u00f3mo te va a salir?<\/b> Para que eso funcione tienes que<b> juntar Neptuno con Plut\u00f3n<\/b> en un eclipse mundial. Es imposible\u201d, asegura.<\/p>\n<p>Noticias relacionadas<a href=\"https:\/\/as.com\/actualidad\/sociedad\/antonio-domenech-profesor-vive-en-una-caravana-de-7m-desde-2019-buscar-un-piso-decente-hoy-en-dia-es-una-barbaridad-f202511-n\/\" class=\"s_m_w _rt-16x9\" title=\"Cansado de compartir piso, decidi\u00f3 optar por la f\u00f3rmula que pod\u00eda permitirse para independizarse. Ahora, disfruta pudiendo vivir cerca de su trabajo.\" data-tb-link=\"\" rel=\"nofollow noopener\" target=\"_blank\"><img decoding=\"async\" src=\"https:\/\/www.europesays.com\/es\/wp-content\/uploads\/2025\/11\/UYWDFQEUWVEWVNEOLBTLEVBWYE.png\" alt=\"Antonio Dom\u00e9nech, profesor, vive en una caravana de 7m\u00b2 desde 2019: \u201cBuscar un piso decente hoy en d\u00eda es una barbaridad\u201d\" class=\"\" height=\"9\" width=\"16\"   loading=\"lazy\" data-tb-thumbnail=\"\"\/><\/a><a href=\"https:\/\/as.com\/actualidad\/sociedad\/adios-a-los-bazares-chinos-avisan-de-la-llegada-en-espana-de-un-nuevo-negocio-de-empresarios-de-china-f202511-n\/\" class=\"s_m_w _rt-16x9\" title=\"La comunidad china es el mayor grupo extranjero de trabajadores aut\u00f3nomos en Espa\u00f1a, seg\u00fan UPTA.\" data-tb-link=\"\" rel=\"nofollow noopener\" target=\"_blank\"><img decoding=\"async\" src=\"https:\/\/www.europesays.com\/es\/wp-content\/uploads\/2025\/11\/VVGFRUPPBZE4FIW7Q6JR5R6T6M.jpg\" alt=\"Adi\u00f3s a los bazares chinos: avisan de la llegada en Espa\u00f1a de un nuevo negocio de empresarios de China\" class=\"\" height=\"9\" width=\"16\"   loading=\"lazy\" data-tb-thumbnail=\"\"\/><\/a><\/p>\n<p class=\"\">Por \u00faltimo, aconseja ser razonable con las exigencias y <b>buscar un mercado grande y hacerlo f\u00e1cil<\/b>, en lugar de buscar una idea rompedora. <b>\u201cVende patatas\u201d<\/b>, sentencia.<\/p>\n<p class=\"\"><b>\u00a1Tus opiniones importan!<\/b> Comenta en los art\u00edculos y suscr\u00edbete gratis a nuestra <a href=\"https:\/\/asfan.as.com\/newsletters\/\" target=\"_blank\" rel=\"nofollow noopener\" title=\"https:\/\/asfan.as.com\/newsletters\/\">newsletter<\/a> y a las alertas informativas en la <a href=\"https:\/\/as.com\/aplicacion-de-as-n\/\" target=\"_blank\" rel=\"nofollow noopener\" title=\"https:\/\/as.com\/aplicacion-de-as-n\/\">App<\/a> o el canal de <a href=\"https:\/\/www.whatsapp.com\/channel\/0029VaAasdA7j6g745nz9M10\" target=\"_blank\" rel=\"nofollow noopener\" title=\"https:\/\/www.whatsapp.com\/channel\/0029VaAasdA7j6g745nz9M10\">WhatsApp<\/a>. \u00bfBuscas licenciar contenido? Haz clic <a href=\"https:\/\/profesional.elpais.com\/soluciones-sindicacion?utm_medium=interno&amp;utm_source=crosslinking&amp;utm_campaign=sindicacion_as_pie_articulos\" target=\"_blank\" rel=\"nofollow noopener\" title=\"https:\/\/profesional.elpais.com\/soluciones-sindicacion?utm_medium=interno&amp;utm_source=crosslinking&amp;utm_campaign=sindicacion_as_pie_articulos\">aqu\u00ed<\/a><\/p>\n<p><script async src=\"https:\/\/platform.twitter.com\/widgets.js\" charset=\"utf-8\"><\/script><\/p>\n","protected":false},"excerpt":{"rendered":"Jos\u00e9 El\u00edas Navarro, empresario y accionista \u00fanico de la cadena de congelados La Sirena, es uno de los&hellip;\n","protected":false},"author":2,"featured_media":245433,"comment_status":"","ping_status":"","sticky":false,"template":"","format":"standard","meta":{"footnotes":""},"categories":[80],"tags":[82,95,94,25,24,23],"class_list":{"0":"post-245432","1":"post","2":"type-post","3":"status-publish","4":"format-standard","5":"has-post-thumbnail","7":"category-economia","8":"tag-business","9":"tag-economia","10":"tag-economy","11":"tag-es","12":"tag-espana","13":"tag-spain"},"share_on_mastodon":{"url":"https:\/\/pubeurope.com\/@es\/115579108266099855","error":""},"_links":{"self":[{"href":"https:\/\/www.europesays.com\/es\/wp-json\/wp\/v2\/posts\/245432","targetHints":{"allow":["GET"]}}],"collection":[{"href":"https:\/\/www.europesays.com\/es\/wp-json\/wp\/v2\/posts"}],"about":[{"href":"https:\/\/www.europesays.com\/es\/wp-json\/wp\/v2\/types\/post"}],"author":[{"embeddable":true,"href":"https:\/\/www.europesays.com\/es\/wp-json\/wp\/v2\/users\/2"}],"replies":[{"embeddable":true,"href":"https:\/\/www.europesays.com\/es\/wp-json\/wp\/v2\/comments?post=245432"}],"version-history":[{"count":0,"href":"https:\/\/www.europesays.com\/es\/wp-json\/wp\/v2\/posts\/245432\/revisions"}],"wp:featuredmedia":[{"embeddable":true,"href":"https:\/\/www.europesays.com\/es\/wp-json\/wp\/v2\/media\/245433"}],"wp:attachment":[{"href":"https:\/\/www.europesays.com\/es\/wp-json\/wp\/v2\/media?parent=245432"}],"wp:term":[{"taxonomy":"category","embeddable":true,"href":"https:\/\/www.europesays.com\/es\/wp-json\/wp\/v2\/categories?post=245432"},{"taxonomy":"post_tag","embeddable":true,"href":"https:\/\/www.europesays.com\/es\/wp-json\/wp\/v2\/tags?post=245432"}],"curies":[{"name":"wp","href":"https:\/\/api.w.org\/{rel}","templated":true}]}}