{"id":245434,"date":"2025-11-20T00:06:07","date_gmt":"2025-11-20T00:06:07","guid":{"rendered":"https:\/\/www.europesays.com\/es\/245434\/"},"modified":"2025-11-20T00:06:07","modified_gmt":"2025-11-20T00:06:07","slug":"necesitamos-tribunales-internacionales-para-hacer-realidad-la-justicia-climatica","status":"publish","type":"post","link":"https:\/\/www.europesays.com\/es\/245434\/","title":{"rendered":"necesitamos tribunales internacionales para hacer realidad la justicia clim\u00e1tica"},"content":{"rendered":"<p>La <a href=\"https:\/\/www.un.org\/es\/climatechange\/cop30\" rel=\"nofollow noopener\" target=\"_blank\">COP30<\/a>, que se desarrolla en Bel\u00e9m do Par\u00e1 (Brasil) entre el 6 y el 21 de noviembre de 2025, representa un momento crucial para redefinir el rol de los Estados y organizaciones protagonistas en la arquitectura ambiental global. En medio de un escenario de negociaciones a\u00fan en desarrollo, esta edici\u00f3n no solo <a href=\"https:\/\/www.newtral.es\/cop30-claves-acuerdo-de-paris-diez-anos-despues\/20251109\/\" rel=\"nofollow noopener\" target=\"_blank\">revisa los compromisos del Acuerdo de Par\u00eds<\/a>, sino que abre espacio para propuestas estructurales que vinculen justicia ambiental, equidad intergeneracional y gobernanza efectiva.<\/p>\n<p>Los derechos de la naturaleza<\/p>\n<p>Este es el tiempo de retar los modelos dominantes de gobernanza clim\u00e1tica. Una v\u00eda es la adaptaci\u00f3n de la normativa internacional mediante criterios de equidad. Para ello, hay que utilizar la funci\u00f3n creadora y correctora de los tribunales frente a los vac\u00edos normativos y la inacci\u00f3n estatal ante la crisis clim\u00e1tica. <\/p>\n<p>Es lo que he calificado como <a href=\"https:\/\/doi.org\/10.62876\/lr.vi48.7707\" rel=\"nofollow noopener\" target=\"_blank\">pretorianismo ambiental<\/a>, que se traduce en utilizar a la jurisprudencia como fuente transformadora del derecho. Esto garantiza una ecolog\u00eda integral mediante principios generales y mecanismos judiciales innovadores. No solo se trata de la protecci\u00f3n de la naturaleza como objeto, sino en reconocerla como sujeto de derechos y definir este par\u00e1metro como principio de dignidad ecol\u00f3gica.<\/p>\n<p>Arquitectura institucional para la justicia clim\u00e1tica<\/p>\n<p>El reto es combinar mecanismos jurisdiccionales y financieros con base regional y alcance global. Esta arquitectura parte de una premisa \u00e9tica: frente a la magnitud del da\u00f1o ambiental y su efecto diferido sobre generaciones futuras, es necesario repensar los fundamentos de la responsabilidad en contextos transnacionales. <\/p>\n<p>La justicia ambiental no se reduce al reconocimiento de derechos, sino que exige la creaci\u00f3n de estructuras institucionales que permitan su ejercicio y reparaci\u00f3n efectiva. Considero que explorar esta posibilidad deber\u00eda ser uno de los <a href=\"https:\/\/esg.expansion.mx\/medio-ambiente\/2025\/11\/07\/cop30-brasil-fechas-agenda-y-simbolismo\" rel=\"nofollow noopener\" target=\"_blank\">objetivos b\u00e1sicos<\/a> de la COP30. Y hacerlo desde una dimensi\u00f3n indemnizatoria, dirigida a la reparaci\u00f3n econ\u00f3mica y moral por los da\u00f1os derivados del incumplimiento de deberes ambientales.<\/p>\n<p>Pero hay que incorporar dos dimensiones complementarias. Por un lado, la precautelar, dirigida a dise\u00f1ar y ejecutar medidas eficaces para prevenir o contener pr\u00e1cticas con riesgo razonable de da\u00f1o ambiental, incluyendo omisiones estatales. Por otro, la redistributiva, en funci\u00f3n de la asignaci\u00f3n equitativa de cargas seg\u00fan la responsabilidad hist\u00f3rica y la capacidad econ\u00f3mica de los actores involucrados. Este \u00faltimo aspecto implica corregir desigualdades estructurales que se evidencian, tanto en la responsabilidad acumulada como en la capacidad actual de los Estados y actores econ\u00f3micos.<\/p>\n<p>Fondo Internacional de Reparaci\u00f3n Ambiental, \u00bfun sue\u00f1o realizable?<\/p>\n<p>No se trata solo de definir montos a la reparaci\u00f3n del da\u00f1o, sino de ponderar formulas de <a href=\"https:\/\/www.un.org\/es\/desa\/buen-gobierno-desarrollo-sostenible\" rel=\"nofollow noopener\" target=\"_blank\">buen gobierno internacional<\/a> para la administraci\u00f3n de esos fondos. Estos se constituir\u00edan principalmente por medio de aportes de los pa\u00edses hist\u00f3ricamente m\u00e1s contaminantes. Su cuant\u00eda estar\u00eda en funci\u00f3n de indicadores como emisiones acumuladas, huella de carbono y modelos de producci\u00f3n. La participaci\u00f3n proporcional de pa\u00edses en desarrollo podr\u00eda ajustarse por par\u00e1metros objetivos como el Producto Interior Bruto (PIB), el \u00edndice de vulnerabilidad clim\u00e1tica y el impacto local del da\u00f1o ambiental. <\/p>\n<p>Este fondo internacional estar\u00eda vinculado a las decisiones reparatorias dictadas por tribunales ambientales internacionales. A trav\u00e9s de \u00e9l se financiar\u00edan medidas de saneamiento ecol\u00f3gico, educaci\u00f3n ambiental y acceso a la justicia. <\/p>\n<p>La prueba de su viabilidad est\u00e1 en experiencias previas, como los <a href=\"https:\/\/iopcfunds.org\/es\/\" rel=\"nofollow noopener\" target=\"_blank\">fondos internacionales de indemnizaci\u00f3n por da\u00f1os debidos a la contaminaci\u00f3n por hidrocarburos<\/a>. Este precedente demuestra la posibilidad de crear instrumentos multilaterales con r\u00e9gimen propio, ejecutables por \u00f3rganos especializados y con capacidad de responder a da\u00f1os ecol\u00f3gicos transfronterizos. <\/p>\n<p>Se tratar\u00eda de un modelo de gobernanza horizontal y plural, alejado de esquemas de voto ponderado por contribuci\u00f3n como los del FMI o el Banco Mundial. Los \u00f3rganos de direcci\u00f3n podr\u00edan estar integrados por Estados, comunidades aut\u00f3ctonas, organizaciones cient\u00edficas independientes y representantes de comunidades clim\u00e1ticamente vulnerables.<\/p>\n<p>El \u201cpretorio\u201d ambiental<\/p>\n<p>El concepto pretorio viene del <a href=\"http:\/\/www.enciclopedia-juridica.com\/d\/derecho-pretoriano\/derecho-pretoriano.htm\" rel=\"nofollow noopener\" target=\"_blank\">jus praetorium<\/a> latino. Este era el derecho creado por el pretor romano a trav\u00e9s de sus edictos. Hoy lo quiero utilizar en relaci\u00f3n con la creaci\u00f3n normativa ambiental bajo una din\u00e1mica distinta, en constante transformaci\u00f3n por la manufactura judicial.<\/p>\n<p>El paso inmediato para crear este \u201cpretorio\u201d ambiental ser\u00eda la implantaci\u00f3n de tribunales internacionales para la protecci\u00f3n de los bienes comunes globales. Tendr\u00edan competencia para resolver disputas interestatales y conocer denuncias de actores no estatales (organizaciones ind\u00edgenas, comunidades afectadas u ONGs) relacionadas con el incumplimiento de obligaciones clim\u00e1ticas. Esta jurisdicci\u00f3n debe referir la ejecuci\u00f3n de sus decisiones vinculantes al Fondo Ambiental Regional, garantizando que las medidas no resulten ilusorias por falta de recursos o voluntad pol\u00edtica.<\/p>\n<p>La ejecuci\u00f3n efectiva de las sentencias ambientales requiere que el fondo est\u00e9 regulado por un tratado internacional especial que le otorgue personalidad jur\u00eddica propia. Este recurso monetario servir\u00eda para ofrecer soporte econ\u00f3mico a las condenas por da\u00f1o ambiental, as\u00ed como para financiar acciones de mitigaci\u00f3n, adaptaci\u00f3n y restauraci\u00f3n ecol\u00f3gica. <\/p>\n<p>En caso de sentencia firme, el fondo estar\u00eda obligado a liberar los recursos asignados sin autorizaci\u00f3n ulterior, garantizando as\u00ed que las decisiones judiciales tengan impacto material inmediato.<\/p>\n<p>En el contexto de la COP30, estas propuestas adquieren relevancia frente a los debates sobre financiamiento clim\u00e1tico, mercados de carbono y mecanismos de compensaci\u00f3n. <\/p>\n<p>La agenda oficial incluye discusiones sobre la implementaci\u00f3n del art\u00edculo 6 del Acuerdo de Par\u00eds, la protecci\u00f3n de los bosques tropicales y la participaci\u00f3n de comunidades locales en la gobernanza clim\u00e1tica. Sin embargo, persisten tensiones entre los enfoques tecnocr\u00e1ticos y las demandas de justicia estructural.<\/p>\n<p>Una \u00e9tica ambiental para la esperanza<\/p>\n<p>La propuesta del pretorio ambiental no pretende sustituir los mecanismos existentes, sino complementarlos con una visi\u00f3n \u00e9tica, jur\u00eddica y operativa que permita enfrentar los desaf\u00edos del cambio clim\u00e1tico con herramientas institucionales robustas.<\/p>\n<p>Estamos en una nueva encrucijada planetaria y pareciera que la humanidad aparta su mirada hacia otras aspiraciones. Se aleja de esa naturaleza revelada como testimonio silencioso del misterio creador. Defender sus derechos implica el ejercicio de una custodia de la casa com\u00fan. Ese santuario compartido donde la vida se manifiesta y donde todo ser \u2014por humilde que parezca\u2014 tiene algo que decir de su origen. Reconocerlo in extremis no es solo un acto de justicia, sino de escucha profunda.<\/p>\n","protected":false},"excerpt":{"rendered":"La COP30, que se desarrolla en Bel\u00e9m do Par\u00e1 (Brasil) entre el 6 y el 21 de noviembre&hellip;\n","protected":false},"author":2,"featured_media":245435,"comment_status":"","ping_status":"","sticky":false,"template":"","format":"standard","meta":{"footnotes":""},"categories":[42],"tags":[17,18,13,14,11,61,62,63,64,19,20,9,10,15,16,12,21,22,65,66,67],"class_list":{"0":"post-245434","1":"post","2":"type-post","3":"status-publish","4":"format-standard","5":"has-post-thumbnail","7":"category-internacional","8":"tag-breaking-news","9":"tag-breakingnews","10":"tag-featured-news","11":"tag-featurednews","12":"tag-headlines","13":"tag-internacional","14":"tag-international","15":"tag-international-news","16":"tag-internationalnews","17":"tag-latest-news","18":"tag-latestnews","19":"tag-news","20":"tag-noticias","21":"tag-noticias-destacadas","22":"tag-noticiasdestacadas","23":"tag-titulares","24":"tag-ultimas-noticias","25":"tag-ultimasnoticias","26":"tag-world","27":"tag-world-news","28":"tag-worldnews"},"share_on_mastodon":{"url":"https:\/\/pubeurope.com\/@es\/115579111608639164","error":""},"_links":{"self":[{"href":"https:\/\/www.europesays.com\/es\/wp-json\/wp\/v2\/posts\/245434","targetHints":{"allow":["GET"]}}],"collection":[{"href":"https:\/\/www.europesays.com\/es\/wp-json\/wp\/v2\/posts"}],"about":[{"href":"https:\/\/www.europesays.com\/es\/wp-json\/wp\/v2\/types\/post"}],"author":[{"embeddable":true,"href":"https:\/\/www.europesays.com\/es\/wp-json\/wp\/v2\/users\/2"}],"replies":[{"embeddable":true,"href":"https:\/\/www.europesays.com\/es\/wp-json\/wp\/v2\/comments?post=245434"}],"version-history":[{"count":0,"href":"https:\/\/www.europesays.com\/es\/wp-json\/wp\/v2\/posts\/245434\/revisions"}],"wp:featuredmedia":[{"embeddable":true,"href":"https:\/\/www.europesays.com\/es\/wp-json\/wp\/v2\/media\/245435"}],"wp:attachment":[{"href":"https:\/\/www.europesays.com\/es\/wp-json\/wp\/v2\/media?parent=245434"}],"wp:term":[{"taxonomy":"category","embeddable":true,"href":"https:\/\/www.europesays.com\/es\/wp-json\/wp\/v2\/categories?post=245434"},{"taxonomy":"post_tag","embeddable":true,"href":"https:\/\/www.europesays.com\/es\/wp-json\/wp\/v2\/tags?post=245434"}],"curies":[{"name":"wp","href":"https:\/\/api.w.org\/{rel}","templated":true}]}}