{"id":245439,"date":"2025-11-20T00:13:15","date_gmt":"2025-11-20T00:13:15","guid":{"rendered":"https:\/\/www.europesays.com\/es\/245439\/"},"modified":"2025-11-20T00:13:15","modified_gmt":"2025-11-20T00:13:15","slug":"salisbury-durante-el-ultimo-ano-me-ha-hecho-mentalmente-mas-fuerte-que-antes","status":"publish","type":"post","link":"https:\/\/www.europesays.com\/es\/245439\/","title":{"rendered":"Salisbury: \u00abDurante el \u00faltimo a\u00f1o me ha hecho mentalmente m\u00e1s fuerte que antes\u00bb"},"content":{"rendered":"<p class=\"quota-display text-align-center\">\n        <a href=\"https:\/\/www.puntodebreak.com\/MDBA-B3-PDB-QUOTA-25\" rel=\"sponsored nofollow noopener\" title=\"Apuesta en bet365\" target=\"_blank\"><\/p>\n<p>            <img decoding=\"async\" alt=\"Bet365\" class=\"bet-logo lazyload\" loading=\"lazy\" src=\"https:\/\/www.europesays.com\/es\/wp-content\/uploads\/2025\/11\/1763064671_246_b365.jpg\"\/>Streaming UTR Pro Newport Beach en directo<\/p>\n<p> \ud83c\udfbe Carson Baker vs Maciej Rajski<\/p>\n<ol class=\"stream-card__steps\">\n<li>Entra aqu\u00ed y reg\u00edstrate en Bet365<\/li>\n<li>Haz tu primer dep\u00f3sito de m\u00ednimo 5\u00a0\u20ac<\/li>\n<li>Entra en la secci\u00f3n \u00abDirecto\u00bb y ve todos los partidos<\/li>\n<\/ol>\n<p>\n                                Ver partido en Bet365\n                            <\/p>\n<p>        <\/a>\n      <\/p>\n<p class=\"text-align-justify\">La salud mental viene siendo un tema al que cada vez se le suma m\u00e1s importancia en el mundo del deporte, y especialmente en el del tenis. En este caso, <a href=\"https:\/\/www.puntodebreak.com\/tenis\/joe-salisbury\" rel=\"nofollow noopener\" target=\"_blank\"><strong>Joe Salisbury<\/strong><\/a>, n\u00famero 10 en la categor\u00eda de dobles, se ha visto obligado a tomarse una pausa en su actividad profesional debido a problemas relacionados con la salud mental.<\/p>\n<p class=\"text-align-justify\">El jugador brit\u00e1nico de 33 a\u00f1os lo anunci\u00f3 justo despu\u00e9s de llegar a la final de las ATP Finals 2025 (en la categor\u00eda de dobles), y habl\u00f3 de forma honesta sobre c\u00f3mo le afectan esos problemas a su vida diaria.<\/p>\n<p class=\"text-align-justify\">\u00abHe tenido palpitaciones, una sensaci\u00f3n de que el coraz\u00f3n me late por todo el cuerpo.\u00a0Sientes como si tu cuerpo temblara un poco, como si todo tu cuerpo vibrara ligeramente\u00bb, confes\u00f3 Joe Salisbury en una entrevista con <a href=\"https:\/\/www.bbc.com\/sport\/tennis\/articles\/ce9dk3pg0rxo\" rel=\"nofollow noopener\" target=\"_blank\">BBC<\/a>.\u00a0Ha sido dif\u00edcil de sobrellevar a veces y me ha quitado las ganas de jugar y competir en algunos momentos del a\u00f1o\u00bb.<\/p>\n<p><strong>\u00bfC\u00f3mo le afecta la ansiedad a su carrera?<\/strong><\/p>\n<p class=\"text-align-justify\">\u00abDefinitivamente se siente mucho en el est\u00f3mago, te sientes mal. Me cuesta dormir y, por esa sensaci\u00f3n, tambi\u00e9n me cuesta comer bien, comer lo suficiente.\u00a0Es casi como una sensaci\u00f3n de pavor, como si algo malo fuera a pasar.\u00a0No dir\u00eda que afect\u00f3 mucho a mi tenis.\u00a0Hemos jugado bien, especialmente en los \u00faltimos seis meses. Siento que lo he manejado bien y he logrado estar en un buen estado en la cancha para rendir bien en la mayor\u00eda de los partidos que he jugado.<\/p>\n<p class=\"text-align-justify\">Me ha supuesto un desgaste emocional y mental adicional. Ha significado que no he disfrutado de muchos de los torneos en los que he participado.\u00a0No he hablado con mucha gente sobre las dificultades que he tenido, principalmente con mi equipo, amigos y familiares, as\u00ed que no con mucha gente del mundo del tenis\u00bb.<\/p>\n<p><strong>El tenis y la salud mental<\/strong><\/p>\n<p class=\"text-align-justify\">\u00abMucha gente no quiere compartir demasiado porque no quiere que los dem\u00e1s lo sepan, sobre todo cuando tienes que competir contra ellos. Para ser sincero, no me importa que la gente lo sepa. Estoy segura de que es algo con lo que mucha gente tiene que lidiar y no creo que me afecte, al contrario, durante el \u00faltimo a\u00f1o me ha hecho mentalmente m\u00e1s fuerte que antes\u00bb.<\/p>\n<p class=\"text-align-justify\"><img decoding=\"async\" alt=\"Joe Salisbury\" data-entity-type=\"file\" data-entity-uuid=\"ecf3bc5f-c38c-4fcc-b3e8-7ae72522dfeb\" width=\"612\" height=\"408\" loading=\"lazy\" class=\"lazyload\" src=\"https:\/\/www.europesays.com\/es\/wp-content\/uploads\/2025\/11\/joe-salisbury.jpeg\"\/><\/p>\n","protected":false},"excerpt":{"rendered":"Streaming UTR Pro Newport Beach en directo \ud83c\udfbe Carson Baker vs Maciej Rajski Entra aqu\u00ed y reg\u00edstrate en&hellip;\n","protected":false},"author":2,"featured_media":245440,"comment_status":"","ping_status":"","sticky":false,"template":"","format":"standard","meta":{"footnotes":""},"categories":[274],"tags":[168,25,24,23,167,327,326],"class_list":{"0":"post-245439","1":"post","2":"type-post","3":"status-publish","4":"format-standard","5":"has-post-thumbnail","7":"category-tenis","8":"tag-deportes","9":"tag-es","10":"tag-espana","11":"tag-spain","12":"tag-sports","13":"tag-tenis","14":"tag-tennis"},"share_on_mastodon":{"url":"https:\/\/pubeurope.com\/@es\/115579139760681029","error":""},"_links":{"self":[{"href":"https:\/\/www.europesays.com\/es\/wp-json\/wp\/v2\/posts\/245439","targetHints":{"allow":["GET"]}}],"collection":[{"href":"https:\/\/www.europesays.com\/es\/wp-json\/wp\/v2\/posts"}],"about":[{"href":"https:\/\/www.europesays.com\/es\/wp-json\/wp\/v2\/types\/post"}],"author":[{"embeddable":true,"href":"https:\/\/www.europesays.com\/es\/wp-json\/wp\/v2\/users\/2"}],"replies":[{"embeddable":true,"href":"https:\/\/www.europesays.com\/es\/wp-json\/wp\/v2\/comments?post=245439"}],"version-history":[{"count":0,"href":"https:\/\/www.europesays.com\/es\/wp-json\/wp\/v2\/posts\/245439\/revisions"}],"wp:featuredmedia":[{"embeddable":true,"href":"https:\/\/www.europesays.com\/es\/wp-json\/wp\/v2\/media\/245440"}],"wp:attachment":[{"href":"https:\/\/www.europesays.com\/es\/wp-json\/wp\/v2\/media?parent=245439"}],"wp:term":[{"taxonomy":"category","embeddable":true,"href":"https:\/\/www.europesays.com\/es\/wp-json\/wp\/v2\/categories?post=245439"},{"taxonomy":"post_tag","embeddable":true,"href":"https:\/\/www.europesays.com\/es\/wp-json\/wp\/v2\/tags?post=245439"}],"curies":[{"name":"wp","href":"https:\/\/api.w.org\/{rel}","templated":true}]}}