{"id":245443,"date":"2025-11-20T00:17:16","date_gmt":"2025-11-20T00:17:16","guid":{"rendered":"https:\/\/www.europesays.com\/es\/245443\/"},"modified":"2025-11-20T00:17:16","modified_gmt":"2025-11-20T00:17:16","slug":"jordi-roura-y-el-primer-dia-de-lamine-yamal-en-el-barcelona-cuando-lo-fichamos-caminaba-un-poco-raro-con-las-piernas-un-poco-torcidas","status":"publish","type":"post","link":"https:\/\/www.europesays.com\/es\/245443\/","title":{"rendered":"Jordi Roura y el primer d\u00eda de Lamine Yamal en el Barcelona: \u00abCuando lo fichamos caminaba un poco raro, con las piernas un poco torcidas\u00bb"},"content":{"rendered":"<p>El ext\u00e9cnico azulgrana explic\u00f3 c\u00f3mo descubri\u00f3 al joven extremo cuando jugaba en La Torreta y record\u00f3 detalles de aquel primer encuentro, incluida la peculiar forma de caminar que ten\u00eda entonces. El Barcelona aceler\u00f3 su fichaje antes de que el club de La Roca del Vall\u00e8s iniciara su colaboraci\u00f3n con el Espanyol<\/p>\n<p class=\"parrafo\">El camino de <strong>Lamine Yamal hacia el Barcelona tuvo un punto de inflexi\u00f3n marcado por la figura de Jordi Roura.<\/strong> El exentrenador azulgrana fue quien detect\u00f3 al futbolista cuando a\u00fan pertenec\u00eda a La Torreta, un club de la Roca del Vall\u00e8s, y lo acerc\u00f3 a la estructura formativa del Bar\u00e7a. En una entrevista en El Planter de Radio Igualada, <strong>Roura record\u00f3 c\u00f3mo llam\u00f3 su atenci\u00f3n un ni\u00f1o que se comportaba de forma distinta al resto durante los partidos.<\/strong><\/p>\n<p><a class=\"elementos-rel-t2\" href=\"https:\/\/www.estadiodeportivo.com\/futbol\/barcelona\/barcelona-sigue-cerca-situacion-grimaldo-mientras-bayern-tantea-20251119-520909.html\" title=\"El Barcelona sigue de cerca la situaci\u00f3n de Grimaldo mientras el Bayern lo tantea\" rel=\"nofollow noopener\" target=\"_blank\">El Barcelona sigue de cerca la situaci\u00f3n de Grimaldo mientras el Bayern lo tantea<img decoding=\"async\" src=\"https:\/\/www.europesays.com\/es\/wp-content\/uploads\/2025\/11\/06104652-7bc9-48eb-ae00-7f21068a829c_320x180.jpeg\" alt=\"El Barcelona sigue de cerca la situaci\u00f3n de Grimaldo mientras el Bayern lo tantea\"\/><\/a><a class=\"elementos-rel-t2\" href=\"https:\/\/www.estadiodeportivo.com\/futbol\/barcelona\/ter-stegen-tiene-una-oferta-para-salir-enero-barcelona-abre-puerta-20251119-520885.html\" title=\"Ter Stegen tiene una oferta para salir en enero y el Barcelona le abre la puerta\" rel=\"nofollow noopener\" target=\"_blank\">Ter Stegen tiene una oferta para salir en enero y el Barcelona le abre la puerta<img decoding=\"async\" src=\"https:\/\/www.europesays.com\/es\/wp-content\/uploads\/2025\/11\/43855f2e-2052-40aa-a40b-1921a87b8678_320x180.jpeg\" alt=\"Ter Stegen tiene una oferta para salir en enero y el Barcelona le abre la puerta\"\/><\/a><a class=\"elementos-rel-t2\" href=\"https:\/\/www.estadiodeportivo.com\/futbol\/barcelona\/sneijder-exfutbolista-lamine-barcelona-nuevo-messi-20251119-520852.html\" title=\"Sneijder, exfutbolista: &quot;Lamine en el Barcelona es el nuevo Messi&quot;\" rel=\"nofollow noopener\" target=\"_blank\">Sneijder, exfutbolista: \u00abLamine en el Barcelona es el nuevo Messi\u00bb<img decoding=\"async\" src=\"https:\/\/www.europesays.com\/es\/wp-content\/uploads\/2025\/11\/f4b32eea-beed-463a-a3d3-b3bc119862fd_320x180.jpeg\" alt=\"Sneijder, exfutbolista: &quot;Lamine en el Barcelona es el nuevo Messi&quot;\"\/><\/a><\/p>\n<p class=\"parrafo\"><strong>\u00abLos hay que tienen algo especial. Lamine Yamal, cuando era peque\u00f1o todos iban tras el bal\u00f3n y \u00e9l no&#8230;\u00bb,<\/strong> evoc\u00f3. Aquella actitud, que le hac\u00eda preguntarse \u00ab\u00bfcojones, este no va?\u00bb, contrastaba con lo que suced\u00eda cuando el bal\u00f3n llegaba a sus pies. \u00abCabr\u00f3n, algo entend\u00eda\u00bb, a\u00f1adi\u00f3, <strong>al explicar que sol\u00eda resolver sus acciones con gol. Sus palabras describen un perfil precoz que destacaba por la lectura del juego<\/strong> y la eficacia, incluso en edades muy tempranas.<\/p>\n<p><img decoding=\"async\" src=\"https:\/\/www.europesays.com\/es\/wp-content\/uploads\/2025\/11\/08eff5ed-7ff6-4efa-a67b-56eae428936a_800x450.jpeg\" loading=\"lazy\"\/><\/p>\n<p class=\"parrafo\">Roura aport\u00f3 adem\u00e1s un detalle f\u00edsico que le llam\u00f3 la atenci\u00f3n en aquel primer encuentro con el extremo. <strong>\u00abCuando lo fichamos caminaba un poco raro, con las piernas un poco torcidas\u00bb,<\/strong> desvel\u00f3. Esa primera impresi\u00f3n convivi\u00f3 con la certeza de estar ante un jugador que marcaba diferencias en su categor\u00eda.<\/p>\n<p>Una prueba decisiva acelerada por el Barcelona<\/p>\n<p class=\"parrafo\">El fichaje de Lamine Yamal por el Barcelona se concret\u00f3 tras una prueba realizada en 2015. <strong>El club azulgrana envi\u00f3 un correo para adelantar ese test antes de que La Torreta iniciara su vinculaci\u00f3n formal con el Espanyol.<\/strong> Ese acuerdo, de haberse cerrado antes, podr\u00eda haber conducido al joven jugador hacia el conjunto blanquiazul. La situaci\u00f3n llev\u00f3 al Barcelona a actuar con rapidez para no perder la oportunidad de incorporar a uno de los talentos emergentes de la zona.<\/p>\n<p><img decoding=\"async\" src=\"https:\/\/www.europesays.com\/es\/wp-content\/uploads\/2025\/11\/9e9521b0-ced1-4ccc-a388-565d5076ec82_800x450.jpeg\" loading=\"lazy\"\/><\/p>\n<p class=\"parrafo\">El medio Jijantes public\u00f3 el correo que en su momento envi\u00f3 \u00d3scar Hern\u00e1ndez, coordinador de prebenjamines del club azulgrana. En \u00e9l <strong>se solicitaba acelerar la llegada del futbolista a la Ciudad Deportiva para completar la prueba antes de que se formalizara la colaboraci\u00f3n<\/strong> entre La Torreta y el Espanyol. Ese paso result\u00f3 clave para que el joven extremo ingresara en la Mas\u00eda.<\/p>\n<p>La visi\u00f3n t\u00e9cnica que confirm\u00f3 el potencial de Lamine Yamal<\/p>\n<p class=\"parrafo\">\u00d3scar Hern\u00e1ndez profundiz\u00f3 en c\u00f3mo se tom\u00f3 la decisi\u00f3n. Explic\u00f3 que sab\u00edan que deb\u00edan actuar con celeridad: <strong>\u00abNos damos cuenta que tenemos que correr al estar cerca La Torreta de llegar a un acuerdo de colaboraci\u00f3n con el Espanyol. <\/strong>Ten\u00edamos que agilizar el tema\u00bb, afirm\u00f3. De acuerdo con su relato, no hizo falta demasiado tiempo para comprobar que el jugador ten\u00eda cualidades diferenciales.<\/p>\n<p><img decoding=\"async\" src=\"https:\/\/www.europesays.com\/es\/wp-content\/uploads\/2025\/11\/000870b5-e115-4d36-bb30-4e8db0e33e76_800x450.jpeg\" loading=\"lazy\"\/><\/p>\n<p class=\"parrafo\"><strong>\u00abLlega a hacer la prueba al campo 7 de la Ciudad Deportiva y voy a ver su \u00faltimo partido. A los cinco minutos ya ve\u00edas que era un jugador que deb\u00eda fichar por el Bar\u00e7a\u00bb,<\/strong> record\u00f3. Estas palabras describen la impresi\u00f3n inmediata que caus\u00f3 el joven en su test y la claridad con la que el cuerpo t\u00e9cnico entendi\u00f3 que deb\u00eda incorporarse a la estructura formativa cul\u00e9.<\/p>\n<p class=\"parrafo\">Roura, Hern\u00e1ndez y el propio Barcelona coincidieron entonces en la necesidad de incorporar a un futbolista que destacaba de manera evidente en categor\u00edas inferiores. Ese proceso <strong>marc\u00f3 el inicio de un recorrido que hoy sit\u00faa a Lamine Yamal como una de las grandes esperanzas del club<\/strong> de cara a <a href=\"https:\/\/www.estadiodeportivo.com\/futbol\/barcelona\/barcelona-recibe-vuelve-por-fin-spotify-camp-nou-ante-athletic-20251117-520648.html\" target=\"_blank\" class=\"intext-link\" rel=\"nofollow noopener\">su regreso al Spotify Camp Nou,<\/a> donde el jugador desea volver a demostrar su calidad tras los recientes problemas en el pubis.<\/p>\n","protected":false},"excerpt":{"rendered":"El ext\u00e9cnico azulgrana explic\u00f3 c\u00f3mo descubri\u00f3 al joven extremo cuando jugaba en La Torreta y record\u00f3 detalles de&hellip;\n","protected":false},"author":2,"featured_media":245444,"comment_status":"","ping_status":"","sticky":false,"template":"","format":"standard","meta":{"footnotes":""},"categories":[268],"tags":[168,25,24,284,10116,280,282,8138,11783,281,23,167],"class_list":{"0":"post-245443","1":"post","2":"type-post","3":"status-publish","4":"format-standard","5":"has-post-thumbnail","7":"category-futbol","8":"tag-deportes","9":"tag-es","10":"tag-espana","11":"tag-estadio-deportivo","12":"tag-f-c-barcelona","13":"tag-football","14":"tag-futbol","15":"tag-lamine-yamal","16":"tag-rcd-espanyol","17":"tag-soccer","18":"tag-spain","19":"tag-sports"},"share_on_mastodon":{"url":"https:\/\/pubeurope.com\/@es\/115579155659537234","error":""},"_links":{"self":[{"href":"https:\/\/www.europesays.com\/es\/wp-json\/wp\/v2\/posts\/245443","targetHints":{"allow":["GET"]}}],"collection":[{"href":"https:\/\/www.europesays.com\/es\/wp-json\/wp\/v2\/posts"}],"about":[{"href":"https:\/\/www.europesays.com\/es\/wp-json\/wp\/v2\/types\/post"}],"author":[{"embeddable":true,"href":"https:\/\/www.europesays.com\/es\/wp-json\/wp\/v2\/users\/2"}],"replies":[{"embeddable":true,"href":"https:\/\/www.europesays.com\/es\/wp-json\/wp\/v2\/comments?post=245443"}],"version-history":[{"count":0,"href":"https:\/\/www.europesays.com\/es\/wp-json\/wp\/v2\/posts\/245443\/revisions"}],"wp:featuredmedia":[{"embeddable":true,"href":"https:\/\/www.europesays.com\/es\/wp-json\/wp\/v2\/media\/245444"}],"wp:attachment":[{"href":"https:\/\/www.europesays.com\/es\/wp-json\/wp\/v2\/media?parent=245443"}],"wp:term":[{"taxonomy":"category","embeddable":true,"href":"https:\/\/www.europesays.com\/es\/wp-json\/wp\/v2\/categories?post=245443"},{"taxonomy":"post_tag","embeddable":true,"href":"https:\/\/www.europesays.com\/es\/wp-json\/wp\/v2\/tags?post=245443"}],"curies":[{"name":"wp","href":"https:\/\/api.w.org\/{rel}","templated":true}]}}