{"id":245445,"date":"2025-11-20T00:18:10","date_gmt":"2025-11-20T00:18:10","guid":{"rendered":"https:\/\/www.europesays.com\/es\/245445\/"},"modified":"2025-11-20T00:18:10","modified_gmt":"2025-11-20T00:18:10","slug":"vestido-de-dior-y-recogido-con-lazo","status":"publish","type":"post","link":"https:\/\/www.europesays.com\/es\/245445\/","title":{"rendered":"vestido de Dior y recogido con lazo"},"content":{"rendered":"<p data-journey-content=\"true\" data-node-id=\"0\" class=\"body-dropcap css-1vn2egp emevuu60\">Apenas un mes y medio despu\u00e9s de dar la bienvenida a su tercer hijo junto a Pierre Casiraghi, <strong data-node-id=\"0.1\">Beatrice Borromeo<\/strong> ha reaparecido p\u00fablicamente para formar parte del <strong data-node-id=\"0.3\"><a href=\"https:\/\/www.harpersbazaar.com\/es\/famosas\/el-estilo-de\/a69483875\/charlene-de-monaco-blanco-traje-tocado-red-dia-nacional-monaco\/\" target=\"_blank\" data-vars-ga-outbound-link=\"https:\/\/www.harpersbazaar.com\/es\/famosas\/el-estilo-de\/a69483875\/charlene-de-monaco-blanco-traje-tocado-red-dia-nacional-monaco\/\" data-vars-ga-ux-element=\"Hyperlink\" data-vars-ga-call-to-action=\"D\u00eda Nacional de M\u00f3naco\" data-node-id=\"0.3.0\" class=\"body-link css-156jt4g emevuu60\" rel=\"nofollow noopener\">D\u00eda Nacional de M\u00f3naco<\/a><\/strong>, una fecha con gran relevancia dentro de la instituci\u00f3n monegasca donde volvi\u00f3 a hacer alarde de su impecable estilo, siempre ligado a la sobriedad y la elegancia.  <br data-node-id=\"0.5\"\/><\/p>\n<p data-journey-content=\"true\" data-node-id=\"1\" class=\"css-6wxqfj emevuu60\">M\u00e1s all\u00e1 de su belleza innata, con el paso del tiempo <a href=\"https:\/\/www.harpersbazaar.com\/es\/famosas\/el-estilo-de\/g37381006\/beatrice-borromeo-estilo-elegante-realeza-grace-kelly\/\" target=\"_blank\" data-vars-ga-outbound-link=\"https:\/\/www.harpersbazaar.com\/es\/famosas\/el-estilo-de\/g37381006\/beatrice-borromeo-estilo-elegante-realeza-grace-kelly\/\" data-vars-ga-ux-element=\"Hyperlink\" data-vars-ga-call-to-action=\"Beatrice Borromeo \" data-node-id=\"1.1\" data-mrf-link=\"https:\/\/www.harpersbazaar.com\/es\/famosas\/el-estilo-de\/g37381006\/beatrice-borromeo-estilo-elegante-realeza-grace-kelly\/\" class=\"body-link css-156jt4g emevuu60\" rel=\"nofollow noopener\">Beatrice Borromeo <\/a>ha sabido marcar la diferencia en la que posiblemente sea la familia m\u00e1s elegante del planeta, <strong data-node-id=\"1.3\">los Grimaldi.<\/strong> Y elecciones como la que ha defendido en la jornada festiva que celebra hoy el Principado de M\u00f3naco as\u00ed lo ratifican. Como embajadora de <strong data-node-id=\"1.5\">Dior <\/strong>desde hace a\u00f1os, al igual que su cu\u00f1ada, <a href=\"https:\/\/www.harpersbazaar.com\/es\/famosas\/el-estilo-de\/a69482775\/carlota-casiraghi-conjunto-chanel-amarillo-clueless-dia-monaco-2025\/\" target=\"_blank\" data-vars-ga-outbound-link=\"https:\/\/www.harpersbazaar.com\/es\/famosas\/el-estilo-de\/a69482775\/carlota-casiraghi-conjunto-chanel-amarillo-clueless-dia-monaco-2025\/\" data-vars-ga-ux-element=\"Hyperlink\" data-vars-ga-call-to-action=\"Carlota Casiraghi\" data-node-id=\"1.7\" class=\"body-link css-156jt4g emevuu60\" rel=\"nofollow noopener\">Carlota Casiraghi<\/a>, <strong data-node-id=\"1.9\">la nuera de Carolina de M\u00f3naco <\/strong>ha recurrido a un nuevo dise\u00f1o de la casa francesa, un <strong data-node-id=\"1.11\">vestido gris<\/strong> de corte midi y manga larga que combinaba cuerpo entallado que incorporaba cintur\u00f3n a juego y falda de vuelo para un resultado elegante y favorecedor al mismo tiempo. <\/p>\n<p><img draggable=\"true\" alt=\"monaco national day 2025\" title=\"Monaco National Day 2025\" loading=\"lazy\" width=\"4872\" height=\"3249\" decoding=\"async\" data-nimg=\"1\" style=\"color:transparent;width:100%;height:auto;\"   src=\"https:\/\/www.europesays.com\/es\/wp-content\/uploads\/2025\/11\/camille-gottlieb-marie-ducruet-louis-ducruet-princess-news-photo-1763572457.pjpeg\" class=\"css-0 e1g79fud0\"\/><\/p>\n<p>PLS Pool\/\/Getty Images<\/p>\n<p><img draggable=\"true\" alt=\"monaco national day 2025\" title=\"Monaco National Day 2025\" loading=\"lazy\" width=\"5000\" height=\"3333\" decoding=\"async\" data-nimg=\"1\" style=\"color:transparent;width:100%;height:auto;\"   src=\"https:\/\/www.europesays.com\/es\/wp-content\/uploads\/2025\/11\/beatrice-borromeo-francesco-carlo-albert-casiraghi-stefano-news-photo-1763572466.pjpeg\" class=\"css-0 e1g79fud0\"\/><\/p>\n<p>PLS Pool\/\/Getty Images<\/p>\n<p data-journey-content=\"true\" data-node-id=\"4\" class=\"css-6wxqfj emevuu60\">Unos zapatos negros de tac\u00f3n sensato y <strong data-node-id=\"4.1\">guantes de piel,<\/strong> ambos en color negro, completaban una<strong data-node-id=\"4.3\"> elecci\u00f3n cl\u00e1sica <\/strong>que manten\u00eda la sencillez y sofisticaci\u00f3n que despuntan habitualmente en los looks de <a href=\"https:\/\/www.harpersbazaar.com\/es\/famosas\/el-estilo-de\/a60591476\/dior-beatrice-borromeo-pierre-casiraghi-monaco-estilo-looks-elegancia-grace-kelly\/\" target=\"_blank\" data-vars-ga-outbound-link=\"https:\/\/www.harpersbazaar.com\/es\/famosas\/el-estilo-de\/a60591476\/dior-beatrice-borromeo-pierre-casiraghi-monaco-estilo-looks-elegancia-grace-kelly\/\" data-vars-ga-ux-element=\"Hyperlink\" data-vars-ga-call-to-action=\"la mujer de Pierre Casiraghi.\" data-node-id=\"4.5\" class=\"body-link css-156jt4g emevuu60\" rel=\"nofollow noopener\">la mujer de Pierre Casiraghi.<\/a><\/p>\n<p data-journey-content=\"true\" data-node-id=\"6\" class=\"css-6wxqfj emevuu60\">Para rematar la elecci\u00f3n, Beatrice Borromeo recog\u00eda su larga cabellera rubia en un elegante mo\u00f1o bajo que decoraba con un <strong data-node-id=\"6.1\">delicado lazo de terciopelo negro<\/strong>, un accesorio clave en los peinados m\u00e1s festivos que puede inspirar a las mujeres con estilo para el sinf\u00edn de eventos marcados en rojo en este mes de diciembre.<\/p>\n<p><img draggable=\"true\" alt=\"monaco national day 2025\" title=\"Monaco National Day 2025\" loading=\"lazy\" width=\"4000\" height=\"6000\" decoding=\"async\" data-nimg=\"1\" style=\"color:transparent;width:100%;height:auto;\"   src=\"https:\/\/www.europesays.com\/es\/wp-content\/uploads\/2025\/11\/beatrice-borromeo-attends-the-monaco-national-day-2025on-news-photo-1763572495.pjpeg\" class=\"css-0 e1g79fud0\"\/><\/p>\n<p>Stephane Cardinale &#8211; Corbis\/\/Getty Images<\/p>\n<p><img draggable=\"true\" alt=\"monaco national day 2025\" title=\"Monaco National Day 2025\" loading=\"lazy\" width=\"4000\" height=\"6000\" decoding=\"async\" data-nimg=\"1\" style=\"color:transparent;width:100%;height:auto;\"   src=\"https:\/\/www.europesays.com\/es\/wp-content\/uploads\/2025\/11\/pierre-casiraghi-maximilian-casiraghi-stefano-ercole-carlo-news-photo-1763572484.pjpeg\" class=\"css-0 e1g79fud0\"\/><\/p>\n<p>Stephane Cardinale &#8211; Corbis\/\/Getty Images<\/p>\n<p data-journey-content=\"true\" data-node-id=\"9\" class=\"css-6wxqfj emevuu60\">El pasado 4 de octubre, Pierre Casiraghi y Beatrice Borromeo dieron la bienvenida a <strong data-node-id=\"9.1\">Bianca Carolina Marta<\/strong>, un nombre muy especial que hace un claro homenaje a su abuela paterna, Carolina de M\u00f3naco, y a su bisabuela, Marta Marzotto. Una ni\u00f1a que se suma a los otros dos hijos en com\u00fan del matrimonio, Stefano y Francesco, de ocho y siete a\u00f1os respectivamente, y que les convierte en una familia numerosa.<br data-node-id=\"9.3\"\/><\/p>\n","protected":false},"excerpt":{"rendered":"Apenas un mes y medio despu\u00e9s de dar la bienvenida a su tercer hijo junto a Pierre Casiraghi,&hellip;\n","protected":false},"author":2,"featured_media":245446,"comment_status":"","ping_status":"","sticky":false,"template":"","format":"standard","meta":{"footnotes":""},"categories":[174],"tags":[255,253,146,147,25,24,256,23],"class_list":{"0":"post-245445","1":"post","2":"type-post","3":"status-publish","4":"format-standard","5":"has-post-thumbnail","7":"category-famosos","8":"tag-celebrities","9":"tag-discover","10":"tag-entertainment","11":"tag-entretenimiento","12":"tag-es","13":"tag-espana","14":"tag-famosos","15":"tag-spain"},"share_on_mastodon":{"url":"https:\/\/pubeurope.com\/@es\/115579159210397472","error":""},"_links":{"self":[{"href":"https:\/\/www.europesays.com\/es\/wp-json\/wp\/v2\/posts\/245445","targetHints":{"allow":["GET"]}}],"collection":[{"href":"https:\/\/www.europesays.com\/es\/wp-json\/wp\/v2\/posts"}],"about":[{"href":"https:\/\/www.europesays.com\/es\/wp-json\/wp\/v2\/types\/post"}],"author":[{"embeddable":true,"href":"https:\/\/www.europesays.com\/es\/wp-json\/wp\/v2\/users\/2"}],"replies":[{"embeddable":true,"href":"https:\/\/www.europesays.com\/es\/wp-json\/wp\/v2\/comments?post=245445"}],"version-history":[{"count":0,"href":"https:\/\/www.europesays.com\/es\/wp-json\/wp\/v2\/posts\/245445\/revisions"}],"wp:featuredmedia":[{"embeddable":true,"href":"https:\/\/www.europesays.com\/es\/wp-json\/wp\/v2\/media\/245446"}],"wp:attachment":[{"href":"https:\/\/www.europesays.com\/es\/wp-json\/wp\/v2\/media?parent=245445"}],"wp:term":[{"taxonomy":"category","embeddable":true,"href":"https:\/\/www.europesays.com\/es\/wp-json\/wp\/v2\/categories?post=245445"},{"taxonomy":"post_tag","embeddable":true,"href":"https:\/\/www.europesays.com\/es\/wp-json\/wp\/v2\/tags?post=245445"}],"curies":[{"name":"wp","href":"https:\/\/api.w.org\/{rel}","templated":true}]}}