{"id":245473,"date":"2025-11-20T00:41:13","date_gmt":"2025-11-20T00:41:13","guid":{"rendered":"https:\/\/www.europesays.com\/es\/245473\/"},"modified":"2025-11-20T00:41:13","modified_gmt":"2025-11-20T00:41:13","slug":"el-barca-aplaca-la-rebelion-parisina-y-sigue-sumando-en-champions","status":"publish","type":"post","link":"https:\/\/www.europesays.com\/es\/245473\/","title":{"rendered":"El Bar\u00e7a aplaca la rebeli\u00f3n parisina y sigue sumando en Champions"},"content":{"rendered":"<p class=\"ft-text\">El <strong>Bar\u00e7a cumpli\u00f3 el guion y se impuso a un PSG<\/strong> (27-30) que, pese a su bals\u00e1mica victoria contra el GOG en la pasada jornada, no acaba de levantar <a class=\"ft-link ft-link--decoration\" href=\"https:\/\/www.sport.es\/es\/barca\/balonmano\/\" rel=\"nofollow noopener\" target=\"_blank\">el vuelo en la EHF Champions.<\/a> El conjunto galo, convertido en una de las sorpresas negativas de la temporada, acumula tan solo seis puntos en ocho jornadas disputadas. Ni Elohim Prandi, uno de los m\u00e1ximos goleadores de la competici\u00f3n<strong> <\/strong>fue suficiente para el combinado que dirige Emil Madsen, <strong>pese a que llegaron a rozar la remontada con unos buenos minutos en la segunda mitad.<\/strong><\/p>\n<p><img decoding=\"async\" src=\"https:\/\/www.europesays.com\/es\/wp-content\/uploads\/2025\/11\/psg-490a6a3.png\" width=\"35\" height=\"35\" alt=\"PSG\" class=\"ft-mol-dataSheed__image\" loading=\"lazy\"\/><\/p>\n<p class=\"ft-text\">PSG<\/p>\n<p><img decoding=\"async\" src=\"https:\/\/www.europesays.com\/es\/wp-content\/uploads\/2025\/10\/barca-4ccd3bc.png\" width=\"35\" height=\"35\" alt=\"Bar\u00e7a\" class=\"ft-mol-dataSheed__image\" loading=\"lazy\"\/><\/p>\n<p class=\"ft-text\">BAR<\/p>\n<p>Alineaciones<\/p>\n<tr\/>\n<tr class=\"ft-mol-dataSheed__equipPlayers\">\n<td>(13+14): Lovkvist; Yahia (7, 3p), Konan (1), Prandi (6), Karabatic (1), Sol\u00e9 (3, 2p) y Grebille (-), -siete inicial-, Soullier (p.s), Maras (1), Steins (5), Karlsson (-), Sayed Abdou (-), Heldal (1), Peleka (1), Gaudin (1) y Loredon (-)<\/td>\n<\/tr>\n<tr class=\"ft-mol-dataSheed__equipPlayers\"><\/tr>\n<tr\/>\n<tr class=\"ft-mol-dataSheed__equipPlayers\">\n<td>(19+11): Nielsen; Aleix G\u00f3mez (4, 3p), Mem (3), Makuc (4), N&#8217;Guessan (7), F\u00e0bregas (7) y Fern\u00e1ndez (2), -siete inicial- Hallgr\u00edmsson (p.s), Carlsbogard (2), Djordje Cikusa (-), Janc (-), Sola (-), Elderaa (-), Frade (1), Barrufet (-) y Petar Cikusa (-).<\/td>\n<\/tr>\n<tr class=\"ft-mol-dataSheed__equipPlayers\"><\/tr>\n<p class=\"ft-text\"><strong>Emil Nielsen, <\/strong>una vez m\u00e1s, fue protagonista, con otro recital de paradas. El guardameta dan\u00e9s finaliz\u00f3 el partido con 18 paradas de 43 lanzamientos, un 42.86% de acierto. Una actuaci\u00f3n que le vali\u00f3 de nuevo el MVP del partido.<\/p>\n<p class=\"ft-text\">Con este resultado en Par\u00eds, <strong>los azulgranas mantienen el objetivo de sumar sus partidos por victorias para no descolgarse del l\u00edder, el Magdeburgo. <\/strong>Los alemanes tampoco fallaron en su duelo a domicilio <strong>contra el Zagreb (35-43)<\/strong> y se mantienen al frente del grupo B con pleno de victorias.<\/p>\n<p class=\"ft-text\">El \u00faltimo precedente<strong> entre Bar\u00e7a y PSG en Par\u00eds databa de la temporada 2023-2024<\/strong>, en los cuartos de final del torneo, con una aplastante victoria de los azulgranas (22-30), que fueron finalmente campeones. En esta ocasi\u00f3n, a los azulgranas les cost\u00f3 algo m\u00e1s llevarse la victoria en Par\u00eds.<\/p>\n<p class=\"ft-text\">La gran novedad en el inicio del encuentro<strong> fue la inclusi\u00f3n de Domen Makuc en el siete inicial, en un rol de director de juego<\/strong>. El Bar\u00e7a desaprovech\u00f3 el primer ataque, mientras que el PSG hizo buena a su mejor arma: <a class=\"ft-link ft-link--decoration\" href=\"https:\/\/www.sport.es\/es\/noticias\/barca\/balonmano\/elohim-prandi-amenaza-barca-champions-123826240\" rel=\"nofollow noopener\" target=\"_blank\">Elohim Prandi<\/a>. El franc\u00e9s, con una media de ocho goles por partido, <strong>firm\u00f3 un tres de tres en los compases iniciales<\/strong>, mientras que los azulgranas <strong>aprovecharon la velocidad en las contras para que el marcador se mantuviera igualado.<\/strong><\/p>\n<p>La hora de Nielsen<\/p>\n<p class=\"ft-text\">Con ese ritmo alto y el acierto de Nielsen que empezaba a carburar tras un cero en paradas en los primeros 10 minutos, el conjunto de Carlos Ortega fue colocando poco a poco <strong>una renta importante en el marcador (6-10, minuto 15).<\/strong><\/p>\n<p><img decoding=\"async\" src=\"https:\/\/www.europesays.com\/es\/wp-content\/uploads\/2025\/11\/ff4b1259-0846-4c15-87d7-a9d6ed6fffa4_alta-libre-aspect-ratio_default_0.jpg\" width=\"1200\" height=\"675\" alt=\"Acci\u00f3n del encuentro entre Bar\u00e7a y PSG en Par\u00eds\" class=\"ft-helper-img-rd\" loading=\"lazy\"\/><\/p>\n<p class=\"ft-helper-fontColor-quaternary ft-helper-fontSize-body-S ft-helper-spacer-t-xxs\">Acci\u00f3n del encuentro entre Bar\u00e7a y PSG en Par\u00eds  \/ FCB<\/p>\n<p class=\"ft-text\">Con la porter\u00eda bien protegida (9 de 19 en paradas en los primeros 30&#8242;), <strong>el ataque azulgrana quedaba sostenido por N&#8217;Guessan y F\u00e0bregas<\/strong> que finalizaron la primera mitad con cuatro y cinco goles, respectivamente. Paralelamente, se apagaba el acierto de Prandi, que se qued\u00f3 en 3 de 5, con pocos minutos en pista. As\u00ed, al descanso se lleg\u00f3 con un contudente 13-19 y un claro dominio azulgrana sobre el parquet.<\/p>\n<p>Cambio de guion<\/p>\n<p class=\"ft-text\">El paso por vestuarios no supuso grandes cambios<strong> sobre la pista del Pierre de Coubertin con F\u00e0bregas abriendo el marcador y manteniendo su pleno (6\/6). <\/strong>Nielsen tampoco daba muestras de desfallecimiento e incluso romp\u00eda la racha de Ferran Sol\u00e9 desde los siete metros, deteniendo el tercer lanzamiento del catal\u00e1n en el partido.<\/p>\n<p class=\"ft-text\">Con el margen en el marcador el Bar\u00e7a empez\u00f3 a relajarse y el PSG, <strong>alentado por las paradas de Lovkvist (13 paradas en 13 minutos),<\/strong> dio un paso al frente para cerrar un parcial de 4-0 y empezar a creer en la remontada (19-22). Ni un tiempo muerto de Ortega, en el que ped\u00eda a sus jugadores que despertaran, sirvi\u00f3 de revulsivo en esos minutos de resurgir de los parisinos, liderados de nuevo por un Prandi que volvi\u00f3 a ser decisivo en pista en el tramo final.<\/p>\n<p class=\"ft-text\">Los de Emil Madsen llegaron a colocarse a uno a falta de diez minutos para el final, pero una parada de Nielsen seguido de un gol de N&#8217;Guessan devolvieron el +3 al marcador que no amilan\u00f3 al PSG. As\u00ed se entr\u00f3 al \u00faltimo minuto con un ajustado 27-29 que el Bar\u00e7a supo contemporizar <strong>para llevarse una trabajada victoria con un tanto final de Domen Makuc (27-30).<\/strong><\/p>\n","protected":false},"excerpt":{"rendered":"El Bar\u00e7a cumpli\u00f3 el guion y se impuso a un PSG (27-30) que, pese a su bals\u00e1mica victoria&hellip;\n","protected":false},"author":2,"featured_media":245474,"comment_status":"","ping_status":"","sticky":false,"template":"","format":"standard","meta":{"footnotes":""},"categories":[268],"tags":[376,2296,168,25,24,280,282,4813,4409,281,23,167],"class_list":{"0":"post-245473","1":"post","2":"type-post","3":"status-publish","4":"format-standard","5":"has-post-thumbnail","7":"category-futbol","8":"tag-balonmano","9":"tag-barca","10":"tag-deportes","11":"tag-es","12":"tag-espana","13":"tag-football","14":"tag-futbol","15":"tag-ortega","16":"tag-psg","17":"tag-soccer","18":"tag-spain","19":"tag-sports"},"share_on_mastodon":{"url":"https:\/\/pubeurope.com\/@es\/115579249587579345","error":""},"_links":{"self":[{"href":"https:\/\/www.europesays.com\/es\/wp-json\/wp\/v2\/posts\/245473","targetHints":{"allow":["GET"]}}],"collection":[{"href":"https:\/\/www.europesays.com\/es\/wp-json\/wp\/v2\/posts"}],"about":[{"href":"https:\/\/www.europesays.com\/es\/wp-json\/wp\/v2\/types\/post"}],"author":[{"embeddable":true,"href":"https:\/\/www.europesays.com\/es\/wp-json\/wp\/v2\/users\/2"}],"replies":[{"embeddable":true,"href":"https:\/\/www.europesays.com\/es\/wp-json\/wp\/v2\/comments?post=245473"}],"version-history":[{"count":0,"href":"https:\/\/www.europesays.com\/es\/wp-json\/wp\/v2\/posts\/245473\/revisions"}],"wp:featuredmedia":[{"embeddable":true,"href":"https:\/\/www.europesays.com\/es\/wp-json\/wp\/v2\/media\/245474"}],"wp:attachment":[{"href":"https:\/\/www.europesays.com\/es\/wp-json\/wp\/v2\/media?parent=245473"}],"wp:term":[{"taxonomy":"category","embeddable":true,"href":"https:\/\/www.europesays.com\/es\/wp-json\/wp\/v2\/categories?post=245473"},{"taxonomy":"post_tag","embeddable":true,"href":"https:\/\/www.europesays.com\/es\/wp-json\/wp\/v2\/tags?post=245473"}],"curies":[{"name":"wp","href":"https:\/\/api.w.org\/{rel}","templated":true}]}}