{"id":245475,"date":"2025-11-20T00:42:13","date_gmt":"2025-11-20T00:42:13","guid":{"rendered":"https:\/\/www.europesays.com\/es\/245475\/"},"modified":"2025-11-20T00:42:13","modified_gmt":"2025-11-20T00:42:13","slug":"sandra-aladro-aporta-datos-que-dan-un-giro-radical-al-accidente-de-cayetano-rivera","status":"publish","type":"post","link":"https:\/\/www.europesays.com\/es\/245475\/","title":{"rendered":"Sandra Aladro aporta datos que dan un giro radical al accidente de Cayetano Rivera"},"content":{"rendered":"<p><strong>Nuevo giro<\/strong> en el caso del <a href=\"https:\/\/okdiario.com\/look\/actualidad\/cayetano-rivera-llegada-juicio-accidente-trafico-despiste-2427455\" rel=\"nofollow noopener\" target=\"_blank\">accidente de tr\u00e1fico que protagoniz\u00f3 Cayetano Rivera<\/a> el pasado 9 de noviembre en una rotonda pr\u00f3xima a la urbanizaci\u00f3n en la que reside en Sevilla. Sandra Aladro, colaboradora de Vamos a Ver y directora de la agencia GTRES, ha arrojado luz sobre este incidente que ha puesto en el punto de mira al diestro.<\/p>\n<p>La versi\u00f3n de los testigos que desmonta el atestado<\/p>\n<p>El tiempo justo, el formato vespertino presentado por Joaqu\u00edn Prat en Telecinco, consigui\u00f3 en exclusiva <strong>el atestado presentado por los dos Polic\u00edas Locales<\/strong> de Alcal\u00e1 de Guada\u00edra que acudieron a la casa de Cayetano <a href=\"https:\/\/okdiario.com\/look\/actualidad\/habla-abogado-cayetano-rivera-aparatoso-accidente-no-iba-ebrio-2422908\" rel=\"nofollow noopener\" target=\"_blank\">dos horas despu\u00e9s de que se produjera el accidente<\/a> contra las palmeras -que tuvo lugar sobre las ocho de la tarde-. Durante la emisi\u00f3n del programa, Sandra desvel\u00f3 en que ese per\u00edodo de tiempo puede ser realmente valioso de cara al juicio.<\/p>\n<p>\n<img decoding=\"async\" loading=\"lazy\" class=\"size-medium wp-image-2429995\" alt=\"Cayetano Rivera a su salida del juzgado de Alcal\u00e1 de Guada\u00edra. (Foto: Gtres)\" width=\"413\" height=\"620\"  src=\"https:\/\/www.europesays.com\/es\/wp-content\/uploads\/2025\/10\/placeholder.jpg\"  bad-src=\"https:\/\/www.europesays.com\/es\/wp-content\/uploads\/2025\/10\/placeholder.jpg\"\/><\/p>\n<p><img decoding=\"async\" loading=\"lazy\" class=\"size-medium wp-image-2429995\" src=\"https:\/\/www.europesays.com\/es\/wp-content\/uploads\/2025\/11\/cayetano-river-a-su-salida-del-juzgado-de-alcala-de-guadaira-413x620.jpg\" alt=\"Cayetano Rivera a su salida del juzgado de Alcal\u00e1 de Guada\u00edra. (Foto: Gtres)\" width=\"413\" height=\"620\"  \/><\/p>\n<p> Cayetano Rivera a su salida del juzgado de Alcal\u00e1 de Guada\u00edra. (Foto: Gtres)\n<\/p>\n<p>Y es que si bien los hechos tuvieron lugar a las ocho de la tarde, -momento en el que los testigos le ayudan-, hasta dos horas despu\u00e9s no se elabora dicho atestado. \u00abEse espacio temporal entre el accidente y el atestado podr\u00eda ser muy tenido en cuenta por el juez a la hora de<strong> valorar si la prueba de alcoholemia hubiese sido efectuada con todas las garant\u00edas de la ley<\/strong>\u00bb, afirma la periodista.<\/p>\n<p>Sobre todo, porque seg\u00fan expresa ese documento, Cayetano ol\u00eda a alcohol. -solo, en el ejercicio de la halitosis, \u00abol\u00eda de cerca\u00bb, pese a que no existen pruebas de su consumo-. En el mismo, elaborado por los dos Polic\u00edas Locales, tambi\u00e9n se detalla que el aspecto del peque\u00f1o de los hijos de Paquirri y Carmina Ord\u00f3\u00f1ez era favorable y, por tanto, <strong>no exist\u00edan indicios de un f\u00edsico \u00absudoroso, congestionado o p\u00e1lido\u00bb<\/strong> -rasgos que aparecen en estado de embriaguez-. Y no solo eso, sino que el torero habr\u00eda mostrado una \u00abcompleta estabilidad\u00bb.<\/p>\n<p>Un vac\u00edo de dos horas puede cambiarlo todo<\/p>\n<p>De ah\u00ed, que \u00abpueda jugar un importante papel en el tribunal e incluso invalidar la prueba si se hubiese realizado\u00bb, resalta Aladro. Adem\u00e1s de \u00abrespaldar o no\u00bb -seg\u00fan la decisi\u00f3n del juez-, \u00abla postura de Cayetano a la hora de someterse a la prueba de alcoholemia\u00bb.<\/p>\n<p>\n<img decoding=\"async\" loading=\"lazy\" class=\"size-medium wp-image-2429579\" alt=\"Copia del atestado presentado por la Polic\u00eda Local sobre el accidente de Cayetano dos horas despu\u00e9s del incidente. (Foto: Telecinco)\" width=\"620\" height=\"620\"  src=\"https:\/\/www.europesays.com\/es\/wp-content\/uploads\/2025\/10\/placeholder.jpg\"  bad-src=\"https:\/\/www.europesays.com\/es\/wp-content\/uploads\/2025\/10\/placeholder.jpg\"\/><\/p>\n<p><img decoding=\"async\" loading=\"lazy\" class=\"size-medium wp-image-2429579\" src=\"https:\/\/www.europesays.com\/es\/wp-content\/uploads\/2025\/11\/fotojet-2025-11-19t133548.300-620x620.jpg\" alt=\"Copia del atestado presentado por la Polic\u00eda Local sobre el accidente de Cayetano dos horas despu\u00e9s del incidente. (Foto: Telecinco)\" width=\"620\" height=\"620\"  \/><\/p>\n<p> Copia del atestado presentado por la Polic\u00eda Local sobre el accidente de Cayetano dos horas despu\u00e9s del incidente. (Foto: Telecinco)\n<\/p>\n<p>Una versi\u00f3n que dista de la contada por los <strong>tres testigos presenciales del accidente. <\/strong>Seg\u00fan hemos podido conocer en LOOK, se trataba de dos vigilantes jurado que hab\u00eda en la rotonda de las urbanizaciones y un Polic\u00eda Nacional que casualmente presenci\u00f3 el accidente, y que declararon en el Juzgado de Alcal\u00e1 de Guada\u00edra en cuanto \u00abasistieron y ayudaron a Cayetano en esos primeros instantes\u00bb. Seg\u00fan su versi\u00f3n, Cayetano Rivera \u00abno presentaba signos de embriaguez\u00bb.<\/p>\n<p>\n<img decoding=\"async\" loading=\"lazy\" class=\"size-medium wp-image-2430008\" alt=\"Cayetano Rivera caminando por la calle. (Foto: Gtres)\" width=\"620\" height=\"349\"  src=\"https:\/\/www.europesays.com\/es\/wp-content\/uploads\/2025\/10\/placeholder.jpg\"  bad-src=\"https:\/\/www.europesays.com\/es\/wp-content\/uploads\/2025\/10\/placeholder.jpg\"\/><\/p>\n<p><img decoding=\"async\" loading=\"lazy\" class=\"size-medium wp-image-2430008\" src=\"https:\/\/www.europesays.com\/es\/wp-content\/uploads\/2025\/11\/cayetano-rivera-caminando-por-la-calle-620x349.jpg\" alt=\"Cayetano Rivera caminando por la calle. (Foto: Gtres)\" width=\"620\" height=\"349\"  \/><\/p>\n<p> Cayetano Rivera caminando por la calle. (Foto: Gtres)\n<\/p>\n<p>De esta forma, Sandra Aladro pone sobre la mesa la clave que dar\u00eda un giro radical al caso, y es precisamente ese vac\u00edo de tiempo existente <strong>\u00abentre los hechos sucedidos a las 20:15 y el atestado registrado a 22:10\u00bb<\/strong>, seg\u00fan mostr\u00f3 el programa El tiempo justo. \u00abDos horas de diferencia en las que podr\u00eda venirse abajo la garant\u00eda de una prueba de alcohol como prueba definitiva en un juzgado, o respaldar o no la negativa de Cayetano a someterse a la misma dado el tiempo transcurrido desde el accidente\u00bb, concluye Aladro.<\/p>\n","protected":false},"excerpt":{"rendered":"Nuevo giro en el caso del accidente de tr\u00e1fico que protagoniz\u00f3 Cayetano Rivera el pasado 9 de noviembre&hellip;\n","protected":false},"author":2,"featured_media":245476,"comment_status":"","ping_status":"","sticky":false,"template":"","format":"standard","meta":{"footnotes":""},"categories":[174],"tags":[255,146,147,25,24,256,62755,23],"class_list":{"0":"post-245475","1":"post","2":"type-post","3":"status-publish","4":"format-standard","5":"has-post-thumbnail","7":"category-famosos","8":"tag-celebrities","9":"tag-entertainment","10":"tag-entretenimiento","11":"tag-es","12":"tag-espana","13":"tag-famosos","14":"tag-sandra-aladro-datos-accidente-cayetano-rivera","15":"tag-spain"},"share_on_mastodon":{"url":"https:\/\/pubeurope.com\/@es\/115579253474669130","error":""},"_links":{"self":[{"href":"https:\/\/www.europesays.com\/es\/wp-json\/wp\/v2\/posts\/245475","targetHints":{"allow":["GET"]}}],"collection":[{"href":"https:\/\/www.europesays.com\/es\/wp-json\/wp\/v2\/posts"}],"about":[{"href":"https:\/\/www.europesays.com\/es\/wp-json\/wp\/v2\/types\/post"}],"author":[{"embeddable":true,"href":"https:\/\/www.europesays.com\/es\/wp-json\/wp\/v2\/users\/2"}],"replies":[{"embeddable":true,"href":"https:\/\/www.europesays.com\/es\/wp-json\/wp\/v2\/comments?post=245475"}],"version-history":[{"count":0,"href":"https:\/\/www.europesays.com\/es\/wp-json\/wp\/v2\/posts\/245475\/revisions"}],"wp:featuredmedia":[{"embeddable":true,"href":"https:\/\/www.europesays.com\/es\/wp-json\/wp\/v2\/media\/245476"}],"wp:attachment":[{"href":"https:\/\/www.europesays.com\/es\/wp-json\/wp\/v2\/media?parent=245475"}],"wp:term":[{"taxonomy":"category","embeddable":true,"href":"https:\/\/www.europesays.com\/es\/wp-json\/wp\/v2\/categories?post=245475"},{"taxonomy":"post_tag","embeddable":true,"href":"https:\/\/www.europesays.com\/es\/wp-json\/wp\/v2\/tags?post=245475"}],"curies":[{"name":"wp","href":"https:\/\/api.w.org\/{rel}","templated":true}]}}