{"id":245479,"date":"2025-11-20T00:45:16","date_gmt":"2025-11-20T00:45:16","guid":{"rendered":"https:\/\/www.europesays.com\/es\/245479\/"},"modified":"2025-11-20T00:45:16","modified_gmt":"2025-11-20T00:45:16","slug":"ernesto-alterio-conoce-en-la-revuelta-a-un-pretendiente-de-su-hija-lola-soy-buena-persona","status":"publish","type":"post","link":"https:\/\/www.europesays.com\/es\/245479\/","title":{"rendered":"Ernesto Alterio conoce en &#8216;La Revuelta&#8217; a un pretendiente de su hija Lola : \u00abSoy buena persona\u00bb"},"content":{"rendered":"<p id=\"eLRRwDRo34\" data-wc=\"140\">Dedicarse a la interpretaci\u00f3n le ha dado a <strong>Ernesto Alterio<\/strong> muchos regalos, entre ellos la pel\u00edcula que acaba de estrenar: Todos los lados de la cama. Dirigido por Samantha L\u00f3pez Speranza, el largometraje es la secuela de\u00a0El otro lado de la cama y ha vuelto a reunir en la gran pantalla al elenco inicial, lo que ha supuesto un privilegio para todo el equipo. El actor argentino, que es uno de los protagonistas, ha confesado que le hizo mucha ilusi\u00f3n poder reencontrarse con su personaje, porque es una situaci\u00f3n que no suele darse en su profesi\u00f3n, y que le ha encantado <a class=\"hm-link ho-link\" href=\"https:\/\/www.hola.com\/actualidad\/20251112867106\/actores-de-el-otro-lado-de-la-cama-dos-decadas-despues\/\" data-mrf-recirculation=\"article-body-link\" rel=\"nofollow noopener\" target=\"_blank\">volver a compartir esta experiencia con sus compa\u00f1eros<\/a>, muchos de ellos amigos. Lo que no imaginaba es que en uno de los actos enmarcados en la promoci\u00f3n del film iba a encontrar pretendiente para su \u00fanica hija, Lola.<\/p>\n<p> <img src=\"https:\/\/www.europesays.com\/es\/wp-content\/uploads\/2025\/11\/1c4aaa6da92e-dlu594614004.jpg\"   width=\"682\" height=\"1024\" loading=\"lazy\" decoding=\"async\" alt=\"Ernesto Alterio en la presentaci\u00f3n de 'Los dos lados de la cama'\" fetchpriority=\"auto\" class=\"image ho-image\"\/>\u00a9 GTRESErnesto Alterio en la presentaci\u00f3n de &#8216;Los dos lados de la cama&#8217;<\/p>\n<p id=\"eFoQNgkhBVz\" data-wc=\"66\">\u00a0Ernesto Alterio ha acudido con Luc\u00eda Caraballo a\u00a0La Revuelta para compartir algunas an\u00e9cdotas y secretos no vistos de la pel\u00edcula, que han definido como \u00abincre\u00edble\u00bb. En medio de su intervenci\u00f3n en el programa de TVE, el actor<strong>\u00a0ha querido ayudar a Pablo, un chico que estaba en el p\u00fablico del Teatro Pr\u00edncipe Gran V\u00eda y que ha lamentado no tener \u00e9xito para encontrar el amor.\u00a0<\/strong><\/p>\n<p id=\"ebnm0zVvZle\" data-wc=\"74\">\u00abNo ligo\u00bb, ha dicho sentado desde la ba\u00f1era que hay colocada en las butacas, uno de los elementos m\u00e1s caracter\u00edsticos del programa presentado por Broncano. Tras asegurarse de que no existe ning\u00fan otro problema y preguntarle por sus gustos y aficiones, Alterio ha comenzado a pensar en alto en mujeres que puede presentar a Pablo: \u00abTengo vecinas, tengo compa\u00f1eras&#8230;\u00bb.<strong>\u00a0Ha sido entonces cuando Luc\u00eda le ha interrumpido para a\u00f1adir una posibilidad: \u00abTienes una hija\u00bb.<\/strong><\/p>\n<p> <img src=\"https:\/\/www.europesays.com\/es\/wp-content\/uploads\/2025\/11\/ca5414b72dae-larevu.jpg\"   width=\"819\" height=\"1024\" loading=\"lazy\" decoding=\"async\" alt=\"Ernesto Alterio y Luc\u00eda Caraballo en 'La Revuelta'\" fetchpriority=\"auto\" class=\"image ho-image\"\/>\u00a9 La RevueltaErnesto Alterio y Luc\u00eda Caraballo en &#8216;La Revuelta&#8217;<\/p>\n<p id=\"eZbaUzNmer\" data-wc=\"85\">A David Broncano se la ha ocurrido que, como primer paso, Pablo le env\u00ede un mensaje a Lola, hija de Ernesto Alterio y Juana Acosta, de 19 a\u00f1os. As\u00ed ha sido. \u00ab<strong>Hola, Lola. Soy Pablo. Ojal\u00e1 pudiera conocerte y que me conozcas t\u00fa a m\u00ed, que soy buena persona. Un beso\u00bb,\u00a0<\/strong>ha dicho el joven, de su misma edad, dejando abierta la posibilidad de contactar por redes sociales. Antes de que pueda producirse cualquier interacci\u00f3n, el actor ha dejado claro que \u00abcomo padre, soy chungo\u00bb.<\/p>\n<p> <img src=\"https:\/\/www.europesays.com\/es\/wp-content\/uploads\/2025\/11\/30f3f6380e85-pablo.jpg\"   width=\"1024\" height=\"702\" loading=\"lazy\" decoding=\"async\" alt=\"Pablo, un espectador de 'La Revuelta', ha mandado una propuesta a Loal Alterio\" fetchpriority=\"auto\" class=\"image ho-image\"\/>\u00a9 La RevueltaPablo, un espectador de &#8216;La Revuelta&#8217;, ha mandado una propuesta a Loal Alterio<br \/>\nLola Alterio, el nuevo eslab\u00f3n de una importante saga art\u00edstica<\/p>\n<p id=\"eyFHwboATM\" data-wc=\"113\">Aunque por el momento se mantiene al margen del foco medi\u00e1tico, <a class=\"hm-link ho-link\" href=\"https:\/\/www.hola.com\/actualidad\/20240423252948\/juana-acosta-ernesto-alterio-hija-lola-cumple-18\/\" data-mrf-recirculation=\"article-body-link\" rel=\"nofollow noopener\" target=\"_blank\">Lola ha heredado el talento familiar\u00a0<\/a>y est\u00e1 dispuesta a ser la nueva generaci\u00f3n de una brillante saga de artistas. <strong>Se est\u00e1 formando para dedicarse a la interpretaci\u00f3n en el estudio de Juan Carlos Corazza, el mismo en el que estuvo su madre<\/strong> y por donde han pasado estrellas como Javier Bardem, Silvia Abascal y Alba Flores. Adem\u00e1s, \u00a0estudi\u00f3 diez a\u00f1os m\u00fasica, toca el piano y canta. Adem\u00e1s, tiene en casa el mejor espejo en el que mirarse, ya que es hija de actores, sobrina de actriz (Malena Alterio) y nieta de una de las grandes figuras de la interpretaci\u00f3n, H\u00e9ctor Alterio.<\/p>\n<p id=\"ePznN9WvD_P\" data-wc=\"65\">Lola tiene una relaci\u00f3n muy buena con sus padres, quienes se separaron en 2018, pero siguen estando muy unidos. Ambos la han apoyado en su decisi\u00f3n de ser actriz, un deseo que le acompa\u00f1a desde ni\u00f1a, y le han dado no solo las herramientas necesarias, sino tambi\u00e9n <strong>un valioso consejo: \u00abque tenga paciencia, no hay prisa, hay que vivir cada fase a su debido tiempo\u00bb.<\/strong><\/p>\n","protected":false},"excerpt":{"rendered":"Dedicarse a la interpretaci\u00f3n le ha dado a Ernesto Alterio muchos regalos, entre ellos la pel\u00edcula que acaba&hellip;\n","protected":false},"author":2,"featured_media":245480,"comment_status":"","ping_status":"","sticky":false,"template":"","format":"standard","meta":{"footnotes":""},"categories":[171],"tags":[517,146,147,61089,25,24,29956,23,807,214],"class_list":{"0":"post-245479","1":"post","2":"type-post","3":"status-publish","4":"format-standard","5":"has-post-thumbnail","7":"category-tv","8":"tag-actualidad","9":"tag-entertainment","10":"tag-entretenimiento","11":"tag-ernesto-alterio","12":"tag-es","13":"tag-espana","14":"tag-la-revuelta","15":"tag-spain","16":"tag-television","17":"tag-tv"},"share_on_mastodon":{"url":"https:\/\/pubeurope.com\/@es\/115579265503198084","error":""},"_links":{"self":[{"href":"https:\/\/www.europesays.com\/es\/wp-json\/wp\/v2\/posts\/245479","targetHints":{"allow":["GET"]}}],"collection":[{"href":"https:\/\/www.europesays.com\/es\/wp-json\/wp\/v2\/posts"}],"about":[{"href":"https:\/\/www.europesays.com\/es\/wp-json\/wp\/v2\/types\/post"}],"author":[{"embeddable":true,"href":"https:\/\/www.europesays.com\/es\/wp-json\/wp\/v2\/users\/2"}],"replies":[{"embeddable":true,"href":"https:\/\/www.europesays.com\/es\/wp-json\/wp\/v2\/comments?post=245479"}],"version-history":[{"count":0,"href":"https:\/\/www.europesays.com\/es\/wp-json\/wp\/v2\/posts\/245479\/revisions"}],"wp:featuredmedia":[{"embeddable":true,"href":"https:\/\/www.europesays.com\/es\/wp-json\/wp\/v2\/media\/245480"}],"wp:attachment":[{"href":"https:\/\/www.europesays.com\/es\/wp-json\/wp\/v2\/media?parent=245479"}],"wp:term":[{"taxonomy":"category","embeddable":true,"href":"https:\/\/www.europesays.com\/es\/wp-json\/wp\/v2\/categories?post=245479"},{"taxonomy":"post_tag","embeddable":true,"href":"https:\/\/www.europesays.com\/es\/wp-json\/wp\/v2\/tags?post=245479"}],"curies":[{"name":"wp","href":"https:\/\/api.w.org\/{rel}","templated":true}]}}