{"id":245493,"date":"2025-11-20T00:53:10","date_gmt":"2025-11-20T00:53:10","guid":{"rendered":"https:\/\/www.europesays.com\/es\/245493\/"},"modified":"2025-11-20T00:53:10","modified_gmt":"2025-11-20T00:53:10","slug":"que-estaba-haciendo-gustavo-petro-en-portugal-cuando-supuestamente-hizo-un-gasto-en-el-menage-strip-club","status":"publish","type":"post","link":"https:\/\/www.europesays.com\/es\/245493\/","title":{"rendered":"Qu\u00e9 estaba haciendo Gustavo Petro en Portugal cuando supuestamente hizo un gasto en el M\u00e9nage Strip Club"},"content":{"rendered":"<p><img alt=\"Gustavo Petro en su visita\" class=\"global-image\" decoding=\"async\" fetchpriority=\"high\" height=\"1080\" loading=\"eager\" src=\"https:\/\/www.europesays.com\/es\/wp-content\/uploads\/2025\/11\/MDY6IXVGHNGRHF3KJJKYYPF77I.jpg\" width=\"1920\"\/>Gustavo Petro en su visita oficial a Portugal comparti\u00f3 una foto en blanco negro, donde destac\u00f3 las reuniones que llev\u00f3 a cabo en ese pa\u00eds &#8211; cr\u00e9dito Presidencia\/@petrogustavo\/X<\/p>\n<p class=\"paragraph\">El martes 18 de noviembre de 2025 se revel\u00f3 un informe de la Unidad de Informaci\u00f3n y An\u00e1lisis Financiero (Uiaf) sobre los movimientos financieros del presidente Gustavo Petro entre 2023 y 2025.<\/p>\n<p class=\"paragraph\">Las cuentas personales del mandatario presentaron ingresos, egresos y operaciones relevantes en entidades como BBVA, Scotiabank, Banco Agrario, Confiar y Sudameris.<\/p>\n<p class=\"paragraph\"><b>Ahora puede seguirnos en<\/b><a rel=\"noopener nofollow\" href=\"https:\/\/www.facebook.com\/infobaecolombia\" target=\"_blank\"><b> Facebook<\/b><\/a><b> y en nuestro<\/b><a rel=\"noopener nofollow\" href=\"https:\/\/whatsapp.com\/channel\/0029Va4oNEALikgEL4Y8mb2K\" target=\"_blank\"><b> WhatsApp Channel<\/b><\/a><\/p>\n<p class=\"paragraph\">La divulgaci\u00f3n del informe gener\u00f3 reacciones en distintos sectores del pa\u00eds, porque <b>en el documento figura un supuesto gasto de Petro en el M\u00e9nage Strip Club, un centro de entretenimiento para adultos en Lisboa.<\/b><\/p>\n<p><img alt=\"La divulgaci\u00f3n del informe gener\u00f3\" class=\"global-image\" decoding=\"async\" fetchpriority=\"low\" height=\"891\" loading=\"lazy\" src=\"https:\/\/www.europesays.com\/es\/wp-content\/uploads\/2025\/11\/I4MTSS5VHVD3JOVT3NSXW3SXJQ.jpg\" width=\"560\"\/>La divulgaci\u00f3n del informe gener\u00f3 reacciones en distintos sectores del pa\u00eds porque en el documento figura un supuesto gasto de Gustavo Petro en el M\u00e9nage Strip Club &#8211; cr\u00e9dito Redes sociales\/X<\/p>\n<p class=\"paragraph\">Durante mayo de 2023, el mandatario colombiano desarroll\u00f3 en Portugal una agenda enfocada en encuentros con autoridades pol\u00edticas, l\u00edderes empresariales y responsables de pol\u00edticas p\u00fablicas,<b> con el objetivo de fortalecer la relaci\u00f3n bilateral y plantear nuevas formas de cooperaci\u00f3n entre ambos pa\u00edses.<\/b><\/p>\n<p><img alt=\"Durante mayo de 2023, el\" class=\"global-image\" decoding=\"async\" fetchpriority=\"low\" height=\"1200\" loading=\"lazy\" src=\"https:\/\/www.europesays.com\/es\/wp-content\/uploads\/2025\/11\/725JTQHY2RFERANVQO6S3W35RU.jpg\" width=\"1800\"\/>Durante mayo de 2023, el mandatario colombiano desarroll\u00f3 en Portugal una agenda enfocada en encuentros con autoridades pol\u00edticas, l\u00edderes empresariales y responsables de pol\u00edticas p\u00fablicas de ese pa\u00eds &#8211; cr\u00e9dito Miguel Figueiredo\/ Presidencia de Portugal<\/p>\n<p class=\"paragraph\">La llegada del presidente Petro a Lisboa ese mes se dio tras finalizar una visita oficial a Espa\u00f1a. El jefe de Estado fue recibido en la base militar de Figo Maduro por miembros de la Fuerza A\u00e9rea Portuguesa, autoridades de la Canciller\u00eda local y el embajador de Colombia en Portugal, Jos\u00e9 Fernando Bautista.<\/p>\n<p class=\"paragraph\">El cronograma del mandatario colombiano inici\u00f3 con una reuni\u00f3n de trabajo en el Palacio de Bel\u00e9m junto al presidente local, Marcelo Rebelo de Sousa. <\/p>\n<p class=\"paragraph\">Ambos mandatarios abordaron temas centrales de la agenda bilateral y dialogaron sobre la situaci\u00f3n internacional. La Presidencia de Portugal inform\u00f3 que la reuni\u00f3n, realizada en la Sala das Bicas,<b> cerr\u00f3 con una fotograf\u00eda oficial y la firma del libro de honor por parte de Gustavo Petro. No se programaron declaraciones conjuntas para la prensa.<\/b><\/p>\n<p class=\"paragraph\">Durante la visita de mayo de 2023, el jefe de Estado incluy\u00f3 en su comitiva al entonces ministro de Relaciones Exteriores, \u00c1lvaro Leyva Dur\u00e1n; la entonces jefa de Gabinete, Laura Sarabia; y la exministra de Minas y Energ\u00eda, Irene V\u00e9lez. <\/p>\n<p class=\"paragraph\">En ese momento, el presidente Gustavo Petro comparti\u00f3 una foto en blanco y negro, imagen que gener\u00f3 diferentes reacciones en redes sociales. <\/p>\n<p><img alt=\"El presidente Gustavo Petro comparti\u00f3\" class=\"global-image\" decoding=\"async\" fetchpriority=\"low\" height=\"505\" loading=\"lazy\" src=\"https:\/\/www.europesays.com\/es\/wp-content\/uploads\/2025\/11\/YXU2VN2QUNEKJCTLJJ7J7LG7XQ.png\" width=\"786\"\/>El presidente Gustavo Petro comparti\u00f3 una foto en blanco y negro, imagen que gener\u00f3 diferentes reacciones en redes sociales &#8211; cr\u00e9dito X<\/p>\n<p class=\"paragraph\"><b>El mandatario colombiano comparti\u00f3 una cena de honor ofrecida por el presidente Rebelo de Sousa en el Palacio de la Cidadela de Cascais<\/b>. <\/p>\n<p class=\"paragraph\">En otro segmento de la agenda, el jefe de Estado se reuni\u00f3 con el profesor Jo\u00e3o Goul\u00e3o, coordinador nacional de la Pol\u00edtica sobre Drogas de Portugal. <\/p>\n<p class=\"paragraph\">Colombia mostr\u00f3 inter\u00e9s en el modelo luso, basado en la salud p\u00fablica como respuesta al consumo de drogas, evitando la criminalizaci\u00f3n. <\/p>\n<p class=\"paragraph\">\u201cLa venta de alimentos puede ser directa si capitales portugueses como el que se mueve en estas superficies comerciales lo pactan. El gobierno colombiano est\u00e1 interesado en agilizar este tipo de pactos de productores directos y grandes superficies comerciales, comenzaremos con ARA, ojal\u00e1\u201d, declar\u00f3 Gustavo Petro durante uno de los encuentros.<\/p>\n<p class=\"paragraph\">Las conversaciones con el sector empresarial ocuparon otro lugar destacado en la visita. En el Hotel Intercontinental de Lisboa, el mandatario colombiano dialog\u00f3 con Pedro Soares dos Santos, CEO de Jer\u00f3nimo Martins, grupo vinculado a la cadena de tiendas ARA en Colombia. <\/p>\n<p class=\"paragraph\">La empresa anunci\u00f3 la apertura de 230 nuevas tiendas ARA en el pa\u00eds. Esta expansi\u00f3n aument\u00f3 la presencia portuguesa en el comercio colombiano y abri\u00f3 la puerta a la compra directa a campesinos locales para reducir el costo de los alimentos y la inflaci\u00f3n. \u201cEsta pol\u00edtica de ligar productores con superficies comerciales en las grandes ciudades nos ayudar\u00eda much\u00edsimo: <b>podr\u00edamos a\u00fan bajar m\u00e1s los precios de los alimentos en Colombia y disminuir mucho m\u00e1s el hambre, con hambre no hay paz\u201d<\/b>, dijo el jefe de Estado.<\/p>\n<p class=\"paragraph\">La estancia del jefe de Estado en Portugal incluy\u00f3 una visita conjunta con el primer ministro Costa al Museo de Aljube Resistencia y Libertad, emblem\u00e1tico por su historia de lucha y represi\u00f3n pol\u00edtica. Tras completar la agenda de mayo de 2023, Gustavo Petro emprendi\u00f3 el regreso a Colombia.<\/p>\n","protected":false},"excerpt":{"rendered":"Gustavo Petro en su visita oficial a Portugal comparti\u00f3 una foto en blanco negro, donde destac\u00f3 las reuniones&hellip;\n","protected":false},"author":2,"featured_media":245494,"comment_status":"","ping_status":"","sticky":false,"template":"","format":"standard","meta":{"footnotes":""},"categories":[42],"tags":[17,18,13,14,11,61,62,63,64,19,20,9,10,15,16,12,21,22,65,66,67],"class_list":{"0":"post-245493","1":"post","2":"type-post","3":"status-publish","4":"format-standard","5":"has-post-thumbnail","7":"category-internacional","8":"tag-breaking-news","9":"tag-breakingnews","10":"tag-featured-news","11":"tag-featurednews","12":"tag-headlines","13":"tag-internacional","14":"tag-international","15":"tag-international-news","16":"tag-internationalnews","17":"tag-latest-news","18":"tag-latestnews","19":"tag-news","20":"tag-noticias","21":"tag-noticias-destacadas","22":"tag-noticiasdestacadas","23":"tag-titulares","24":"tag-ultimas-noticias","25":"tag-ultimasnoticias","26":"tag-world","27":"tag-world-news","28":"tag-worldnews"},"share_on_mastodon":{"url":"https:\/\/pubeurope.com\/@es\/115579296923550226","error":""},"_links":{"self":[{"href":"https:\/\/www.europesays.com\/es\/wp-json\/wp\/v2\/posts\/245493","targetHints":{"allow":["GET"]}}],"collection":[{"href":"https:\/\/www.europesays.com\/es\/wp-json\/wp\/v2\/posts"}],"about":[{"href":"https:\/\/www.europesays.com\/es\/wp-json\/wp\/v2\/types\/post"}],"author":[{"embeddable":true,"href":"https:\/\/www.europesays.com\/es\/wp-json\/wp\/v2\/users\/2"}],"replies":[{"embeddable":true,"href":"https:\/\/www.europesays.com\/es\/wp-json\/wp\/v2\/comments?post=245493"}],"version-history":[{"count":0,"href":"https:\/\/www.europesays.com\/es\/wp-json\/wp\/v2\/posts\/245493\/revisions"}],"wp:featuredmedia":[{"embeddable":true,"href":"https:\/\/www.europesays.com\/es\/wp-json\/wp\/v2\/media\/245494"}],"wp:attachment":[{"href":"https:\/\/www.europesays.com\/es\/wp-json\/wp\/v2\/media?parent=245493"}],"wp:term":[{"taxonomy":"category","embeddable":true,"href":"https:\/\/www.europesays.com\/es\/wp-json\/wp\/v2\/categories?post=245493"},{"taxonomy":"post_tag","embeddable":true,"href":"https:\/\/www.europesays.com\/es\/wp-json\/wp\/v2\/tags?post=245493"}],"curies":[{"name":"wp","href":"https:\/\/api.w.org\/{rel}","templated":true}]}}