{"id":245497,"date":"2025-11-20T00:55:37","date_gmt":"2025-11-20T00:55:37","guid":{"rendered":"https:\/\/www.europesays.com\/es\/245497\/"},"modified":"2025-11-20T00:55:37","modified_gmt":"2025-11-20T00:55:37","slug":"dudas-y-certezas-sobre-el-crimen-de-alpedrete","status":"publish","type":"post","link":"https:\/\/www.europesays.com\/es\/245497\/","title":{"rendered":"dudas y certezas sobre el crimen de Alpedrete"},"content":{"rendered":"<p class=\"c-paragraph\">Los vecinos de la localidad madrile\u00f1a de Alpedrete siguen sin dar cr\u00e9dito ante el mazazo que les sacudi\u00f3 el pasado s\u00e1bado. Una<a href=\"https:\/\/www.20minutos.es\/madrid\/muertos-hombre-mujer-signos-violencia-chalet-alpedrete_6898342_0.html\" rel=\"nofollow noopener\" target=\"_blank\"><b>\u00a0mujer de 60 a\u00f1os fue asesinada presuntamente por su marido<\/b>, quien le asest\u00f3 50 pu\u00f1aladas y, posteriormente, seg\u00fan apuntan las hip\u00f3tesis, se quit\u00f3 la vida<\/a>. La Delegaci\u00f3n\u00a0del Gobierno contra la Violencia de G\u00e9nero ya lo ha confirmado como violencia machista. El asunto no ha quedado ah\u00ed. Los hijos de los fallecidos<b> han cargado contra el sistema<\/b>, al igual que ha hecho el alcalde de la localidad, lo que ha generado un cruce de declaraciones entre el PP y el Gobierno.\u00a0<\/p>\n<p class=\"c-paragraph\">La pesadilla para la familia comenz\u00f3 el d\u00eda 15, sobre las 12.00 horas, cuando uno de los descendientes encontr\u00f3 los cuerpos sin vida en su vivienda, un chalet ubicado en la calle de la Jara. El informe preliminar apunta a que la mujer habr\u00eda fallecido antes que el marido, quien podr\u00eda haberla matado para despu\u00e9s suicidarse. Sin embargo, <b>no exist\u00edan denuncias previas ni estaban en el sistema VioG\u00e9n<\/b>.\u00a0<\/p>\n<p class=\"c-paragraph\">Fuentes cercanas a la investigaci\u00f3n indicaron a EFE que el var\u00f3n hab\u00eda consumido alcohol y tambi\u00e9n medicamentos, pues ten\u00eda importantes problemas de espalda que le generaban intensos dolores. Afirmaron, adem\u00e1s, que<b> sufr\u00eda depresi\u00f3n<\/b> y que anteriormente ya<b> hab\u00eda presentado conductas autol\u00edticas.\u00a0<\/b><\/p>\n<p>El alcalde carga contra el sistema<\/p>\n<p class=\"c-paragraph\">El lunes, el alcalde de la localidad madrile\u00f1a, Juan Fern\u00e1ndez (<a href=\"https:\/\/www.20minutos.es\/tags\/instituciones-empresas\/pp-partido-popular.html\" title=\"PP\" rel=\"nofollow noopener\" target=\"_blank\">PP<\/a>), traslad\u00f3 su pesar por lo ocurrido. No obstante, descart\u00f3 que se tratase de un caso machista: \u00ab<b>No ha sido por odio&#8230; No veo violencia de g\u00e9nero<\/b>\u00ab. Apunt\u00f3\u00a0que el presunto autor de los hechos podr\u00eda <b>haber sucumbido a la \u00abpresi\u00f3n\u00bb<\/b> de la enfermedad psicol\u00f3gica que padec\u00eda y que no habr\u00eda sido eficazmente gestionada por la administraci\u00f3n.<\/p>\n<p class=\"c-paragraph\">En declaraciones ante los medios defendi\u00f3 que el var\u00f3n \u00abquer\u00eda mucho a su mujer\u00bb, pero no qued\u00f3 ah\u00ed. Consider\u00f3 que<b> hab\u00eda \u00abfallado el sistema<\/b>\u00ab, pues no hab\u00eda sido capaz\u00a0de detectar la enfermedad psicol\u00f3gica que al final, seg\u00fan indic\u00f3, no pudo \u00absoportar la presi\u00f3n\u00bb, lo que le llev\u00f3 \u00aba cometer este acto\u00bb.\u00a0Detall\u00f3, adem\u00e1s, que el presunto autor<b> hab\u00eda estado \u00abmucho tiempo de baja\u00bb<\/b> y que hab\u00eda solicitado una incapacidad por su situaci\u00f3n psicol\u00f3gica.<\/p>\n<p>Una carta de los hijos<\/p>\n<p class=\"c-paragraph\">Horas despu\u00e9s, los dos hijos de la pareja emitieron una carta en la que salieron <b>en defensa de su padre<\/b>, asegurando que \u00abfue un hombre ejemplar, un marido \u00fanico y el mejor padre posible\u00bb. Aprovecharon, en la misma l\u00ednea que el alcalde de Alpedrete, para cargar y culpar al sistema, denunciando que, durante muchos a\u00f1os, el hombre solicit\u00f3 ayuda, aunque<b> fue \u00abignorado, rechazado, desatendido, silenciado<\/b> y abandonado\u00bb, reza el documento.\u00a0<\/p>\n<p class=\"c-paragraph\">\u00abSiempre fuimos una familia feliz. Se respetaban, se complementaban, se quer\u00edan, pero todo cambi\u00f3. \u00bfAlguien escuch\u00f3 a nuestro padre? Solo nosotros.<b> \u00bfTanto les costaba prestarle atenci\u00f3n? <\/b>S\u00ed. \u00bfLes era un estorbo? \u00bfQu\u00e9 m\u00e1s ten\u00eda que haber hecho? Nosotros luchamos, nuestros padres lucharon juntos&#8230; el sistema no\u00bb, prosigue el documento en supuesta referencia a la ayuda que hab\u00eda solicitado el hombre, pero que nunca lleg\u00f3.\u00a0<\/p>\n<p class=\"c-paragraph\">\u00abNo nos preguntan, no nos escuchan, nos silencian. <b>\u00bfAlguien nos va a ayudar?<\/b>\u00ab, prosiguen David y Diego R\u00f3denas \u00c9cija, aprovechando para pedir respeto para su familia, agradeciendo el apoyo del alcalde y afirm\u00e1ndose orgullosos de los fallecidos, Juan Pedro R\u00f3denas Casado y Mar\u00eda Pilar \u00c9cija Moreno, de acuerdo con el documento.\u00a0<\/p>\n<p>Un rifirrafe pol\u00edtico<\/p>\n<p class=\"c-paragraph\">Las reacciones ante las declaraciones del regidor no se hicieron esperar. La ministra de Igualdad, Ana Redondo, <b>exigi\u00f3 su \u00abrectificaci\u00f3n inmediata\u00bb o \u00abdimisi\u00f3n\u00bb<\/b>, asegurando que sus palabras eran \u00abintolerables\u00bb, seg\u00fan remarc\u00f3 en un mensaje publicado en su perfil de la red social X. Incidi\u00f3 en que las personas negacionistas de la violencia de g\u00e9nero \u00ab<b>maquillan la realidad para negar la evidencia<\/b> del maltrato\u00bb y que \u00abel negacionismo mata\u00bb.\u00a0<\/p>\n<p class=\"c-paragraph\">Dada la pol\u00e9mica que generaron sus palabras, horas despu\u00e9s Fern\u00e1ndez public\u00f3 un v\u00eddeo matizando sus palabras, mostrando su rechazo a la violencia de g\u00e9nero, asegurando que sus declaraciones<b> pod\u00edan haber sido \u00abmalinterpretadas\u00bb<\/b>. \u00abMuestro mi rechazo total y sin paliativos de ning\u00fan tipo a cualquier tipo de violencia que se ejerza contra las mujeres, y espero y deseo que en el futuro no se produzca ni en Alpedrete ni en ninguna parte del mundo, porque las mujeres tienen derecho a vivir en libertad, en igualdad y con derechos para todas\u00bb.<\/p>\n<p class=\"c-paragraph\">A pesar de la rectificaci\u00f3n, poco despu\u00e9s el presidente del Gobierno, Pedro S\u00e1nchez, se sum\u00f3 a las cr\u00edticas. \u00abFrente a la violencia machista no hay medias tintas: <b>o est\u00e1s con las v\u00edctimas o con los negacionistas<\/b> que blanquean a los agresores. Quien menosprecia el impacto de esta violencia no es digno de representar a la ciudadan\u00eda\u00bb, apunt\u00f3 en un mensaje publicado en X.\u00a0<\/p>\n<p class=\"c-paragraph\">La ministra de Juventud e Infancia, Sira Rego, consider\u00f3 tambi\u00e9n que el alcalde \u00abdebe dimitir\u00bb. Mientras tanto, la consejera de Familia, Juventud y Asuntos Sociales de la Comunidad de Madrid, Ana D\u00e1vila,\u00a0defendi\u00f3 al regidor, detallando que <b>ya hab\u00eda \u00abpedido disculpas\u00bb<\/b> y que hab\u00eda trasladado su \u00abm\u00e1ximos respeto\u00bb por las v\u00edctimas: \u00abHa dado las explicaciones oportunas\u00bb y <b>\u00abha quedado claro lo que \u00e9l sent\u00eda\u00bb.\u00a0<\/b><\/p>\n<p class=\"c-paragraph\">El enganch\u00f3n no qued\u00f3 ah\u00ed. Horas despu\u00e9s, y a colaci\u00f3n de las declaraciones de la consejera, la\u00a0ministra de Sanidad, M\u00f3nica Garc\u00eda, acus\u00f3 a la presidenta madrile\u00f1a, Isabel D\u00edaz Ayuso, de llevar sus pol\u00edticas a una deriva ultra que incluye, \u00abc\u00f3mo no, el <b>blanqueamiento de la violencia machista<\/b> y el negacionismo\u00bb.<\/p>\n","protected":false},"excerpt":{"rendered":"Los vecinos de la localidad madrile\u00f1a de Alpedrete siguen sin dar cr\u00e9dito ante el mazazo que les sacudi\u00f3&hellip;\n","protected":false},"author":2,"featured_media":245498,"comment_status":"","ping_status":"","sticky":false,"template":"","format":"standard","meta":{"footnotes":""},"categories":[5],"tags":[17,18,25,24,13,14,11,19,20,9,10,15,16,2074,8828,7745,57,23,12,21,22,5151],"class_list":{"0":"post-245497","1":"post","2":"type-post","3":"status-publish","4":"format-standard","5":"has-post-thumbnail","7":"category-titulares","8":"tag-breaking-news","9":"tag-breakingnews","10":"tag-es","11":"tag-espana","12":"tag-featured-news","13":"tag-featurednews","14":"tag-headlines","15":"tag-latest-news","16":"tag-latestnews","17":"tag-news","18":"tag-noticias","19":"tag-noticias-destacadas","20":"tag-noticiasdestacadas","21":"tag-que","22":"tag-sabe","23":"tag-se","24":"tag-sobre","25":"tag-spain","26":"tag-titulares","27":"tag-ultimas-noticias","28":"tag-ultimasnoticias","29":"tag-xxx"},"share_on_mastodon":{"url":"https:\/\/pubeurope.com\/@es\/115579304196368794","error":""},"_links":{"self":[{"href":"https:\/\/www.europesays.com\/es\/wp-json\/wp\/v2\/posts\/245497","targetHints":{"allow":["GET"]}}],"collection":[{"href":"https:\/\/www.europesays.com\/es\/wp-json\/wp\/v2\/posts"}],"about":[{"href":"https:\/\/www.europesays.com\/es\/wp-json\/wp\/v2\/types\/post"}],"author":[{"embeddable":true,"href":"https:\/\/www.europesays.com\/es\/wp-json\/wp\/v2\/users\/2"}],"replies":[{"embeddable":true,"href":"https:\/\/www.europesays.com\/es\/wp-json\/wp\/v2\/comments?post=245497"}],"version-history":[{"count":0,"href":"https:\/\/www.europesays.com\/es\/wp-json\/wp\/v2\/posts\/245497\/revisions"}],"wp:featuredmedia":[{"embeddable":true,"href":"https:\/\/www.europesays.com\/es\/wp-json\/wp\/v2\/media\/245498"}],"wp:attachment":[{"href":"https:\/\/www.europesays.com\/es\/wp-json\/wp\/v2\/media?parent=245497"}],"wp:term":[{"taxonomy":"category","embeddable":true,"href":"https:\/\/www.europesays.com\/es\/wp-json\/wp\/v2\/categories?post=245497"},{"taxonomy":"post_tag","embeddable":true,"href":"https:\/\/www.europesays.com\/es\/wp-json\/wp\/v2\/tags?post=245497"}],"curies":[{"name":"wp","href":"https:\/\/api.w.org\/{rel}","templated":true}]}}