{"id":245504,"date":"2025-11-20T01:06:10","date_gmt":"2025-11-20T01:06:10","guid":{"rendered":"https:\/\/www.europesays.com\/es\/245504\/"},"modified":"2025-11-20T01:06:10","modified_gmt":"2025-11-20T01:06:10","slug":"amaia-dallafuente-israel-fernandez-y-yerai-cortes-llenan-la-puerta-del-sol","status":"publish","type":"post","link":"https:\/\/www.europesays.com\/es\/245504\/","title":{"rendered":"Amaia, Dallafuente, Israel Fern\u00e1ndez y Yerai Cort\u00e9s llenan la Puerta del Sol"},"content":{"rendered":"<p class=\"mce\">La <a data-content-id=\"\" href=\"https:\/\/www.telemadrid.es\/tag\/Puerta-del-Sol\/\" text=\"Puerta del Sol\" title=\"\" target=\"_blank\" rel=\"noopener nofollow\" class=\"mceNonEditable mce\">Puerta del Sol<\/a> se ha convertido este mi\u00e9rcoles en el epicentro de la m\u00fasica espa\u00f1ola gracias a El encuentro, un concierto masivo y gratuito organizado por <a data-content-id=\"\" href=\"https:\/\/www.telemadrid.es\/tag\/Apple\/\" text=\"Apple \" title=\"\" target=\"_blank\" rel=\"noopener nofollow\" class=\"mceNonEditable mce\">Apple <\/a>para conmemorar su <strong class=\"mce\">40 aniversario en Espa\u00f1a<\/strong>.<\/p>\n<p class=\"mce\">El evento, que ha arrancado a las 20.00 horas, ha reunido en un escenario de grandes dimensiones a cuatro de los artistas m\u00e1s representativos de la escena actual: <a data-content-id=\"\" href=\"https:\/\/www.telemadrid.es\/tag\/Amaia-OT\/\" text=\"Amaia\" title=\"\" target=\"_blank\" rel=\"noopener nofollow\" class=\"mceNonEditable mce\">Amaia<\/a><strong class=\"mce\">, Dellafuente, Israel Fern\u00e1ndez y Yerai Cort\u00e9s<\/strong>.<\/p>\n<p>                <a href=\"https:\/\/www.telemadrid.es\/programas\/madrid-directo\/Natalia-Lacunza-desnuda-su-alma-con-N2STAL5IA-su-nuevo-disco-2-2835636482--20251118080000.html\" class=\"lnk\" target=\"_blank\" rel=\"nofollow noopener\">Natalia Lacunza desnuda su alma con &#8216;N2STAL5IA&#8217;, su nuevo disco<\/a><\/p>\n<p class=\"mce\">Bajo el <strong class=\"mce\">lema <\/strong>El encuentro, la multinacional tecnol\u00f3gica ha querido realizar un homenaje a la cultura y la creatividad espa\u00f1olas, representadas por un cartel que a\u00fana <strong class=\"mce\">tradici\u00f3n y vanguardia<\/strong>.<\/p>\n<p class=\"mce\">Frente a la ic\u00f3nica tienda de Apple, que tambi\u00e9n alberga parte de las oficinas m\u00e1s importantes de la compa\u00f1\u00eda en el pa\u00eds, la plaza ha sido transformada para acoger a miles de asistentes que, sin duda, han respondido a la convocatoria de <strong class=\"mce\">entrada libre<\/strong>.<\/p>\n<p>                <a href=\"https:\/\/www.telemadrid.es\/programas\/disfruta-madrid\/Conoces-como-se-monta-el-arbol-de-Navidad-de-la-Puerta-del-Sol-2-2834736523--20251115093000.html\" class=\"lnk\" target=\"_blank\" rel=\"nofollow noopener\">\u00bfConoces c\u00f3mo se monta el \u00e1rbol de Navidad de la Puerta del Sol?<\/a><\/p>\n<p class=\"mce\">El cuarteto de artistas ha ofrecido una muestra del diverso <strong class=\"mce\">panorama musical nacional<\/strong>. La expectaci\u00f3n generada por el concierto ha sido tal que la asistencia fue masiva, con m\u00e1s de 15.000 personas, lo que ha obligado a la polic\u00eda a realizar <strong class=\"mce\">controles de aforo<\/strong> para gestionar la multitud.<\/p>\n<p class=\"mce\">Asimismo, la <strong class=\"mce\">estaci\u00f3n de Cercan\u00edas de Sol<\/strong> ha experimentado <strong class=\"mce\">restricciones<\/strong> en su servicio durante las horas previas al evento, entre las 18.00 y las 20.00 horas, para facilitar el acceso seguro del p\u00fablico.<\/p>\n<p>                <a href=\"https:\/\/www.telemadrid.es\/programas\/telenoticias-1\/Marta-Sanchez-celebra-40-anos-de-carrera-con-un-nuevo-disco-2-2835936419--20251119051614.html\" class=\"lnk\" target=\"_blank\" rel=\"nofollow noopener\">Marta S\u00e1nchez celebra 40 a\u00f1os de carrera con un nuevo disco<\/a><\/p>\n<p class=\"mce\">Con esta iniciativa, Apple no solo ha celebrado <strong class=\"mce\">cuatro d\u00e9cadas de presencia en Espa\u00f1a<\/strong>, sino que tambi\u00e9n ha puesto en valor <strong class=\"mce\">la riqueza y la evoluci\u00f3n<\/strong> de la creaci\u00f3n art\u00edstica nacional, llevando la esencia de la m\u00fasica espa\u00f1ola al coraz\u00f3n de Madrid.<\/p>\n","protected":false},"excerpt":{"rendered":"La Puerta del Sol se ha convertido este mi\u00e9rcoles en el epicentro de la m\u00fasica espa\u00f1ola gracias a&hellip;\n","protected":false},"author":2,"featured_media":245505,"comment_status":"","ping_status":"","sticky":false,"template":"","format":"standard","meta":{"footnotes":""},"categories":[174],"tags":[19674,2823,218,255,2339,62728,62766,146,147,25,24,256,62729,185,43852,23,8595,21765],"class_list":{"0":"post-245504","1":"post","2":"type-post","3":"status-publish","4":"format-standard","5":"has-post-thumbnail","7":"category-famosos","8":"tag-amaia","9":"tag-apple","10":"tag-canciones","11":"tag-celebrities","12":"tag-concierto","13":"tag-dellafuente","14":"tag-el-encuentro","15":"tag-entertainment","16":"tag-entretenimiento","17":"tag-es","18":"tag-espana","19":"tag-famosos","20":"tag-israel-fernandez","21":"tag-musica","22":"tag-puerta-del-sol","23":"tag-spain","24":"tag-tradicion","25":"tag-vanguardia"},"share_on_mastodon":{"url":"https:\/\/pubeurope.com\/@es\/115579347750642110","error":""},"_links":{"self":[{"href":"https:\/\/www.europesays.com\/es\/wp-json\/wp\/v2\/posts\/245504","targetHints":{"allow":["GET"]}}],"collection":[{"href":"https:\/\/www.europesays.com\/es\/wp-json\/wp\/v2\/posts"}],"about":[{"href":"https:\/\/www.europesays.com\/es\/wp-json\/wp\/v2\/types\/post"}],"author":[{"embeddable":true,"href":"https:\/\/www.europesays.com\/es\/wp-json\/wp\/v2\/users\/2"}],"replies":[{"embeddable":true,"href":"https:\/\/www.europesays.com\/es\/wp-json\/wp\/v2\/comments?post=245504"}],"version-history":[{"count":0,"href":"https:\/\/www.europesays.com\/es\/wp-json\/wp\/v2\/posts\/245504\/revisions"}],"wp:featuredmedia":[{"embeddable":true,"href":"https:\/\/www.europesays.com\/es\/wp-json\/wp\/v2\/media\/245505"}],"wp:attachment":[{"href":"https:\/\/www.europesays.com\/es\/wp-json\/wp\/v2\/media?parent=245504"}],"wp:term":[{"taxonomy":"category","embeddable":true,"href":"https:\/\/www.europesays.com\/es\/wp-json\/wp\/v2\/categories?post=245504"},{"taxonomy":"post_tag","embeddable":true,"href":"https:\/\/www.europesays.com\/es\/wp-json\/wp\/v2\/tags?post=245504"}],"curies":[{"name":"wp","href":"https:\/\/api.w.org\/{rel}","templated":true}]}}