{"id":245506,"date":"2025-11-20T01:07:33","date_gmt":"2025-11-20T01:07:33","guid":{"rendered":"https:\/\/www.europesays.com\/es\/245506\/"},"modified":"2025-11-20T01:07:33","modified_gmt":"2025-11-20T01:07:33","slug":"ideas-para-un-salon-calido-acogedor-y-sofisticado","status":"publish","type":"post","link":"https:\/\/www.europesays.com\/es\/245506\/","title":{"rendered":"ideas para un sal\u00f3n, c\u00e1lido, acogedor y sofisticado"},"content":{"rendered":"<p id=\"eaJdgxVfoX5\" data-wc=\"70\">Las chimeneas han vuelto a ocupar el lugar que siempre les correspondi\u00f3: el <a class=\"hm-link ho-link\" href=\"https:\/\/www.hola.com\/decoracion\/20251022862841\/estilo-organico-moderno-tendencia\/\" data-mrf-recirculation=\"article-body-link\" rel=\"nofollow noopener\" target=\"_blank\">coraz\u00f3n del sal\u00f3n<\/a>. M\u00e1s all\u00e1 de su funci\u00f3n pr\u00e1ctica, <strong>se han convertido en un\u00a0<\/strong><a class=\"hm-link ho-link\" href=\"https:\/\/www.hola.com\/decoracion\/20250915855768\/truco-facil-decoradores-transformar-espacio-casa-lm\/\" data-mrf-recirculation=\"article-body-link\" rel=\"nofollow noopener\" target=\"_blank\">s\u00edmbolo de bienestar y equilibrio<\/a>. La chimenea ya no es solo un punto de calor, sino una declaraci\u00f3n de estilo e intenci\u00f3n.<strong>\u00a0Integrada en la arquitectura o convertida en pieza protagonista<\/strong>, redefine el ambiente y aporta esa sensaci\u00f3n de hogar que todos buscamos.\u00a0<\/p>\n<p>111<\/p>\n<p>  <img src=\"https:\/\/www.europesays.com\/es\/wp-content\/uploads\/2025\/11\/f0431d0f452e-proyecto-de-coblonal-foto-heidi-cavazos-02.jpg\"   width=\"1920\" height=\"1080\" loading=\"lazy\" decoding=\"async\" alt=\"Sal\u00f3n con chimenea\" fetchpriority=\"auto\" class=\"image ho-image\"\/>\u00a9 Heidi Cavazos<\/p>\n<p> La magia del fuego<\/p>\n<p id=\"eG-8VS5xCgA\"><a class=\"hm-link ho-link\" href=\"https:\/\/www.hola.com\/decoracion\/20250120740981\/salones-chimeneas-clasicas-diseno-palaciego-am\/\" data-mrf-recirculation=\"article-body-link\" rel=\"nofollow noopener\" target=\"_blank\">Encender la chimenea es un gesto casi ritual<\/a>. El fuego aporta un tipo de calidez que va m\u00e1s all\u00e1 de la temperatura \u2014es emocional, sensorial y profundamente humano\u2014. Para los fundadores del estudio de interiorismo The Room Studio, \u00abla chimenea tiene algo hipn\u00f3tico. Su luz re\u00fane, calma y transforma la percepci\u00f3n del espacio. Porque <strong>un sal\u00f3n con chimenea no solo se contempla: se habita, se siente y se comparte<\/strong>\u00ab. Sal\u00f3n con chimenea integrada en el frente de la televisi\u00f3n, dise\u00f1o de Coblonal Interiorismo.\u00a0<\/p>\n<p>211<\/p>\n<p>  <img src=\"https:\/\/www.europesays.com\/es\/wp-content\/uploads\/2025\/11\/f1a296c2ea3d-tbpp006.jpg\"   width=\"1920\" height=\"1080\" loading=\"lazy\" decoding=\"async\" alt=\"Sal\u00f3n con chimenea\" fetchpriority=\"auto\" class=\"image ho-image\"\/>\u00a9 Terraza Balear\/Gunni&amp;Trentino<\/p>\n<p> El nuevo lujo: atm\u00f3sfera y bienestar<\/p>\n<p id=\"e5B_xXRSgzB\">Hoy, el lujo se mide en calma. Una chimenea bien dise\u00f1ada no necesita ostentaci\u00f3n: basta con una <strong>composici\u00f3n de materiales nobles, una luz tenue y tejidos naturales\u00a0<\/strong>que acompa\u00f1en la escena. Porque alrededor de una chimenea, sea el que sea su estilo, encajan los textiles abrigados como alfombras de lana, sof\u00e1s amplios de tapicer\u00eda gruesa, mantas y cojines. La <a class=\"hm-link ho-link\" href=\"https:\/\/www.hola.com\/decoracion\/20240627700921\/ambientes-con-texturas-para-un-interiorismo-emocional-am\/\" data-mrf-recirculation=\"article-body-link\" rel=\"nofollow noopener\" target=\"_blank\">textura complementa el calor del fuego<\/a>. Sal\u00f3n proyectado por Terraza Balear del Gunni&amp;Trentino.<\/p>\n<p>311<\/p>\n<p>  <img src=\"https:\/\/www.europesays.com\/es\/wp-content\/uploads\/2025\/11\/845f5a41d374-chimenea-lena-y-cuarcitawood-2.jpg\"   width=\"1920\" height=\"1080\" loading=\"lazy\" decoding=\"async\" alt=\"Sal\u00f3n con chimenea\" fetchpriority=\"auto\" class=\"image ho-image\"\/>\u00a9 VICUGO STUDIO<\/p>\n<p> Chimeneas de le\u00f1a: tradici\u00f3n y autenticidad<\/p>\n<p id=\"eiRk_WljOO3\">Las chimeneas de le\u00f1a siguen siendo las favoritas de los amantes de lo natural. Su sonido, su aroma y su luz irregular convierten el sal\u00f3n en un refugio. Requieren mantenimiento y una correcta instalaci\u00f3n, pero tambi\u00e9n pueden <strong>adaptar el dise\u00f1o a espacios m\u00e1s cl\u00e1sicos o contempor\u00e1neos<\/strong>. Los revestimientos en piedra o hierro forjado realzan su car\u00e1cter artesanal, mientras que los dise\u00f1os m\u00e1s contempor\u00e1neos reinterpretan su esencia en l\u00edneas limpias y minimalistas.\u00a0<\/p>\n<p id=\"een3XpXmdU\">Dentro de las chimeneas de le\u00f1a, las de tipo <strong>casete<\/strong><strong>\u00a0o insertables\u00a0<\/strong>ofrecen una versi\u00f3n m\u00e1s pr\u00e1ctica y limpia de este cl\u00e1sico. Al estar cerradas, mejoran el rendimiento y reducen residuos. Proyecto de Wood Estudio con una chimenea de le\u00f1a y revestimiento de cuarcita. Toma nota de esta idea para almacenar algo de le\u00f1a cerca de la chimenea.\u00a0<\/p>\n<p>411<\/p>\n<p>  <img src=\"https:\/\/www.europesays.com\/es\/wp-content\/uploads\/2025\/11\/7aaa58b37549-filiofocusbioetahnolcmjn01.jpg\"   width=\"1080\" height=\"1800\" loading=\"lazy\" decoding=\"async\" alt=\"Sal\u00f3n con chimenea\" fetchpriority=\"auto\" class=\"image ho-image\"\/>\u00a9 Focus<\/p>\n<p> Chimeneas de gas o bioetanol: comodidad contempor\u00e1nea<\/p>\n<p id=\"eo2swsPfjeb\">Las <a class=\"hm-link ho-link\" href=\"https:\/\/www.hola.com\/decoracion\/20231121243358\/chimeneas-modernas-ambientes-acogedores-am\/\" data-mrf-recirculation=\"article-body-link\" rel=\"nofollow noopener\" target=\"_blank\">versiones modernas de chimeneas<\/a><strong>\u00a0\u2014de gas o bioetanol\u2014 permiten disfrutar del efecto visual del fuego sin complicaciones, ya que es posible prescindir en algunos casos de conductos y residuos<\/strong>. Son perfectas para viviendas urbanas o pisos, porque ofrecen dise\u00f1os limpios y arquitect\u00f3nicos sin necesidad de demasiada instalaci\u00f3n. En la imagen, la chimenea Filiofocus de bioetanol de Focus, con campana c\u00f3nica suspendida, se suma a la historia de esta pieza central, dise\u00f1ada originalmente para el arquitecto Norman Foster.\u00a0<\/p>\n<p>511<\/p>\n<p>  <img src=\"https:\/\/www.europesays.com\/es\/wp-content\/uploads\/2025\/11\/571e464d3d5f-astarloa003.jpg\"   width=\"1080\" height=\"1800\" loading=\"lazy\" decoding=\"async\" alt=\"Sal\u00f3n con chimenea\" fetchpriority=\"auto\" class=\"image ho-image\"\/>\u00a9 erlantz biderbost<\/p>\n<p> Chimeneas de vapor de agua: fuego sin fuego<\/p>\n<p id=\"ee2Zlmyvopk\">Las<strong>\u00a0chimeneas de vapor de agua representan la \u00faltima generaci\u00f3n en dise\u00f1o sostenible<\/strong>. Funcionan creando un efecto visual de llama a trav\u00e9s del vapor y la iluminaci\u00f3n LED, sin emitir humo, olor ni calor. Son seguras, limpias y sorprendentemente realistas. Su versatilidad permite integrarlas en muebles, paredes o estructuras ligeras, aportando el mismo magnetismo visual del fuego aut\u00e9ntico con una tecnolog\u00eda respetuosa y silenciosa. Proyecto de Andrea Diego Studio.<\/p>\n<p>611<\/p>\n<p>  <img src=\"https:\/\/www.europesays.com\/es\/wp-content\/uploads\/2025\/11\/ed6b723cc95d-mila-apartment-09.jpg\"   width=\"1920\" height=\"1080\" loading=\"lazy\" decoding=\"async\" alt=\"Sal\u00f3n con chimenea\" fetchpriority=\"auto\" class=\"image ho-image\"\/>\u00a9 Jordi Miralles<\/p>\n<p> Integrar la chimenea en el mobiliario<\/p>\n<p id=\"eKv5GQUziXy\">Es una soluci\u00f3n pr\u00e1ctica y frecuente en interiores contempor\u00e1neos. La <a class=\"hm-link ho-link\" href=\"https:\/\/www.hola.com\/decoracion\/20231219244727\/mueble-salon-televisor-chimenea-estilo-moderno-am\/\" data-mrf-recirculation=\"article-body-link\" rel=\"nofollow noopener\" target=\"_blank\">chimenea se funde con el dise\u00f1o del mueble principal<\/a><strong data-gid=\"eZZOrUT4Fts\">, combinando funci\u00f3n y est\u00e9tica<\/strong>. Es habitual optar por chimeneas que no emitan demasiado calor (como las de bioetanol o de vapor de agua) cuando quedan debajo del televisor. Proyecto del estudio Molins Design.<\/p>\n<p>711<\/p>\n<p>  <img src=\"https:\/\/www.europesays.com\/es\/wp-content\/uploads\/2025\/11\/71ed81f3fec8-c2a5174.jpg\"   width=\"1080\" height=\"1800\" loading=\"lazy\" decoding=\"async\" alt=\"Sal\u00f3n con chimenea\" fetchpriority=\"auto\" class=\"image ho-image\"\/>\u00a9 CARLA CAPDEVILA<\/p>\n<p> Chimeneas decorativas<\/p>\n<p id=\"eDBwSBEzsnB\">En muchos proyectos <strong data-gid=\"eU2DT8tRntM\">se recuperan chimeneas existentes, aunque no se vayan a utilizar con le\u00f1a<\/strong>. Al igual que es posible incorporar en un proyecto solo embocaduras extra decorativas. Sus dise\u00f1os pueden adaptarse al estilo y colocar en la base muchas velas. Tambi\u00e9n se pueden decorar con libros o con cestas y plantas.\u00a0<\/p>\n<p id=\"eRPVvDbruA1\">En este tipo de <a class=\"hm-link ho-link\" href=\"https:\/\/www.hola.com\/decoracion\/20240118246917\/ideas-para-decorar-chimenea-salon-mc\/\" data-mrf-recirculation=\"article-body-link\" rel=\"nofollow noopener\" target=\"_blank\">chimeneas decorativas<\/a>, los revestimientos que las envuelven son esenciales. La <strong data-gid=\"eoih4zsdIyE\">elecci\u00f3n del material define el estilo<\/strong>. Por ejemplo, piedra natural para un aire atemporal, m\u00e1rmol para un toque sofisticado o acero negro para un car\u00e1cter m\u00e1s industrial. Proyecto de Mar\u00eda Antonia S\u00e1nchez Studio.<\/p>\n<p>811<\/p>\n<p>  <img src=\"https:\/\/www.europesays.com\/es\/wp-content\/uploads\/2025\/11\/8bf3e998a43a-pia-capdevila-proyecto-450-lausanne-planta-0-foto-jordicanosa-estilismo-mar-gaus.jpg\"   width=\"1080\" height=\"1800\" loading=\"lazy\" decoding=\"async\" alt=\"Sal\u00f3n con chimenea\" fetchpriority=\"auto\" class=\"image ho-image\"\/>\u00a9 Jordi Canosa<\/p>\n<p> La ubicaci\u00f3n en el sal\u00f3n<\/p>\n<p id=\"e1BDkqyV8P0\">Situar la <a class=\"hm-link ho-link\" href=\"https:\/\/www.hola.com\/decoracion\/20230929240307\/10-ideas-decorar-pared-chimenea-salon-ms\/\" data-mrf-recirculation=\"article-body-link\" rel=\"nofollow noopener\" target=\"_blank\">chimenea en el eje visual principal del sal\u00f3n<\/a> <strong>ayuda a estructurar el espacio<\/strong>. Puede actuar como <strong>punto focal en la zona de asientos<\/strong>, en una ubicaci\u00f3n central. La clave est\u00e1 en dejar que respire, sin saturar su entorno. Puede quedar centrada, debajo del televisor o sin este elemento o ladeada, junto a los audiovisuales. Proyecto de la interiorista Pia Capdevila con interiorismo de Mar Gausachs.<\/p>\n<p>1011<\/p>\n<p>  <img src=\"https:\/\/www.europesays.com\/es\/wp-content\/uploads\/2025\/11\/33fc8bff121a-luzio-studio-proyecto-calaf-foto-montse-garriga-9.jpg\"   width=\"1080\" height=\"1800\" loading=\"lazy\" decoding=\"async\" alt=\"Sal\u00f3n con chimenea\" fetchpriority=\"auto\" class=\"image ho-image\"\/>\u00a9 Montse Garriga<\/p>\n<p> En un rinc\u00f3n del sal\u00f3n<\/p>\n<p id=\"ehCobCkzF7\">No siempre tiene que ocupar una posici\u00f3n central en el sal\u00f3n. Aunque su sola presencia har\u00e1 que ese espacio adquiera protagonismo. Por ejemplo, es frecuente dejar <strong>la chimenea en un\u00a0<\/strong><a class=\"hm-link ho-link\" href=\"https:\/\/www.hola.com\/decoracion\/20250917855864\/ideas-rincon-lectura-acogedor-barato\/\" data-mrf-recirculation=\"article-body-link\" rel=\"nofollow noopener\" target=\"_blank\">espacio de tertulia o lectura<\/a><strong>, m\u00e1s \u00edntimo y recogido<\/strong>. Esta es la propuesta de Luzio Studio.\u00a0<\/p>\n<p>1111<\/p>\n<p>  <img src=\"https:\/\/www.europesays.com\/es\/wp-content\/uploads\/2025\/11\/4b3b618c2285-grappus.jpg\"   width=\"1920\" height=\"1080\" loading=\"lazy\" decoding=\"async\" alt=\"Sal\u00f3n con chimenea\" fetchpriority=\"auto\" class=\"image ho-image\"\/>\u00a9 Focus<\/p>\n<p> Dise\u00f1o compacto, calidez m\u00e1xima<\/p>\n<p id=\"ebbBrnPcp5\">Las chimeneas no son solo para salones grandes. Hoy hay <strong>dise\u00f1os exentos de dimensiones reducidas, modelos que se pueden instalar en una pared<\/strong> \u2014colgadas como un cuadro\u2014 o <strong>propuestas que reducen sus dimensiones para que resulten ligeras\u00a0<\/strong>en <a class=\"hm-link ho-link\" href=\"https:\/\/www.hola.com\/decoracion\/20240814708144\/salones-pequenos-ideas-aprovechar-espacio\/\" data-mrf-recirculation=\"article-body-link\" rel=\"nofollow noopener\" target=\"_blank\">salones peque\u00f1os<\/a>. Este es un buen ejemplo: el modelo de le\u00f1a Grappus, creado por Thibault D\u00e9sombre para Focus, que con su estructura vertical ocupa muy poco y, adem\u00e1s, incorpora zonas de almacenaje para la le\u00f1a, convirtiendo la funcionalidad en parte del dise\u00f1o. \u00a0<\/p>\n","protected":false},"excerpt":{"rendered":"Las chimeneas han vuelto a ocupar el lugar que siempre les correspondi\u00f3: el coraz\u00f3n del sal\u00f3n. M\u00e1s all\u00e1&hellip;\n","protected":false},"author":2,"featured_media":245507,"comment_status":"","ping_status":"","sticky":false,"template":"","format":"standard","meta":{"footnotes":""},"categories":[173],"tags":[229,233,231,230,62767,8372,60584,232,234,146,147,25,24,14047,23],"class_list":{"0":"post-245506","1":"post","2":"type-post","3":"status-publish","4":"format-standard","5":"has-post-thumbnail","7":"category-arte-y-diseno","8":"tag-arte","9":"tag-arte-y-diseno","10":"tag-arts","11":"tag-arts-and-design","12":"tag-chimeneas","13":"tag-decoracion","14":"tag-decoracion-de-salones","15":"tag-design","16":"tag-diseno","17":"tag-entertainment","18":"tag-entretenimiento","19":"tag-es","20":"tag-espana","21":"tag-ideas-decoracion","22":"tag-spain"},"share_on_mastodon":{"url":"https:\/\/pubeurope.com\/@es\/115579351829140656","error":""},"_links":{"self":[{"href":"https:\/\/www.europesays.com\/es\/wp-json\/wp\/v2\/posts\/245506","targetHints":{"allow":["GET"]}}],"collection":[{"href":"https:\/\/www.europesays.com\/es\/wp-json\/wp\/v2\/posts"}],"about":[{"href":"https:\/\/www.europesays.com\/es\/wp-json\/wp\/v2\/types\/post"}],"author":[{"embeddable":true,"href":"https:\/\/www.europesays.com\/es\/wp-json\/wp\/v2\/users\/2"}],"replies":[{"embeddable":true,"href":"https:\/\/www.europesays.com\/es\/wp-json\/wp\/v2\/comments?post=245506"}],"version-history":[{"count":0,"href":"https:\/\/www.europesays.com\/es\/wp-json\/wp\/v2\/posts\/245506\/revisions"}],"wp:featuredmedia":[{"embeddable":true,"href":"https:\/\/www.europesays.com\/es\/wp-json\/wp\/v2\/media\/245507"}],"wp:attachment":[{"href":"https:\/\/www.europesays.com\/es\/wp-json\/wp\/v2\/media?parent=245506"}],"wp:term":[{"taxonomy":"category","embeddable":true,"href":"https:\/\/www.europesays.com\/es\/wp-json\/wp\/v2\/categories?post=245506"},{"taxonomy":"post_tag","embeddable":true,"href":"https:\/\/www.europesays.com\/es\/wp-json\/wp\/v2\/tags?post=245506"}],"curies":[{"name":"wp","href":"https:\/\/api.w.org\/{rel}","templated":true}]}}