{"id":245511,"date":"2025-11-20T01:12:09","date_gmt":"2025-11-20T01:12:09","guid":{"rendered":"https:\/\/www.europesays.com\/es\/245511\/"},"modified":"2025-11-20T01:12:09","modified_gmt":"2025-11-20T01:12:09","slug":"el-escritor-de-la-biografia-de-lewandowski-confirma-que-el-barca-le-pidio-que-dejase-de-marcar-fue-la-primera-y-probablemente-la-ultima-vez-que-le-han-pedido-que-no-marque-futbol","status":"publish","type":"post","link":"https:\/\/www.europesays.com\/es\/245511\/","title":{"rendered":"El escritor de la biograf\u00eda de Lewandowski confirma que el Bar\u00e7a le pidi\u00f3 que dejase de marcar: \u00abFue la primera y probablemente la \u00faltima vez que le han pedido que no marque\u00bb | F\u00fatbol"},"content":{"rendered":"<p>Robert Lewandowski ha sido noticia en las \u00faltimas horas despu\u00e9s de la publicaci\u00f3n de su biograf\u00eda Lewandowski: el verdadero, escrito por el autor polaco Sebastian Staszewski.<a href=\"https:\/\/cadenaser.com\/nacional\/2025\/11\/19\/el-barca-le-pidio-a-lewandowski-dejar-de-marcar-goles-cadena-ser\/\" target=\"_blank\" rel=\"nofollow noopener\" title=\"https:\/\/cadenaser.com\/nacional\/2025\/11\/19\/el-barca-le-pidio-a-lewandowski-dejar-de-marcar-goles-cadena-ser\/\"> Seg\u00fan cuenta el libro, el Bar\u00e7a le habr\u00eda pedido a Robert Lewandowski que dejase de meter goles al final de la temporada 2023\/24 para as\u00ed ahorrarse el bonus de 2,5 millones<\/a> de euros en concepto de bonus al Bayern de M\u00fanich. Un hecho que ha dado la vuelta al mundo, ha destacado en la prensa polaca y ha revolucionado a los medios en Espa\u00f1a, que r\u00e1pidamente se han hecho eco de la noticia. <\/p>\n<p>Sebastian Staszewski, escritor de la biograf\u00eda de Robert Lewandowski, ha hablado con &#8216;El Larguero&#8217; para explicar esta parte del libro y aclarar si es cierto tal y como se cuenta en este escrito o si se trata de alg\u00fan tipo de estrategia de marketing que haga vender m\u00e1s copias del libro alrededor del mundo. Laura Longueira, periodista de la Cadena SER, le hizo las preguntas claves y este resolvi\u00f3 todo lo que quedaba por saber acerca de una noticia que se ha colado en todos los diarios deportivos de nuestro pa\u00eds.<\/p>\n<p>Las respuestas m\u00e1s destacadas de la entrevista<\/p>\n<p><b>\u00bfC\u00f3mo te enteraste de este hecho? <\/b>\u00abCuando escuch\u00e9 la historia por primera vez fue sorprendente y graciosa, pero la confirm\u00e9 con tres fuentes, as\u00ed que s\u00e9 seguro que es cierto. Entiendo la posici\u00f3n del FC Barcelona porque era un tiempo en el que la situaci\u00f3n econ\u00f3mica era un problema y no hab\u00eda dinero en el club, por lo que cuidaban sus ahorros. Fue una solicitud del Barcelona para que Lewandowski dejase de marcar en los dos \u00faltimos dos partidos de la temporada. Pero bueno, como la m\u00e1quina de hacer goles que es Lewy, s\u00e9 que si no meti\u00f3 goles no fue porque se lo pidi\u00f3 el Bar\u00e7a, sino porque no tuvo suerte de cara a puerta en esos dos partidos\u00bb.<\/p>\n<p><b>\u00bfTe lo confirmaron desde dentro del club?<\/b> \u00abHan sido al menos cinco personas, a las que las conozco por nombre y apellidos y que est\u00e1n tanto en el club como en el staff t\u00e9cnico del FC Barcelona. Fue una petici\u00f3n por parte de gente muy importante dentro del FC Barcelona\u00bb.<\/p>\n<p><b>\u00bfC\u00f3mo lo vivi\u00f3 Robert Lewandowski?<\/b> \u00abPara Robert Lewandowski fue algo sorprendente. Fue la primera y posiblemente la \u00faltima vez que le pidieron no marcar goles. Al principio ser\u00eda sorprendente, pero entendi\u00f3 esta solicitud teniendo en cuenta la situaci\u00f3n econ\u00f3mica del club. Entendi\u00f3 la petici\u00f3n, aunque fuese sorprendente para \u00e9l\u00bb.<\/p>\n","protected":false},"excerpt":{"rendered":"Robert Lewandowski ha sido noticia en las \u00faltimas horas despu\u00e9s de la publicaci\u00f3n de su biograf\u00eda Lewandowski: el&hellip;\n","protected":false},"author":2,"featured_media":245512,"comment_status":"","ping_status":"","sticky":false,"template":"","format":"standard","meta":{"footnotes":""},"categories":[93],"tags":[62768,210,168,25,24,881,62769,62770,62771,27871,58754,62772,23,167,9079,62773,62774,62775],"class_list":{"0":"post-245511","1":"post","2":"type-post","3":"status-publish","4":"format-standard","5":"has-post-thumbnail","7":"category-deportes","8":"tag-august-5th","9":"tag-barcelona","10":"tag-deportes","11":"tag-es","12":"tag-espana","13":"tag-fc-barcelona","14":"tag-joan-laporta-president","15":"tag-new-player","16":"tag-new-poland-striker","17":"tag-photo","18":"tag-presentation","19":"tag-presentation-ceremony","20":"tag-spain","21":"tag-sports","22":"tag-spotify-camp-nou","23":"tag-spotify-camp-nou-stadium","24":"tag-striker","25":"tag-three-quarter-lenght"},"share_on_mastodon":{"url":"","error":""},"_links":{"self":[{"href":"https:\/\/www.europesays.com\/es\/wp-json\/wp\/v2\/posts\/245511","targetHints":{"allow":["GET"]}}],"collection":[{"href":"https:\/\/www.europesays.com\/es\/wp-json\/wp\/v2\/posts"}],"about":[{"href":"https:\/\/www.europesays.com\/es\/wp-json\/wp\/v2\/types\/post"}],"author":[{"embeddable":true,"href":"https:\/\/www.europesays.com\/es\/wp-json\/wp\/v2\/users\/2"}],"replies":[{"embeddable":true,"href":"https:\/\/www.europesays.com\/es\/wp-json\/wp\/v2\/comments?post=245511"}],"version-history":[{"count":0,"href":"https:\/\/www.europesays.com\/es\/wp-json\/wp\/v2\/posts\/245511\/revisions"}],"wp:featuredmedia":[{"embeddable":true,"href":"https:\/\/www.europesays.com\/es\/wp-json\/wp\/v2\/media\/245512"}],"wp:attachment":[{"href":"https:\/\/www.europesays.com\/es\/wp-json\/wp\/v2\/media?parent=245511"}],"wp:term":[{"taxonomy":"category","embeddable":true,"href":"https:\/\/www.europesays.com\/es\/wp-json\/wp\/v2\/categories?post=245511"},{"taxonomy":"post_tag","embeddable":true,"href":"https:\/\/www.europesays.com\/es\/wp-json\/wp\/v2\/tags?post=245511"}],"curies":[{"name":"wp","href":"https:\/\/api.w.org\/{rel}","templated":true}]}}