{"id":245519,"date":"2025-11-20T01:16:13","date_gmt":"2025-11-20T01:16:13","guid":{"rendered":"https:\/\/www.europesays.com\/es\/245519\/"},"modified":"2025-11-20T01:16:13","modified_gmt":"2025-11-20T01:16:13","slug":"ibex-35-subio-hoy-19-de-noviembre-con-el-impulso-de-arcelormittal-y-acerinox","status":"publish","type":"post","link":"https:\/\/www.europesays.com\/es\/245519\/","title":{"rendered":"Ibex 35 subi\u00f3 hoy, 19 de noviembre, con el impulso de ArcelorMittal y Acerinox"},"content":{"rendered":"<p class=\"body-paragraph\">Bloomberg L\u00ednea \u2014 <b>El Ibex 35 cerr\u00f3 la sesi\u00f3n del<\/b> <b>mi\u00e9rcoles<\/b> <b>al alza y se acerc\u00f3 nuevamente a los 16.000 puntos<\/b>, en una jornada que, seg\u00fan analistas de XTB, estuvo marcada por \u201cun optimismo generalizado a la espera del gran evento del trimestre: los resultados de Nvidia (<a href=\"https:\/\/www.bloomberglinea.com\/quote\/NVDA:UN\/\" target=\"_blank\" rel=\"noreferrer nofollow noopener\" title=\"https:\/\/www.bloomberglinea.com\/quote\/NVDA:UN\/\">NVDA<\/a>)\u201d.<\/p>\n<p class=\"default__StyledVerMasText-sc-108h6at-0 cPZEdR body-paragraph view-more-paragraph\"><b>Ver m\u00e1s:<\/b> <a href=\"https:\/\/www.bloomberglinea.com\/mercados\/nvidia-presenta-resultados-con-expectativas-de-record-pero-el-mercado-duda-del-auge-de-la-ia\/\" target=\"_blank\" rel=\"noreferrer nofollow noopener\" title=\"https:\/\/www.bloomberglinea.com\/mercados\/nvidia-presenta-resultados-con-expectativas-de-record-pero-el-mercado-duda-del-auge-de-la-ia\/\">Nvidia presenta resultados con expectativas de r\u00e9cord, pero el mercado duda del auge de la IA<\/a><\/p>\n<p class=\"body-paragraph\">Las acereras lideraron las subidas dentro del selectivo. Analistas de XTB <b>destacaron que ArcelorMittal repunt\u00f3 casi 3% y Acerinox cerca 2,1% tras conocerse que la producci\u00f3n de acero en Alemania aument\u00f3 un 5% en octubre<\/b>.<\/p>\n<p class=\"body-paragraph\">Desde XTB explican que este dato \u201cda cierto impulso a un sector que contin\u00faa enfrentando dificultades en Europa<b> a la espera de que entren en vigor los nuevos aranceles destinados a frenar las importaciones procedentes de China<\/b>\u201d. El selectivo espa\u00f1ol cerr\u00f3 con un avance de 0,39% hasta los 15.889,30<\/p>\n<p>\u2b06\ufe0f Las acciones que m\u00e1s subieron hoy:<\/p>\n<ul class=\"list__StyledUnorderedList-sc-1tao6o9-2 bhhcZc\">\n<li class=\"list__StyledListItem-sc-1tao6o9-0 eiuOBH\"><b>ArcelorMittal<\/b>: 2,83%<\/li>\n<li class=\"list__StyledListItem-sc-1tao6o9-0 eiuOBH\"><b>Acerinox<\/b>: 2,12%<\/li>\n<li class=\"list__StyledListItem-sc-1tao6o9-0 eiuOBH\"><b>IAG<\/b>: 1,78%<\/li>\n<\/ul>\n<p>\u2b07\ufe0f Las acciones que m\u00e1s cayeron hoy:<\/p>\n<ul class=\"list__StyledUnorderedList-sc-1tao6o9-2 bhhcZc\">\n<li class=\"list__StyledListItem-sc-1tao6o9-0 eiuOBH\"><b>Endesa<\/b>: -3,97%<\/li>\n<li class=\"list__StyledListItem-sc-1tao6o9-0 eiuOBH\"><b>Indra Sistemas<\/b>: -3,38%<\/li>\n<li class=\"list__StyledListItem-sc-1tao6o9-0 eiuOBH\"><b>Acciona Energ\u00edas Renovables<\/b>: -3,03%<\/li>\n<\/ul>\n<p class=\"body-paragraph\">Tambi\u00e9n IAG e Inditex avanzaron despu\u00e9s de las ca\u00eddas de la v\u00edspera, <b>en un movimiento que los analistas vinculan a su perfil c\u00edclico y a la fuerte correcci\u00f3n del d\u00eda anterior.<\/b><\/p>\n<p class=\"body-paragraph\">En el extremo opuesto, <b>Endesa retrocedi\u00f3 m\u00e1s de un 3% tras un recorte de precio objetivo por parte de una firma de an\u00e1lisis<\/b>, seg\u00fan se\u00f1alaron los expertos de XTB. <\/p>\n<p><img decoding=\"async\" alt=\"FEINDEF International Defense and Security Exhibition in Spain\" title=\"FEINDEF International Defense and Security Exhibition in Spain\" src=\"https:\/\/www.europesays.com\/es\/wp-content\/uploads\/2025\/11\/TXQC4HWCA5HGZA7T3Q4NZLQLQA.jpg\" style=\"aspect-ratio:4000\/2668;object-fit:cover\" width=\"4000\" height=\"1779\" loading=\"lazy\" class=\"w-full undefined\"\/><\/p>\n<p class=\"image-metadata\">Ibex 35 subi\u00f3 hoy, 19 de noviembre, con el impulso de ArcelorMittal y Acerinox.El stand del Grupo Indra durante la feria de defensa FEINDEF en Madrid.(Bloomberg\/Angel Garcia)<\/p>\n<p class=\"body-paragraph\">Indra tambi\u00e9n cedi\u00f3 m\u00e1s de 3% despu\u00e9s de anunciar una alianza con NATS para desarrollar sistemas de torres digitales de control a\u00e9reo,<b> en un contexto en el que, de acuerdo con XTB, \u201cel sector defensa europeo en general registr\u00f3 descensos significativos\u201d.<\/b><\/p>\n<p class=\"body-paragraph\">En Estados Unidos, pese a una apertura favorable, los \u00edndices han recortado las ganancias. XTB resalt\u00f3 que el dato de balanza comercial de agosto fue \u201cconsiderablemente peor de lo previsto\u201d, <b>una se\u00f1al de que los aranceles est\u00e1n afectando a las importaciones \u201ctal y como la administraci\u00f3n Trump pretend\u00eda\u201d.<\/b><\/p>\n","protected":false},"excerpt":{"rendered":"Bloomberg L\u00ednea \u2014 El Ibex 35 cerr\u00f3 la sesi\u00f3n del mi\u00e9rcoles al alza y se acerc\u00f3 nuevamente a&hellip;\n","protected":false},"author":2,"featured_media":86541,"comment_status":"","ping_status":"","sticky":false,"template":"","format":"standard","meta":{"footnotes":""},"categories":[80],"tags":[82,4429,16178,32008,95,94,5911,25,24,10551,32009,406,5912,46324,4440,46325,205,46326,46327,14574,23,5842,30196],"class_list":{"0":"post-245519","1":"post","2":"type-post","3":"status-publish","4":"format-standard","5":"has-post-thumbnail","7":"category-economia","8":"tag-business","9":"tag-business-news","10":"tag-defense","11":"tag-e-u","12":"tag-economia","13":"tag-economy","14":"tag-emea","15":"tag-es","16":"tag-espana","17":"tag-eu","18":"tag-euro-members","19":"tag-europe","20":"tag-european","21":"tag-fabrication","22":"tag-industries","23":"tag-industry","24":"tag-madrid","25":"tag-manufacture","26":"tag-manufacturing","27":"tag-military","28":"tag-spain","29":"tag-spanish","30":"tag-weaponry"},"share_on_mastodon":{"url":"https:\/\/pubeurope.com\/@es\/115579387140942152","error":""},"_links":{"self":[{"href":"https:\/\/www.europesays.com\/es\/wp-json\/wp\/v2\/posts\/245519","targetHints":{"allow":["GET"]}}],"collection":[{"href":"https:\/\/www.europesays.com\/es\/wp-json\/wp\/v2\/posts"}],"about":[{"href":"https:\/\/www.europesays.com\/es\/wp-json\/wp\/v2\/types\/post"}],"author":[{"embeddable":true,"href":"https:\/\/www.europesays.com\/es\/wp-json\/wp\/v2\/users\/2"}],"replies":[{"embeddable":true,"href":"https:\/\/www.europesays.com\/es\/wp-json\/wp\/v2\/comments?post=245519"}],"version-history":[{"count":0,"href":"https:\/\/www.europesays.com\/es\/wp-json\/wp\/v2\/posts\/245519\/revisions"}],"wp:featuredmedia":[{"embeddable":true,"href":"https:\/\/www.europesays.com\/es\/wp-json\/wp\/v2\/media\/86541"}],"wp:attachment":[{"href":"https:\/\/www.europesays.com\/es\/wp-json\/wp\/v2\/media?parent=245519"}],"wp:term":[{"taxonomy":"category","embeddable":true,"href":"https:\/\/www.europesays.com\/es\/wp-json\/wp\/v2\/categories?post=245519"},{"taxonomy":"post_tag","embeddable":true,"href":"https:\/\/www.europesays.com\/es\/wp-json\/wp\/v2\/tags?post=245519"}],"curies":[{"name":"wp","href":"https:\/\/api.w.org\/{rel}","templated":true}]}}