{"id":245522,"date":"2025-11-20T01:18:09","date_gmt":"2025-11-20T01:18:09","guid":{"rendered":"https:\/\/www.europesays.com\/es\/245522\/"},"modified":"2025-11-20T01:18:09","modified_gmt":"2025-11-20T01:18:09","slug":"el-futuro-de-zapatero-es-penal","status":"publish","type":"post","link":"https:\/\/www.europesays.com\/es\/245522\/","title":{"rendered":"\u00abEl futuro de Zapatero es penal\u00bb"},"content":{"rendered":"<p style=\"\">Jos\u00e9 Luis Rodr\u00edguez <strong>Zapatero fue presidente del Gobierno de Espa\u00f1a entre los a\u00f1os 2004 y 2011<\/strong>. M\u00e1s de una d\u00e9cada despu\u00e9s de que los electores le sacaran con sus votos de la Moncloa, su nombre sigue acaparando titulares por su cercan\u00eda a Pedro S\u00e1nchez  &#8230; y su papel determinante en muchas de las controvertidas negociaciones que est\u00e1 llevando a cabo el Ejecutivo central. <strong>Una figura que \u00absusurra al o\u00eddo\u00bb al actual l\u00edder de los socialistas<\/strong> y cuyo papel en la historia democr\u00e1tica del pa\u00eds protagoniza el \u00faltimo libro de Rosa D\u00edez, la que fuera l\u00edder de UPyD.<strong> &#8216;La Sombra. Memoria hist\u00f3rica de Zapatero&#8217;<\/strong> (Editorial Plaza &amp; Jan\u00e9s), que es como se titula esta obra \u00abcon apariencia de novela negra pero que es historia\u00bb, fue presentado este mi\u00e9rcoles en <strong>el Aula de Cultura de ABC<\/strong>, en la que repas\u00f3 el final de ETA y ofreci\u00f3 una radiograf\u00eda de la pol\u00edtica actual que no dej\u00f3 a nadie indiferente.<\/p>\n<p class=\"voc-p\" style=\"\">Durante el acto de presentaci\u00f3n del libro, que cont\u00f3 con <strong>el patrocinio de la Fundaci\u00f3n Cajasol y la Real Maestranza de Caballer\u00eda de Sevilla<\/strong>, D\u00edez hizo un repas\u00f3 a c\u00f3mo fue la llegada de Zapatero a la secretar\u00eda general del PSOE en el a\u00f1o 2000 y c\u00f3mo labr\u00f3 su ascenso a la Presidencia del Gobierno. Pero tambi\u00e9n habl\u00f3 de lo que presumiblemente ocurrir\u00e1 con \u00e9l de aqu\u00ed a un tiempo. Una aproximaci\u00f3n casi adivinatoria en la que dej\u00f3 el que fue sin duda uno de los titulares de la noche: <strong>\u00abEl futuro de Zapatero es penal y espero que lo escriban los jueces pronto\u00bb<\/strong>. As\u00ed se refiri\u00f3 al expresidente tras calificarlo sin tapujos como <strong>\u00abrepresentante de dictadores y narcotraficantes reconocidos en el mundo\u00bb<\/strong>, como es el caso del venezolano Nicol\u00e1s Maduro.<\/p>\n<p class=\"voc-p\" style=\"\">De hecho, insisti\u00f3 en que \u00abante todo lo que ha hecho Maduro en Venezuela, Zapatero siempre se ha puesto de parte del dictador y frente a todas esas personas cuyos derechos estaban siendo masacrados\u00bb, algo que, por otro lado, asegur\u00f3 que no le sorprende porque se trata de <strong>\u00abun tipo que ha sido capaz de blanquear a ETA\u00bb<\/strong>. D\u00edez advirti\u00f3 de que estos hechos \u00abya est\u00e1n probados\u00bb y que queda que los tribunales diriman si \u00abencima tambi\u00e9n ha cobrado por ello\u00bb. Con todo, <strong>dijo desconocer \u00abcu\u00e1nto tiempo pasar\u00e1 hasta que le veamos sentado en un banquillo\u00bb<\/strong>, aunque reiter\u00f3 que \u00absu futuro ser\u00e1 penal, como espero que sea el de Pedro S\u00e1nchez\u00bb.<\/p>\n<p>\n\u00abJoven y nuevo\u00bb\n<\/p>\n<p class=\"voc-p\" style=\"\">La que fuera militante del PSOE entre los a\u00f1os 1977 y 2017, adem\u00e1s de una de las parlamentarias espa\u00f1olas y europeas con m\u00e1s trayectoria, ofreci\u00f3 <strong>un recorrido por los a\u00f1os en los que Zapatero lleg\u00f3 al poder org\u00e1nico del PSOE<\/strong> y, posteriormente, a ser presidente del Gobierno. Durante el di\u00e1logo que mantuvo con el redactor jefe de ABC de Sevilla, Eduardo Barba, que actu\u00f3 como moderador del Aula de Cultura, D\u00edez record\u00f3 que el protagonista de su libro <strong>fue elegido \u00abpor ser joven y nuevo, aunque m\u00e1s que nuevo estaba poco usado\u00bb<\/strong>. Cuatro a\u00f1os despu\u00e9s de aquello llegar\u00eda a liderar el Ejecutivo central en una legislatura, la primera, en la que \u00abrompi\u00f3 la forma de hacer pol\u00edtica\u00bb y en la que puso en marcha <strong>\u00abuna estrategia para liquidar el legado de la Transici\u00f3n\u00bb<\/strong>. Su \u00fanico fin era \u00abexpulsar del acuerdo al PP e incorporar al sistema a los que eran enemigos tradicionales, seculares y mortales de la democracia. Es decir, <strong>a ETA y a los separatistas<\/strong>\u00bb.<\/p>\n<p class=\"voc-p\" style=\"\">Sus palabras m\u00e1s duras fueron para rememorar las negociaciones que llev\u00f3 a cabo Zapatero con la banda terrorista ETA, a la que \u00abrescat\u00f3 cuando ya estaba derrotada\u00bb. De este asunto habla en el cap\u00edtulo 8 de su libro, puesto que aquellas conversaciones fueron <strong>\u00abese pecado original que hace que los de ahora sean pecados veniales\u00bb<\/strong>. Ahora, casi dos d\u00e9cadas despu\u00e9s de lo que ocurri\u00f3, D\u00edez es muy clara al afirmar que \u00abel peligro mayor del terrorismo es la legitimaci\u00f3n y Zapatero legitim\u00f3 a ETA y S\u00e1nchez la sigue legitimando. Esa es la verdad. <strong>Cambiar la derrota de ETA por el final dialogado de la violencia<\/strong>\u00bb. Lo hizo, adem\u00e1s, recordando que hay todav\u00eda 379 asesinados por la banda terrorista \u00abcuyos juicios no se han celebrado porque no se saben qui\u00e9nes los mataron\u00bb y criticando \u00abla perversi\u00f3n del lenguaje\u00bb. Al respecto, se\u00f1al\u00f3 que \u00ab<strong>en Euskadi nunca nos mataban por estar en guerra sino por luchar por la libertad<\/strong>. Y la primera gran traici\u00f3n era hacernos creer que hab\u00eda una guerra, con unos en un bando y otros en otro bando\u00bb.<\/p>\n<p class=\"voc-p\" style=\"\">Finalmente, D\u00edez <strong>acus\u00f3 a Zapatero de \u00abresucitar el &#8216;guerracivilismo&#8217;\u00bb con su Ley de Memoria Hist\u00f3rica<\/strong>, que \u00abno ten\u00eda otro objetivo que el hecho de que el PP votara en contra y se le marginara\u00bb. Los populares, por su parte, quer\u00edan acordarla para que \u00abno les llamaran fachas\u00bb. De hecho, record\u00f3 que \u00ab<strong>hicieron unas enmiendas para acordar y el PSOE retiraba el texto<\/strong>, porque lo que no quer\u00eda era que votaran a favor para excluirles del consenso en el que el PSOE iba a incorporar a los enemigos mortales de la democracia\u00bb. Algo que, a su juicio, tambi\u00e9n sucedi\u00f3 con <strong>la aprobaci\u00f3n del matrimonio homosexual o la violencia de g\u00e9nero<\/strong>. \u00abFue el primer gran populista, que dividi\u00f3 a la sociedad por sectores, que utilizaba cualquier sensibilidad interna del PSOE para ir contra el PP y que <strong>s\u00f3lo sab\u00eda contentar a la gente con soluciones f\u00e1ciles<\/strong> a problemas complejos\u00bb.<\/p>\n","protected":false},"excerpt":{"rendered":"Jos\u00e9 Luis Rodr\u00edguez Zapatero fue presidente del Gobierno de Espa\u00f1a entre los a\u00f1os 2004 y 2011. M\u00e1s de&hellip;\n","protected":false},"author":2,"featured_media":245523,"comment_status":"","ping_status":"","sticky":false,"template":"","format":"standard","meta":{"footnotes":""},"categories":[8],"tags":[17,18,1630,25,24,13,14,2848,11,19,20,9,10,15,16,7545,2465,23,12,21,22,7472],"class_list":{"0":"post-245522","1":"post","2":"type-post","3":"status-publish","4":"format-standard","5":"has-post-thumbnail","7":"category-espana","8":"tag-breaking-news","9":"tag-breakingnews","10":"tag-diez","11":"tag-es","12":"tag-espana","13":"tag-featured-news","14":"tag-featurednews","15":"tag-futuro","16":"tag-headlines","17":"tag-latest-news","18":"tag-latestnews","19":"tag-news","20":"tag-noticias","21":"tag-noticias-destacadas","22":"tag-noticiasdestacadas","23":"tag-penal","24":"tag-rosa","25":"tag-spain","26":"tag-titulares","27":"tag-ultimas-noticias","28":"tag-ultimasnoticias","29":"tag-zapatero"},"share_on_mastodon":{"url":"https:\/\/pubeurope.com\/@es\/115579394720723441","error":""},"_links":{"self":[{"href":"https:\/\/www.europesays.com\/es\/wp-json\/wp\/v2\/posts\/245522","targetHints":{"allow":["GET"]}}],"collection":[{"href":"https:\/\/www.europesays.com\/es\/wp-json\/wp\/v2\/posts"}],"about":[{"href":"https:\/\/www.europesays.com\/es\/wp-json\/wp\/v2\/types\/post"}],"author":[{"embeddable":true,"href":"https:\/\/www.europesays.com\/es\/wp-json\/wp\/v2\/users\/2"}],"replies":[{"embeddable":true,"href":"https:\/\/www.europesays.com\/es\/wp-json\/wp\/v2\/comments?post=245522"}],"version-history":[{"count":0,"href":"https:\/\/www.europesays.com\/es\/wp-json\/wp\/v2\/posts\/245522\/revisions"}],"wp:featuredmedia":[{"embeddable":true,"href":"https:\/\/www.europesays.com\/es\/wp-json\/wp\/v2\/media\/245523"}],"wp:attachment":[{"href":"https:\/\/www.europesays.com\/es\/wp-json\/wp\/v2\/media?parent=245522"}],"wp:term":[{"taxonomy":"category","embeddable":true,"href":"https:\/\/www.europesays.com\/es\/wp-json\/wp\/v2\/categories?post=245522"},{"taxonomy":"post_tag","embeddable":true,"href":"https:\/\/www.europesays.com\/es\/wp-json\/wp\/v2\/tags?post=245522"}],"curies":[{"name":"wp","href":"https:\/\/api.w.org\/{rel}","templated":true}]}}