{"id":245524,"date":"2025-11-20T01:19:33","date_gmt":"2025-11-20T01:19:33","guid":{"rendered":"https:\/\/www.europesays.com\/es\/245524\/"},"modified":"2025-11-20T01:19:33","modified_gmt":"2025-11-20T01:19:33","slug":"el-ayuntamiento-de-fuengirola-conmemorara-el-25-de-noviembre-con-la-lectura-de-un-manifiesto-y-una-mesa-redonda","status":"publish","type":"post","link":"https:\/\/www.europesays.com\/es\/245524\/","title":{"rendered":"El Ayuntamiento de Fuengirola conmemorar\u00e1 el 25 de noviembre con la lectura de un manifiesto y una mesa redonda"},"content":{"rendered":"<p><strong>El Sal\u00f3n Real del Consistorio acoger\u00e1, a partir de las 12:00 horas, \u00a0ambos actos \u201cpara dejar claro que Fuengirola est\u00e1 con las mujeres\u201d.\u00a0<\/strong><strong>El tema del coloquio ser\u00e1 \u2018Contextos de especial vulnerabilidad para la violencia <\/strong><strong>de g\u00e9nero\u2019<\/strong> <strong>y contar\u00e1 con <\/strong><strong>Luc\u00eda<\/strong><strong> D\u00edaz, de Afesol; Rosa D\u00edaz, de M\u00e1laga Acoge; y Mercedes Cort\u00e9s, de Alternativa 2<\/strong><\/p>\n<p>19\/11\/2025 \u2013 El Ayuntamiento de Fuengirola conmemorar\u00e1 el D\u00eda Internacional de la Eliminaci\u00f3n de la Violencia contra la Mujer, el pr\u00f3ximo 25 de noviembre, con dos actos institucionales: la lectura de un manifiesto y una mesa redonda titulada \u2018Contextos de especial vulnerabilidad para la violencia de g\u00e9nero\u2019. La concejala de Familias, Igualdad y Bienestar Social, Cristina Bornao, ha detallado que la cita tendr\u00e1 lugar en el Sal\u00f3n Real del Consistorio a partir de las 12:00 horas, \u201cpara dejar claro que Fuengirola est\u00e1 con las mujeres\u201d.<\/p>\n<p>Bornao ha se\u00f1alado que el acto comenzar\u00e1 con la lectura del manifiesto a cargo de la alcaldesa. A continuaci\u00f3n, dar\u00e1 comienzo la mesa redonda, centrada en analizar las distintas situaciones que agravan la vulnerabilidad de las mujeres frente a la violencia de g\u00e9nero, como la discapacidad, la condici\u00f3n de migrante o la presencia de adicciones.<\/p>\n<p>Para abordar estas realidades, el encuentro contar\u00e1 con la participaci\u00f3n de profesionales especializados en la atenci\u00f3n a mujeres de estos colectivos: Luc\u00eda D\u00edaz, psic\u00f3loga de AFESOL; Rosa D\u00edaz Cuenca, trabajadora social de M\u00e1laga Acoge; y Mercedes Cort\u00e9s Lara, trabajadora social del Centro de Tratamiento Ambulatorio Alternativa 2.<\/p>\n<p>\u201cLa violencia hacia las mujeres es un problema estructural que exige la implicaci\u00f3n de toda la sociedad. Desde el Ayuntamiento de Fuengirola mantenemos un compromiso firme en su prevenci\u00f3n y erradicaci\u00f3n\u201d, ha subrayado la concejala. En este sentido, ha recordado que el municipio cuenta desde hace m\u00e1s de treinta a\u00f1os con el Centro Municipal de Informaci\u00f3n a la Mujer, uno de los pioneros a nivel regional, que ofrece atenci\u00f3n psicol\u00f3gica, jur\u00eddica y social especializada. Asimismo, ha destacado la labor que desarrolla en el municipio de la unidad Viogen, dedicada a la protecci\u00f3n de mujeres v\u00edctimas de violencia de g\u00e9nero.<\/p>\n<p>Bornao ha reiterado \u201cel compromiso firme de la alcaldesa y del equipo de Gobierno en un momento especialmente complejo, en el que por un lado se niega la violencia hacia las mujeres y, por otro, se las utiliza como mera mercanc\u00eda\u201d. Por ello, ha insistido en la importancia de seguir impulsando acciones de sensibilizaci\u00f3n y fomentar la participaci\u00f3n ciudadana: \u201cEn Fuengirola volvemos a alzar la voz y animamos a la ciudadan\u00eda a caminar unida contra cualquier forma de violencia hacia las mujeres\u201d.<\/p>\n<p>La concejala ha destacado, adem\u00e1s, que los actos del 25N tendr\u00e1n tambi\u00e9n un marcado car\u00e1cter reivindicativo: \u201cDefendemos los derechos de las mujeres y rechazamos que se instrumentalice la violencia de g\u00e9nero en el debate pol\u00edtico. Su eliminaci\u00f3n es un reto colectivo y solo puede lograrse desde la unidad y el compromiso com\u00fan, como siempre hemos demostrado en Fuengirola\u201d.<\/p>\n<p>\u00a0<\/p>\n","protected":false},"excerpt":{"rendered":"El Sal\u00f3n Real del Consistorio acoger\u00e1, a partir de las 12:00 horas, \u00a0ambos actos \u201cpara dejar claro que&hellip;\n","protected":false},"author":2,"featured_media":245525,"comment_status":"","ping_status":"","sticky":false,"template":"","format":"standard","meta":{"footnotes":""},"categories":[5],"tags":[17,18,25,24,13,14,11,19,20,9,10,15,16,23,12,21,22],"class_list":{"0":"post-245524","1":"post","2":"type-post","3":"status-publish","4":"format-standard","5":"has-post-thumbnail","7":"category-titulares","8":"tag-breaking-news","9":"tag-breakingnews","10":"tag-es","11":"tag-espana","12":"tag-featured-news","13":"tag-featurednews","14":"tag-headlines","15":"tag-latest-news","16":"tag-latestnews","17":"tag-news","18":"tag-noticias","19":"tag-noticias-destacadas","20":"tag-noticiasdestacadas","21":"tag-spain","22":"tag-titulares","23":"tag-ultimas-noticias","24":"tag-ultimasnoticias"},"share_on_mastodon":{"url":"https:\/\/pubeurope.com\/@es\/115579398623769429","error":""},"_links":{"self":[{"href":"https:\/\/www.europesays.com\/es\/wp-json\/wp\/v2\/posts\/245524","targetHints":{"allow":["GET"]}}],"collection":[{"href":"https:\/\/www.europesays.com\/es\/wp-json\/wp\/v2\/posts"}],"about":[{"href":"https:\/\/www.europesays.com\/es\/wp-json\/wp\/v2\/types\/post"}],"author":[{"embeddable":true,"href":"https:\/\/www.europesays.com\/es\/wp-json\/wp\/v2\/users\/2"}],"replies":[{"embeddable":true,"href":"https:\/\/www.europesays.com\/es\/wp-json\/wp\/v2\/comments?post=245524"}],"version-history":[{"count":0,"href":"https:\/\/www.europesays.com\/es\/wp-json\/wp\/v2\/posts\/245524\/revisions"}],"wp:featuredmedia":[{"embeddable":true,"href":"https:\/\/www.europesays.com\/es\/wp-json\/wp\/v2\/media\/245525"}],"wp:attachment":[{"href":"https:\/\/www.europesays.com\/es\/wp-json\/wp\/v2\/media?parent=245524"}],"wp:term":[{"taxonomy":"category","embeddable":true,"href":"https:\/\/www.europesays.com\/es\/wp-json\/wp\/v2\/categories?post=245524"},{"taxonomy":"post_tag","embeddable":true,"href":"https:\/\/www.europesays.com\/es\/wp-json\/wp\/v2\/tags?post=245524"}],"curies":[{"name":"wp","href":"https:\/\/api.w.org\/{rel}","templated":true}]}}