{"id":245526,"date":"2025-11-20T01:23:10","date_gmt":"2025-11-20T01:23:10","guid":{"rendered":"https:\/\/www.europesays.com\/es\/245526\/"},"modified":"2025-11-20T01:23:10","modified_gmt":"2025-11-20T01:23:10","slug":"muy-buen-inicio-de-josele-ballester-en-el-pif-saudi-international","status":"publish","type":"post","link":"https:\/\/www.europesays.com\/es\/245526\/","title":{"rendered":"Muy buen inicio de Josele Ballester en el PIF Saudi International"},"content":{"rendered":"<p>&#13;<br \/>\n        &#13;<br \/>\n&#13;<br \/>\n        &#13;<\/p>\n<p>            <a href=\"https:\/\/ten-golf.com\/wp-content\/uploads\/2025\/11\/ballestersaudi24miercoles4.jpg\" data-caption=\"Josele Ballester, durante la primera jornada del PIF Saudi International. \u00a9 Ian Walton\/Asian Tour.\" rel=\"nofollow noopener\" target=\"_blank\"><img decoding=\"async\" loading=\"lazy\" width=\"570\" height=\"444\" class=\"entry-thumb td-modal-image\" src=\"https:\/\/www.europesays.com\/es\/wp-content\/uploads\/2025\/11\/ballestersaudi24miercoles4-570x444.jpg\"   alt=\"Josele Ballester, durante la primera jornada del PIF Saudi International. \u00a9 Ian Walton\/Asian Tour.\" title=\"2025 PIF Saudi International\"\/><\/a>Josele Ballester, durante la primera jornada del PIF Saudi International. \u00a9 Ian Walton\/Asian Tour.<\/p>\n<p>            Caleb Surratt (-9) y Adrian Meronk (-9) lideran el PIF Saudi International una vez completada la primera jornada. El torneo dura cuatro d\u00edas y acaba el s\u00e1bado, por aquello de que la semana laboral en Arabia va a de domingo a jueves. El mejor espa\u00f1ol es Josele Ballester (-<\/p>\n<p>Para seguir leyendo, Suscr\u00edbete<\/p>\n<p>    Subscription OptionsMENSUAL<\/p>\n<p>Unlimited  Entradas<\/p>\n<p>Unlimited  Galer\u00edas<\/p>\n<p>Unlimited  \u00c1lbumes<\/p>\n<p>Unlimited  P\u00e1ginas<\/p>\n<p>ANUAL + LIBRO<\/p>\n<p>Unlimited  Entradas<\/p>\n<p>Unlimited  Galer\u00edas<\/p>\n<p>Unlimited  \u00c1lbumes<\/p>\n<p>Unlimited  P\u00e1ginas<\/p>\n<p>ANUAL<\/p>\n<p>Unlimited  Entradas<\/p>\n<p>Unlimited  Galer\u00edas<\/p>\n<p>Unlimited  \u00c1lbumes<\/p>\n<p>Unlimited  P\u00e1ginas<\/p>\n<p>    Recibe 30 mulligans para gastar en <a href=\"https:\/\/thegame.ten-golf.com\" target=\"_blank\" rel=\"nofollow noopener\">TheGame<\/a> junto a tu suscripci\u00f3n anual (al final de la temporada se quitar\u00e1n los mulligans no gastados)<\/p>\n<p>    Pincha <a href=\"https:\/\/ten-golf.com\/tengolf-pone-en-marcha-el-muro-de-pago-y-crea-el-club-tengolf\" target=\"_blank\" rel=\"nofollow noopener\">aqu\u00ed<\/a> para saber m\u00e1s sobre las distintas suscripciones<\/p>\n<p>        &#13;<br \/>\n&#13;<br \/>\n        &#13;<br \/>\n            &#13;<br \/>\n            &#13;<br \/>\n&#13;<\/p>\n<p class=\"join-telegram\"><img decoding=\"async\" class=\"loading\" src=\"https:\/\/www.europesays.com\/es\/wp-content\/uploads\/2025\/11\/telegram-icon.png\" alt=\"\"\/> S\u00edguenos tambi\u00e9n en <a href=\"https:\/\/telegram.org\/\" target=\"_blank\" style=\"font-weight: normal;\" rel=\"nofollow noopener\">Telegram<\/a> en el canal <a href=\"https:\/\/t.me\/tengolf\" target=\"_blank\" rel=\"nofollow\">@tengolf<\/a><\/p>\n<p>        &#13;<br \/>\n        <a class=\"will-load\" name=\"end-article\" data-id=\"post-212484\"\/>&#13;<\/p>\n","protected":false},"excerpt":{"rendered":"&#13; &#13; &#13; &#13; Josele Ballester, durante la primera jornada del PIF Saudi International. \u00a9 Ian Walton\/Asian Tour.&hellip;\n","protected":false},"author":2,"featured_media":245527,"comment_status":"","ping_status":"","sticky":false,"template":"","format":"standard","meta":{"footnotes":""},"categories":[275],"tags":[4136,56225,7244,7058,168,25,24,329,7059,40572,336,58040,339,340,1909,1910,62776,2625,23,167],"class_list":{"0":"post-245526","1":"post","2":"type-post","3":"status-publish","4":"format-standard","5":"has-post-thumbnail","7":"category-golf","8":"tag-arabia-saudi","9":"tag-asian-tour","10":"tag-caleb-surratt","11":"tag-david-puig","12":"tag-deportes","13":"tag-es","14":"tag-espana","15":"tag-golf","16":"tag-josele-ballester","17":"tag-luis-masaveu","18":"tag-notificacion","19":"tag-pif-saudi-international","20":"tag-portada-america","21":"tag-portada-global","22":"tag-portada-top","23":"tag-portada-top-america","24":"tag-riyadh-golf-club","25":"tag-sergio-garcia","26":"tag-spain","27":"tag-sports"},"share_on_mastodon":{"url":"https:\/\/pubeurope.com\/@es\/115579414619519236","error":""},"_links":{"self":[{"href":"https:\/\/www.europesays.com\/es\/wp-json\/wp\/v2\/posts\/245526","targetHints":{"allow":["GET"]}}],"collection":[{"href":"https:\/\/www.europesays.com\/es\/wp-json\/wp\/v2\/posts"}],"about":[{"href":"https:\/\/www.europesays.com\/es\/wp-json\/wp\/v2\/types\/post"}],"author":[{"embeddable":true,"href":"https:\/\/www.europesays.com\/es\/wp-json\/wp\/v2\/users\/2"}],"replies":[{"embeddable":true,"href":"https:\/\/www.europesays.com\/es\/wp-json\/wp\/v2\/comments?post=245526"}],"version-history":[{"count":0,"href":"https:\/\/www.europesays.com\/es\/wp-json\/wp\/v2\/posts\/245526\/revisions"}],"wp:featuredmedia":[{"embeddable":true,"href":"https:\/\/www.europesays.com\/es\/wp-json\/wp\/v2\/media\/245527"}],"wp:attachment":[{"href":"https:\/\/www.europesays.com\/es\/wp-json\/wp\/v2\/media?parent=245526"}],"wp:term":[{"taxonomy":"category","embeddable":true,"href":"https:\/\/www.europesays.com\/es\/wp-json\/wp\/v2\/categories?post=245526"},{"taxonomy":"post_tag","embeddable":true,"href":"https:\/\/www.europesays.com\/es\/wp-json\/wp\/v2\/tags?post=245526"}],"curies":[{"name":"wp","href":"https:\/\/api.w.org\/{rel}","templated":true}]}}