{"id":245531,"date":"2025-11-20T01:29:12","date_gmt":"2025-11-20T01:29:12","guid":{"rendered":"https:\/\/www.europesays.com\/es\/245531\/"},"modified":"2025-11-20T01:29:12","modified_gmt":"2025-11-20T01:29:12","slug":"boyero-recuerda-el-dia-en-que-de-niro-salvo-a-scorsese-de-su-adiccion-a-la-cocaina-tienes-que-salir-de-aqui-cine-y-tv","status":"publish","type":"post","link":"https:\/\/www.europesays.com\/es\/245531\/","title":{"rendered":"Boyero recuerda el d\u00eda en que De Niro salv\u00f3 a Scorsese de su adicci\u00f3n a la coca\u00edna: \u00abTienes que salir de aqu\u00ed\u00bb | Cine y TV"},"content":{"rendered":"<p>Martin Scorsese estuvo a punto de perderlo todo. En los a\u00f1os 70, hundido en la coca\u00edna y con la salud al l\u00edmite, el director de Taxi Driver ve\u00eda c\u00f3mo su vida se desmoronaba. \u00abLe daban d\u00edas de vida\u00bb, cont\u00f3 Carlos Boyero en <a href=\"https:\/\/cadenaser.com\/cadena-ser\/la-ventana\/\" target=\"_blank\" rel=\"noreferrer nofollow noopener\" title=\"https:\/\/cadenaser.com\/cadena-ser\/la-ventana\/\">La Ventana<\/a>, donde relat\u00f3 el momento en que Robert De Niro apareci\u00f3 para cambiar el rumbo de la historia del cine.<\/p>\n<p>\u00abEstando en un hospital moribundo, De Niro le dijo: &#8216;Tienes que salir de aqu\u00ed. Y para salir debes rodar Toro salvaje'\u00bb, explic\u00f3 Boyero. Aquella propuesta no solo salv\u00f3 a Scorsese, sino que dio lugar a una de las pel\u00edculas m\u00e1s influyentes del siglo XX. \u00abEs una obra sobre la autodestrucci\u00f3n absoluta\u00bb, a\u00f1adi\u00f3 el cr\u00edtico.<\/p>\n<p>El renacer con &#8216;Toro salvaje&#8217;<\/p>\n<p>Estrenada en 1980, Toro salvaje marc\u00f3 el regreso de Scorsese y consolid\u00f3 su alianza creativa con De Niro. El actor se implic\u00f3 tanto que convenci\u00f3 al director para adaptar la historia del boxeador Jake LaMotta, un personaje que encarnaba la violencia y la ca\u00edda personal. El resultado fue una obra maestra que gan\u00f3 dos Oscar y que hoy figura entre las mejores pel\u00edculas de la historia.<\/p>\n<p>\u00abRodar esa historia le devolvi\u00f3 las ganas de vivir\u00bb, subray\u00f3 Boyero. \u00abGracias a esa perseverancia, sigui\u00f3 haciendo pel\u00edculas que son historia como Uno de los nuestros, Taxi Driver, Casino\u2026 y para m\u00ed, la m\u00e1s rom\u00e1ntica y la m\u00e1s amarga: La edad de la inocencia\u00bb, confes\u00f3.<\/p>\n<p>Una relaci\u00f3n creativa \u00fanica<\/p>\n<p>Scorsese y De Niro han trabajado juntos en diez pel\u00edculas, desde Malas calles (1973) hasta El irland\u00e9s (2019). Su colaboraci\u00f3n ha definido el cine contempor\u00e1neo, explorando personajes complejos y mundos oscuros. \u00abSin De Niro, Scorsese quiz\u00e1 no habr\u00eda sobrevivido, ni como persona ni como cineasta\u00bb, apunt\u00f3 Boyero.<\/p>\n<p>El cr\u00edtico tambi\u00e9n destac\u00f3 los testimonios recogidos en el documental sobre el director, donde aparecen amigos y exmujeres. \u00abEl de Isabella Rossellini es formidable\u00bb, dijo Boyero sobre la actriz, que aporta una mirada \u00edntima a la vida del cineasta. \u00abHa tenido bastantes se\u00f1oras, pero lo que cuentan sus amigos y sus exmujeres te ayuda a entender la persona detr\u00e1s del genio\u00bb, a\u00f1adi\u00f3.<\/p>\n<p><img loading=\"lazy\" decoding=\"async\" src=\"https:\/\/www.europesays.com\/es\/wp-content\/uploads\/2025\/11\/1763602151_639_maxresdefault.jpg\" width=\"16\" height=\"9\"\/><\/p>\n","protected":false},"excerpt":{"rendered":"Martin Scorsese estuvo a punto de perderlo todo. En los a\u00f1os 70, hundido en la coca\u00edna y con&hellip;\n","protected":false},"author":2,"featured_media":232768,"comment_status":"","ping_status":"","sticky":false,"template":"","format":"standard","meta":{"footnotes":""},"categories":[174],"tags":[255,146,147,25,24,256,23],"class_list":{"0":"post-245531","1":"post","2":"type-post","3":"status-publish","4":"format-standard","5":"has-post-thumbnail","7":"category-famosos","8":"tag-celebrities","9":"tag-entertainment","10":"tag-entretenimiento","11":"tag-es","12":"tag-espana","13":"tag-famosos","14":"tag-spain"},"share_on_mastodon":{"url":"https:\/\/pubeurope.com\/@es\/115579438179542863","error":""},"_links":{"self":[{"href":"https:\/\/www.europesays.com\/es\/wp-json\/wp\/v2\/posts\/245531","targetHints":{"allow":["GET"]}}],"collection":[{"href":"https:\/\/www.europesays.com\/es\/wp-json\/wp\/v2\/posts"}],"about":[{"href":"https:\/\/www.europesays.com\/es\/wp-json\/wp\/v2\/types\/post"}],"author":[{"embeddable":true,"href":"https:\/\/www.europesays.com\/es\/wp-json\/wp\/v2\/users\/2"}],"replies":[{"embeddable":true,"href":"https:\/\/www.europesays.com\/es\/wp-json\/wp\/v2\/comments?post=245531"}],"version-history":[{"count":0,"href":"https:\/\/www.europesays.com\/es\/wp-json\/wp\/v2\/posts\/245531\/revisions"}],"wp:featuredmedia":[{"embeddable":true,"href":"https:\/\/www.europesays.com\/es\/wp-json\/wp\/v2\/media\/232768"}],"wp:attachment":[{"href":"https:\/\/www.europesays.com\/es\/wp-json\/wp\/v2\/media?parent=245531"}],"wp:term":[{"taxonomy":"category","embeddable":true,"href":"https:\/\/www.europesays.com\/es\/wp-json\/wp\/v2\/categories?post=245531"},{"taxonomy":"post_tag","embeddable":true,"href":"https:\/\/www.europesays.com\/es\/wp-json\/wp\/v2\/tags?post=245531"}],"curies":[{"name":"wp","href":"https:\/\/api.w.org\/{rel}","templated":true}]}}