{"id":245538,"date":"2025-11-20T01:36:19","date_gmt":"2025-11-20T01:36:19","guid":{"rendered":"https:\/\/www.europesays.com\/es\/245538\/"},"modified":"2025-11-20T01:36:19","modified_gmt":"2025-11-20T01:36:19","slug":"la-epoc-la-cuarta-causa-de-muerte-invisibilidad-infradiagnostico-y-estigma","status":"publish","type":"post","link":"https:\/\/www.europesays.com\/es\/245538\/","title":{"rendered":"La EPOC, la cuarta causa de muerte: invisibilidad, infradiagn\u00f3stico y estigma"},"content":{"rendered":"<p>            <a href=\"https:\/\/gacetamedica.com\/wp-content\/uploads\/2025\/11\/Foto-1-scaled.jpg\" data-caption=\"de izquierda a derecha, Mar\u00eda Jos\u00e9 Mu\u00f1oz, directora M\u00e9dica de GSK; Nicole Hass, portavoz de Asociaci\u00f3n de Pacientes con EPOC (APEPOC); Juan Carlos L\u00f3pez Caro, presidente del Grupo de Respiratorio de Atenci\u00f3n Primaria (GRAP); Mar\u00eda Sanz Almaz\u00e1n, portavoz de la Sociedad Espa\u00f1ola de M\u00e9dicos Generales y de Familia (SEMG); Milagros Gonz\u00e1lez B\u00e9jar; portavoz de la Sociedad Espa\u00f1ola de M\u00e9dicos de Atenci\u00f3n Primaria (SEMERGEN), e I\u00f1aki Mor\u00e1n; vicepresidente de la Federaci\u00f3n Espa\u00f1ola de Asociaciones de Pacientes Al\u00e9rgicos y con Enfermedades Respiratorias (FENAER).\" rel=\"nofollow noopener\" target=\"_blank\"><img loading=\"lazy\" decoding=\"async\" width=\"696\" height=\"457\" class=\"entry-thumb td-modal-image\" src=\"https:\/\/www.europesays.com\/es\/wp-content\/uploads\/2025\/11\/Foto-1-696x457.jpg\"   alt=\"\" title=\"\"\/><\/a>de izquierda a derecha, Mar\u00eda Jos\u00e9 Mu\u00f1oz, directora M\u00e9dica de GSK; Nicole Hass, portavoz de Asociaci\u00f3n de Pacientes con EPOC (APEPOC); Juan Carlos L\u00f3pez Caro, presidente del Grupo de Respiratorio de Atenci\u00f3n Primaria (GRAP); Mar\u00eda Sanz Almaz\u00e1n, portavoz de la Sociedad Espa\u00f1ola de M\u00e9dicos Generales y de Familia (SEMG); Milagros Gonz\u00e1lez B\u00e9jar; portavoz de la Sociedad Espa\u00f1ola de M\u00e9dicos de Atenci\u00f3n Primaria (SEMERGEN), e I\u00f1aki Mor\u00e1n; vicepresidente de la Federaci\u00f3n Espa\u00f1ola de Asociaciones de Pacientes Al\u00e9rgicos y con Enfermedades Respiratorias (FENAER).<\/p>\n<p>En un llamado urgente a la acci\u00f3n y la concienciaci\u00f3n, GSK clausur\u00f3 en Madrid su campa\u00f1a itinerante <strong>#AireQueImpulsa<\/strong> con motivo del D\u00eda Mundial de la Enfermedad Pulmonar Obstructiva Cr\u00f3nica (EPOC). El evento, que reuni\u00f3 a l\u00edderes m\u00e9dicos y portavoces de pacientes, puso de manifiesto una realidad alarmante: la EPOC, considerada la <strong>cuarta causa de muerte en el mundo<\/strong>, se mantiene <strong>infradiagnosticada en casi el 75 %<\/strong> de las personas mayores de 40 a\u00f1os que la padecen en Espa\u00f1a.<\/p>\n<p>Se estima que <strong>1 de cada 10 personas en el mundo tiene esta enfermedad respiratoria<\/strong>. Pese a que en Espa\u00f1a cerca de la mitad de los adultos presenta s\u00edntomas asociados a enfermedades respiratorias, el desconocimiento y la falta de detecci\u00f3n temprana repercuten dr\u00e1sticamente en la calidad de vida de los afectados.<\/p>\n<p><strong>La lucha contra la invisibilidad: factores de riesgo y el reto del diagn\u00f3stico<\/strong><\/p>\n<p>La EPOC es una patolog\u00eda prevenible y tratable que se manifiesta por una obstrucci\u00f3n persistente de las v\u00edas respiratorias, dificultando la entrada y salida de aire. Sus s\u00edntomas principales incluyen tos cr\u00f3nica, expectoraci\u00f3n matutina y disnea.<\/p>\n<p>Juan Carlos L\u00f3pez Caro, presidente del Grupo de Respiratorio en Atenci\u00f3n Primaria (GRAP), detall\u00f3 las principales causas de la enfermedad. Si bien <strong>el tabaquismo y la contaminaci\u00f3n del aire<\/strong> son los factores predominantes, tambi\u00e9n debe considerarse \u201cla exposici\u00f3n a contaminantes como los <strong>humos industriales, polvo o gases qu\u00edmicos<\/strong> presentes en el lugar de trabajo, que pueden deteriorar la funci\u00f3n pulmonar con el paso del tiempo\u201d. Adem\u00e1s, mencion\u00f3 factores gen\u00e9ticos, como el<strong> d\u00e9ficit hereditario de la prote\u00edna alfa-1 antitripsina<\/strong>, y los<strong> antecedentes de infecciones respiratorias <\/strong>en la infancia o incluso los fumadores pasivos. L\u00f3pez Caro enfatiz\u00f3 la gravedad de la situaci\u00f3n, advirtiendo que \u201cla EPOC no solo es la cuarta causa de muerte en el mundo, sino que <strong>va camino de ser la tercera<\/strong>\u201c.<\/p>\n<p>Mar\u00eda Sanz Almaz\u00e1n, portavoz de SEMG, profundiz\u00f3 en el perfil epidemiol\u00f3gico, se\u00f1alando que, aunque la enfermedad es m\u00e1s frecuente en hombres, existe una notable <strong>\u201cbrecha de g\u00e9nero en el diagn\u00f3stico\u201d<\/strong>. De hecho, se registra un <strong>\u201cimportante infradiagn\u00f3stico entre las mujeres (80 %)\u201d<\/strong>. Sanz Almaz\u00e1n subray\u00f3 la necesidad de fomentar estrategias preventivas orientadas a la poblaci\u00f3n femenina, ya que la reducci\u00f3n de la prevalencia en el consumo de tabaco en los \u00faltimos a\u00f1os \u201ces menos marcada en mujeres en comparaci\u00f3n con la detectada en hombres\u201d.<\/p>\n<p>Aunque los s\u00edntomas habituales aparecen a partir de la mediana edad, la prevalencia de la enfermedad va aumentando hasta los 80 a\u00f1os. La portavoz de SEMG sugiri\u00f3 que el cribado debe considerarse en <strong>\u201cpacientes j\u00f3venes, mayores de 35 a\u00f1os, expuestos a factores de riesgo\u201d<\/strong>, ya que cada vez se est\u00e1n detectando m\u00e1s casos en pacientes j\u00f3venes.<\/p>\n<p><strong>La complejidad de vivir con EPOC: aislamiento y comorbilidades<\/strong><\/p>\n<p>Para los pacientes, la EPOC se traduce en un deterioro progresivo que limita las actividades cotidianas y genera una alta discapacidad. I\u00f1aki Mor\u00e1n, vicepresidente de FENAER y paciente trasplantado bipulmonar por ser fumador pasivo, describi\u00f3 la vida bajo el yugo de la enfermedad, \u201ccuyas siglas siguen siendo desconocidas para la mayor\u00eda. <strong>Planificamos nuestra vida en funci\u00f3n de la enfermedad<\/strong>, necesitamos m\u00e1s tiempo para todo porque entre esfuerzo y esfuerzo hay que recuperar el aliento, y eso nos frustra e influye en nuestra vida social. <strong>Nos cuesta hacer cosas del d\u00eda a d\u00eda cada vez m\u00e1s\u201d<\/strong>. Pero \u201ccuando se detecta pronto se puede lograr una mejor calidad de vida, se puede ralentizar o incluso paralizar\u201d.<\/p>\n<p>Esta limitaci\u00f3n se traduce en aislamiento, los pacientes \u201c<strong>se acostumbran a esa limitaci\u00f3n <\/strong>y eso conlleva un gran desgaste nivel social y econ\u00f3mico\u201d, dejando de lado las relaciones sociales y teniendo dificultades para desempe\u00f1ar su trabajo. Mor\u00e1n tambi\u00e9n alert\u00f3 sobre los efectos secundarios, como la dificultad para descansar, <strong>\u201cdormir poco y mal, agotamiento, tos, insomnio, ansiedad, equipos de ox\u00edgeno\u2026 <\/strong>acaba generando somnolencia diurna\u201d. Por ello, destac\u00f3 que <strong>\u201cdebe abordarse tambi\u00e9n la salud mental, con la escucha y herramientas para comprender mejor esta enfermedad\u201d<\/strong>.<\/p>\n<p>Adem\u00e1s, la EPOC raramente aparece sola. Sanz Almaz\u00e1n explic\u00f3 que estos pacientes tienen m\u00e1s riesgo de sufrir otros problemas de salud como <strong>infecciones pulmonares, c\u00e1ncer de pulm\u00f3n, osteoporosis o enfermedades del coraz\u00f3n<\/strong>, e incluso \u201cmuchos afectados terminan <strong>adquiriendo bacterias resistentes a los antibi\u00f3ticos\u201d<\/strong> debido a las infecciones pulmonares recurrentes. Esta complejidad hace que sean cuadros cl\u00ednicos mucho m\u00e1s dif\u00edciles de manejar, incrementando las hospitalizaciones y las interacciones entre f\u00e1rmacos.<\/p>\n<p>Finalmente, I\u00f1aki Mor\u00e1n hizo un reconocimiento expl\u00edcito al papel de los <strong>cuidadores<\/strong>, que \u201csuele ser una mujer, aunque muchas veces ellas tambi\u00e9n sufren EPOC\u201d, se\u00f1alando que <strong>\u201csin ellos estar\u00edamos completamente perdidos\u201d<\/strong>.<\/p>\n<p><strong>El diagn\u00f3stico precoz: la importancia de la espirometr\u00eda y la prevenci\u00f3n<\/strong><\/p>\n<p>Los especialistas de Atenci\u00f3n Primaria (AP) enfatizaron que el <strong>diagn\u00f3stico precoz es fundamental <\/strong>para \u201cevitar que la enfermedad se agrave o que influya en la calidad de vida de estos pacientes\u201d, poniendo de relevancia la <strong>AP como puerta de entrada a un posible tratamiento y seguimiento <\/strong>tras un diagn\u00f3stico positivo. Com\u00fanmente se confunde con otras patolog\u00edas, ya que los pacientes \u201cse quejan principalmente de fatiga, pero muchas veces se acostumbran a esa limitaci\u00f3n, llegando, en un gran porcentaje, a tener <strong>dependencia<\/strong>\u201c, seg\u00fan Sanz.<\/p>\n<p>Milagros Gonz\u00e1lez B\u00e9jar, portavoz de SEMERGEN, que reiter\u00f3 que \u201cel infradiagn\u00f3stico es evidente, pese a las medidas correctoras\u201d, explic\u00f3 que el proceso comienza con la sospecha cl\u00ednica ante <strong>s\u00edntomas de tos, disnea o expectoraci\u00f3n <\/strong>en pacientes mayores de 40 a\u00f1os o con exposici\u00f3n a factores de riesgo. La clave diagn\u00f3stica es la <strong>espirometr\u00eda<\/strong>, \u201cla prueba diagn\u00f3stica de primera elecci\u00f3n, es r\u00e1pida e indolora y se utiliza para evaluar c\u00f3mo funcionan los pulmones. Es crucial que esta prueba <strong>tiene que ir con broncodilataci\u00f3n<\/strong>\u201c, ya que la no reversibilidad del flujo a\u00e9reo, a diferencia del asma, es lo que justifica el diagn\u00f3stico de EPOC. Adem\u00e1s, su coste por paciente se sit\u00faa<strong> en torno a los seis euros<\/strong>, lo que hace factible la implantaci\u00f3n de cribados masivos con los espir\u00f3metros ya presentes en muchos centros de Atenci\u00f3n Primaria, aunque reconocen que \u201cen ocasiones no se est\u00e1 realizando bien, ya que necesita de la implicaci\u00f3n del profesional, pero tambi\u00e9n del paciente\u201d, por lo que exigen un \u201c<strong>cribado reglado<\/strong>\u201c. Hass recuerda que \u201cnormalmente los pacientes con EPOC sufren una media de dos hospitalizaciones anuales\u201d, con el coste que eso conlleva para el SNS.<\/p>\n<p>Gonz\u00e1lez B\u00e9jar record\u00f3 que la EPOC es una enfermedad progresiva, y que \u201c<strong>los pacientes fumadores sufren una ca\u00edda m\u00e1s acelerada<\/strong> de la funci\u00f3n pulmonar, la cual no se recupera. Cuando el paciente llega a la consulta con un deterioro importante, hay <strong>una parte de la funci\u00f3n pulmonar que ya no se puede recuperar<\/strong>\u201c. Por ello, insisti\u00f3 en que \u201caumenta el riesgo de eventos cardiovasculares y de mortalidad\u201d, recordando que \u201cun ingreso hospitalario es un criterio de gravedad del mal control de la EPOC\u201d. Es importante matizar que \u201c<strong>la mayor parte de las muertes por EPOC est\u00e1n relacionadas con las infecciones respiratorias<\/strong>\u201c, seg\u00fan L\u00f3pez Caro, lo que hace m\u00e1s importante evitar una posible resistencia a los antibi\u00f3ticos.<\/p>\n<p>Para un abordaje integral, las recomendaciones pasan por<strong> dejar de fumar, mantener una dieta saludable, realizar actividad f\u00edsica y llevar a cabo una rehabilitaci\u00f3n pulmonar<\/strong>. L\u00f3pez Caro destac\u00f3 que \u201cla <strong>vacunaci\u00f3n es imprescindible<\/strong>, ya que la mayor mortalidad est\u00e1 ligada a la infecci\u00f3n respiratoria\u201d. I\u00f1aki Mor\u00e1n aclar\u00f3 que cuando se detecta pronto, la enfermedad \u201cse puede ralentizar o incluso paralizar\u201d. En cuanto a la adherencia a los tratamientos, L\u00f3pez Caro considera que \u201ces buena porque notan una mejor\u00eda, aunque a veces el uso de los inhaladores no es el adecuado\u201d.<\/p>\n<p><strong>Empoderamiento del paciente y acceso equitativo<\/strong><\/p>\n<p>Nicole Hass, portavoz de la Asociaci\u00f3n de pacientes con EPOC (APEPOC), insisti\u00f3 en que \u201clas asociaciones ofrecen apoyo vital no solo al paciente, sino tambi\u00e9n a sus familiares\u201d. Hass abog\u00f3 por <strong>\u201cempoderar al paciente<\/strong> y garantizar un tratamiento adecuado, ofreci\u00e9ndole informaci\u00f3n y pidiendo un plan personalizado para cada paciente atendiendo a los condicionantes socioecon\u00f3micos\u201d y un <strong>\u201cacceso equitativo para todos los pacientes a la rehabilitaci\u00f3n respiratoria\u201d<\/strong>, ya que, seg\u00fan Sanz, \u201cun buen tratamiento precoz mejora mucho la calidad de vida y el diagn\u00f3stico\u201d.<\/p>\n<p>En cuanto a la erradicaci\u00f3n del <strong>estigma <\/strong>que tacha a la EPOC como solo \u201c<strong>la enfermedad del fumador<\/strong>\u201c, I\u00f1aki Mor\u00e1n pidi\u00f3 visibilidad, recordando que las causas incluyen factores gen\u00e9ticos, contaminaci\u00f3n, entorno laboral y fumadores pasivos. \u201cSe arriesgan a ser diagnosticados. Si fuma le vas a decir que deje de fumar y no quieren o\u00edr\u201d, matiz\u00f3 Gonz\u00e1lez.<\/p>\n<p><strong>#AireQueImpulsa<\/strong><\/p>\n<p><img fetchpriority=\"high\" decoding=\"async\" width=\"1024\" height=\"663\" src=\"https:\/\/www.europesays.com\/es\/wp-content\/uploads\/2025\/11\/Foto-2-2-1024x663.jpg\" alt=\"\" class=\"wp-image-221863\" style=\"width:353px;height:auto\"  \/>Prueba de espirometr\u00eda<\/p>\n<p>La campa\u00f1a de GSK, llevada a cabo en colaboraci\u00f3n con la Liga F, APEPOC, SEMERGEN, SEMG y GRAP, ha recorrido <strong>m\u00e1s de 3.000 kil\u00f3metros<\/strong> a lo largo de los \u00faltimos meses, impactando a <strong>m\u00e1s de 124.000 personas<\/strong> en ciudades como M\u00e1laga, Alicante, Vigo, Granada y Valencia. En Madrid, la iniciativa ofreci\u00f3 pruebas funcionales e informaci\u00f3n de salud respiratoria.<\/p>\n<p>Mar\u00eda Jos\u00e9 Mu\u00f1oz, directora m\u00e9dica de GSK Espa\u00f1a, reafirm\u00f3 el compromiso de la biofarmac\u00e9utica: <strong>\u201cPretendemos contribuir en la sensibilizaci\u00f3n de la poblaci\u00f3n en la importancia de cuidar la salud respiratoria<\/strong>\u2026 A trav\u00e9s de #AireQueImpulsa, queremos ayudar a visibilizarlas para combatir ese desconocimiento\u201d.<\/p>\n<p>En definitiva, todos los participantes coincidieron en que un mayor conocimiento, visibilidad y concienciaci\u00f3n son la clave para combatir el infradiagn\u00f3stico. El deseo de la comunidad de pacientes se resume en la aspiraci\u00f3n de I\u00f1aki Mor\u00e1n: <strong>\u201cCuando la gente conozca las siglas dejaremos de ser invisibles\u201d<\/strong>, recordando la importancia de la concienciaci\u00f3n y sensibilizaci\u00f3n de la sociedad, afirmando que \u201csolo dos de cada siete personas a las que preguntamos sabe que la EPOC es una enfermedad pulmonar\u201d.<\/p>\n<p><strong>Tambi\u00e9n te puede interesar\u2026<\/strong><\/p>\n","protected":false},"excerpt":{"rendered":"de izquierda a derecha, Mar\u00eda Jos\u00e9 Mu\u00f1oz, directora M\u00e9dica de GSK; Nicole Hass, portavoz de Asociaci\u00f3n de Pacientes&hellip;\n","protected":false},"author":2,"featured_media":245539,"comment_status":"","ping_status":"","sticky":false,"template":"","format":"standard","meta":{"footnotes":""},"categories":[92],"tags":[25,24,165,166,23],"class_list":{"0":"post-245538","1":"post","2":"type-post","3":"status-publish","4":"format-standard","5":"has-post-thumbnail","7":"category-salud","8":"tag-es","9":"tag-espana","10":"tag-health","11":"tag-salud","12":"tag-spain"},"share_on_mastodon":{"url":"https:\/\/pubeurope.com\/@es\/115579465669058681","error":""},"_links":{"self":[{"href":"https:\/\/www.europesays.com\/es\/wp-json\/wp\/v2\/posts\/245538","targetHints":{"allow":["GET"]}}],"collection":[{"href":"https:\/\/www.europesays.com\/es\/wp-json\/wp\/v2\/posts"}],"about":[{"href":"https:\/\/www.europesays.com\/es\/wp-json\/wp\/v2\/types\/post"}],"author":[{"embeddable":true,"href":"https:\/\/www.europesays.com\/es\/wp-json\/wp\/v2\/users\/2"}],"replies":[{"embeddable":true,"href":"https:\/\/www.europesays.com\/es\/wp-json\/wp\/v2\/comments?post=245538"}],"version-history":[{"count":0,"href":"https:\/\/www.europesays.com\/es\/wp-json\/wp\/v2\/posts\/245538\/revisions"}],"wp:featuredmedia":[{"embeddable":true,"href":"https:\/\/www.europesays.com\/es\/wp-json\/wp\/v2\/media\/245539"}],"wp:attachment":[{"href":"https:\/\/www.europesays.com\/es\/wp-json\/wp\/v2\/media?parent=245538"}],"wp:term":[{"taxonomy":"category","embeddable":true,"href":"https:\/\/www.europesays.com\/es\/wp-json\/wp\/v2\/categories?post=245538"},{"taxonomy":"post_tag","embeddable":true,"href":"https:\/\/www.europesays.com\/es\/wp-json\/wp\/v2\/tags?post=245538"}],"curies":[{"name":"wp","href":"https:\/\/api.w.org\/{rel}","templated":true}]}}