{"id":245540,"date":"2025-11-20T01:37:11","date_gmt":"2025-11-20T01:37:11","guid":{"rendered":"https:\/\/www.europesays.com\/es\/245540\/"},"modified":"2025-11-20T01:37:11","modified_gmt":"2025-11-20T01:37:11","slug":"los-morancos-45-anos-de-omaita-y-humor-en-andaluz-el-mundo","status":"publish","type":"post","link":"https:\/\/www.europesays.com\/es\/245540\/","title":{"rendered":"Los Morancos: 45 a\u00f1os de Oma\u00edta y humor en andaluz &#8211; El Mundo"},"content":{"rendered":"<ol>\n<li><a href=\"https:\/\/news.google.com\/rss\/articles\/CBMigAFBVV95cUxQZWJNNDcxa3hKY0NsdlZlTmVGMTNIVS1SLVl5MzJoSUI3d2Mzc0FpZFk0c1hYZUtzVUhaZWdkNEstTi0ya194eXllSXJIWF9XZm9FYmRqYmotLUdiSlgzcHNqQXJRYjE4ZkM1TmRSWEdCTFNYN1JzSFNFRngzdEx0UdIBgAFBVV95cUxNSW9SaHpjdWl6VmJnTXFIa2FxbFBzSXhlMEMzN0JQZzhUbWxDUjgwSmlGTUZiTmZHZHp4TTRqdlJ0NHJMLS11UHJrOTVQdXhLRUlVZ3FwTWl3S2NsamhLNDNxTUFURUQ2U20waHQ5djVMbkdXNE1PSEhLYXZnZDZ2Sg?oc=5\" target=\"_blank\" rel=\"nofollow noopener\">Los Morancos: 45 a\u00f1os de Oma\u00edta y humor en andaluz<\/a>&nbsp;&nbsp;El Mundo<\/li>\n<li><a href=\"https:\/\/news.google.com\/rss\/articles\/CBMipwFBVV95cUxOdWh3WkJxUXMxX0s0Y2Y2YnZMRmFvd2xVVDhUcFdGRFc5WGhpUnplMWJYRTlzWU43ekNrblotYnRRMkwyNTRIRC1SOTNXNjB5U1Y2ZC1KQ1lJMVJXd0pKTUFJS3lmY1hoSFk0MWlkWXBibDJsNU9kNFJ1NHJCaDdPT3VJZjkzV3prR0ZQRUxhOFJrbVo0ZnRJSUFEd0NGTmN0UlZ3N2liY9IBpwFBVV95cUxOeTlueXBrT1NReVZnVklmQUxEUFpMR3hGbHYtUXM5MkhiOHVnUkh0bEhUa0NTTktRVVJaZmphNGIzN3lMS2V1RlpmRUtUcDNJcko3eE0zNTJpSWFJREZOaXBMcEJTUTVPQ2hhd1VSbTc0ZTdkUHRoTm13Y0thazBFc1pISC1qRUQ0d1ZJSlItZmtSYWRzY2VTQ1o1M0JOYmU1N3RiZlBUSQ?oc=5\" target=\"_blank\" rel=\"nofollow noopener\">Esta noche, el humor estar\u00e1 garantizado en El Hormiguero con la llegada de Los Morancos<\/a>&nbsp;&nbsp;Antena 3<\/li>\n<li><a href=\"https:\/\/news.google.com\/rss\/articles\/CBMizAFBVV95cUxOc2puWlBYVjNjTlpLb2N0emgzYmp1X3JIQWc0RHkzdnZtcDNMMzRtZV9rcS1CUzNoY2Itby1BNFZhd1U2QnFRWU9DX3FkX01BQVF1WHQycFN2NS0ybFRpQjFfeGFyWG1TUy1LNk5BSlFHekZkbGl1SUdVd1g4OXpBeWwxYW51SjNkMmFuZTk5NjUtSU5zbE41U0ZWQXNHUkZwZUN2VXNGX2ZVOEhYX0VPZVpNTDNkWGo5NWRxQ1h1WlVueHd1eDVaX0tCUDjSAdIBQVVfeXFMT2dsNXJWcjJLQ29wQkpVenlJeWZtbWk4aXVuazZxMXE4MlN2RENyMThqR0g1TDJKQmppYzhOdjFqbnJKTE9SWE5OeWJIZ3Q0NFJOYTdwaGlSa2RpVTBVNnZ1ZkltRktlNVIwTFlWUTFaX0Q4Y3oxWkp1bjZYTVJzUTRDeHp6OWttYThqNThkdDhHTjZ0cmxDTmVzd3I2M1JxTkczVXRqZUp0X0pQZ1NhaVNiWjgyRUFTTHZaVEs4OGxJakRiRlcxWGRud3hUbFg5a1FR?oc=5\" target=\"_blank\" rel=\"nofollow noopener\">Los Morancos reflexionan sobre la importancia de la familia: \u201cEs muy importante cubrir lo que uno tiene ah\u00ed\u201d<\/a>&nbsp;&nbsp;La Vanguardia<\/li>\n<li><a href=\"https:\/\/news.google.com\/rss\/articles\/CBMihAJBVV95cUxNWWlNTDlKTUhYbFNCYmxyMkRWa0stLXlIU0xJdkFrbWR0aUFBM2w3dkxKOC1JV3J1cmZERkNHWE8yaHFlcHFCMVhSYjJ5OThQb1NqYUlsel9CZ2RIS2R3VkFRNjNLMjdSY015RWNjc1c0SG5yTUppYzVITXZ6MXl1VWFidWRlbk1CQU1JaWdPazhKUW8wRW5QSnVFYldqSXFiMzZlU1Rodm5hWE9xUHFfLVZSeDZIaU5sRW92dFM4cGhmVnhGQnU1R0VLVHp4V3F4QzhaUWlqOVJJa3JNeDVCeWVQZVdBQ3Y1UkgtMjFWdzZVNXlMdjVoUTd3YWVzc0JqSjhCbdIBmAJBVV95cUxNYThDaGJFd1ZoaENEYUE4X1dtTkpFaEhXdm1DbmlPdlhsX3Uzc0Z3WHNVQ3d0dkhDU3NFN2htS3g5a2Vnd2FlNTcyNllyYXp1MUhidElHcXAwTnlHUjlILV9hSmROZHJnX2plSFRMaGliY1ZYck5HcmUyVXFZcFJGRVNtanR4SG1fcDgxMUNXeVhFSWJYbThGSjNsYXlhbzdjUmpfWWt6OU94cXJYWkpxWXJ6MnZnMDhuSHRndTcycDJrdHBkU2FpUnFRX0h4UzJGWmdwUDJNelc5c2NKeFFJQ0ZEWlJLanhCQ2ptVFZLdlVtY3A2SjNmdEFvVHM5bzk5bVZmRWRzVm9xcmFPNVk1UTVMMUo2b2c5?oc=5\" target=\"_blank\" rel=\"nofollow noopener\">Los Morancos desvelan sus propuestas electorales en &#8216;El Hormiguero&#8217;: pisos Airbnb para j\u00f3venes y Omaita en<\/a>&nbsp;&nbsp;La Raz\u00f3n<\/li>\n<li><a href=\"https:\/\/news.google.com\/rss\/articles\/CBMiwAFBVV95cUxPQkJBNk84akdlaDNCVzZ1QVN6b3NRSGR2OFJnYlJhWmJ5eWNXTHFmRWIwTkhnM0FWbmtIRzlremtXMDlsY0lEN2V1TFYxMnZTcW8xMnVES2F6YUUwTUVoS1dUbmFQS1d3czJEX0JlaHIwRDZxVnotd0ZKcG1vN0loNDBWU1dTdExzNktLU1VYb3FnM1ktdF8yTmxrMF9MdkpwcUxScmdpTnVocFRrbWdWb2p2ZE5zeVc3M0hzX2Z5eUo?oc=5\" target=\"_blank\" rel=\"nofollow noopener\">El lado m\u00e1s personal de Jorge y C\u00e9sar, Los Morancos: de sus or\u00edgenes a sus bodas y su negocio de deudas<\/a>&nbsp;&nbsp;Vanitatis<\/li>\n<\/ol>\n","protected":false},"excerpt":{"rendered":"Los Morancos: 45 a\u00f1os de Oma\u00edta y humor en andaluz&nbsp;&nbsp;El Mundo Esta noche, el humor estar\u00e1 garantizado en&hellip;\n","protected":false},"author":2,"featured_media":245541,"comment_status":"","ping_status":"","sticky":false,"template":"","format":"standard","meta":{"footnotes":""},"categories":[91],"tags":[146,147,25,24,720,23],"class_list":{"0":"post-245540","1":"post","2":"type-post","3":"status-publish","4":"format-standard","5":"has-post-thumbnail","7":"category-entretenimiento","8":"tag-entertainment","9":"tag-entretenimiento","10":"tag-es","11":"tag-espana","12":"tag-loc-famosos","13":"tag-spain"},"share_on_mastodon":{"url":"https:\/\/pubeurope.com\/@es\/115579469579017281","error":""},"_links":{"self":[{"href":"https:\/\/www.europesays.com\/es\/wp-json\/wp\/v2\/posts\/245540","targetHints":{"allow":["GET"]}}],"collection":[{"href":"https:\/\/www.europesays.com\/es\/wp-json\/wp\/v2\/posts"}],"about":[{"href":"https:\/\/www.europesays.com\/es\/wp-json\/wp\/v2\/types\/post"}],"author":[{"embeddable":true,"href":"https:\/\/www.europesays.com\/es\/wp-json\/wp\/v2\/users\/2"}],"replies":[{"embeddable":true,"href":"https:\/\/www.europesays.com\/es\/wp-json\/wp\/v2\/comments?post=245540"}],"version-history":[{"count":0,"href":"https:\/\/www.europesays.com\/es\/wp-json\/wp\/v2\/posts\/245540\/revisions"}],"wp:featuredmedia":[{"embeddable":true,"href":"https:\/\/www.europesays.com\/es\/wp-json\/wp\/v2\/media\/245541"}],"wp:attachment":[{"href":"https:\/\/www.europesays.com\/es\/wp-json\/wp\/v2\/media?parent=245540"}],"wp:term":[{"taxonomy":"category","embeddable":true,"href":"https:\/\/www.europesays.com\/es\/wp-json\/wp\/v2\/categories?post=245540"},{"taxonomy":"post_tag","embeddable":true,"href":"https:\/\/www.europesays.com\/es\/wp-json\/wp\/v2\/tags?post=245540"}],"curies":[{"name":"wp","href":"https:\/\/api.w.org\/{rel}","templated":true}]}}