{"id":245554,"date":"2025-11-20T01:51:08","date_gmt":"2025-11-20T01:51:08","guid":{"rendered":"https:\/\/www.europesays.com\/es\/245554\/"},"modified":"2025-11-20T01:51:08","modified_gmt":"2025-11-20T01:51:08","slug":"el-ultimo-partido-del-2025-tambien-sera-a-las-1400-horas","status":"publish","type":"post","link":"https:\/\/www.europesays.com\/es\/245554\/","title":{"rendered":"el \u00faltimo partido del 2025 tambi\u00e9n ser\u00e1 a las 14:00 horas"},"content":{"rendered":"<p>\t\t \t\t\tLa afici\u00f3n del Real Oviedo <strong class=\"pd-l\">Paco Paredes | EFE  <\/strong><\/p>\n<p>\t\t\t\t\t\tA falta de dos horarios por conocerse para completar la primera vuelta del curso, el Real Oviedo tan solo ha disputado tres encuentros de fin de semana y en un horario diferente a las 14:00 horas<br \/>\n\t\t\t\t\t\t<strong>19 nov 2025<\/strong> . Actualizado a las 20:57 h.\t\t\t\t\t\t<\/p>\n<p class=\"first-paragraph txt\">La afici\u00f3n del <strong>Real Oviedo<\/strong> ya no puede m\u00e1s. LaLiga acaba de publicar el horario del partido ante el Celta y este se disputar\u00e1 el s\u00e1bado 20 de diciembre a las&#8230; c\u00f3mo no, a las 14:00 horas.\u00a0El \u00faltimo encuentro del 2025 para los azules ser\u00e1 tambi\u00e9n el <strong>s\u00e9ptimo partido del curso<\/strong> -Getafe, Girona, Athletic y Sevilla a domicilio y Rayo Vallecano, Levante y Celta en el Tartiere- que<strong> el Oviedo ha jugado o jugar\u00e1 a las 14:00 horas.<\/strong><\/p>\n<p class=\"txt\">&#13;<br \/>\n\t\t&#13;<br \/>\n\t\t\t&#13;<br \/>\n\t\t&#13;<br \/>\n\t\t&#13;<br \/>\n\t\t&#13;<br \/>\n\t\t\t\t\t\t\t\t\t\t\t\t&#13;<br \/>\n\t\t\t\t\t\t\t\t&#13;<br \/>\n&#13;<br \/>\n&#13;<\/p>\n<p>\t\t\t&#13;<br \/>\n\t&#13;<\/p>\n<p>\t\t\t<a href=\"https:\/\/www.lavozdeasturias.es\/noticia\/azulcarbayon\/2025\/11\/19\/aaron-escandell-oviedo-rayo-hacerse-grandes-casa-salir-\/00031763553752711887248.htm\" data-analytics=\"link-embed\" rel=\"nofollow noopener\" target=\"_blank\">Aar\u00f3n Escandell, antes del Oviedo-Rayo:\u00a0\u00abHay que hacerse grandes en casa y salir con todo\u00bb<\/a><\/p>\n<p class=\"a-min-author\">\n<p>\t\t\t\t\t\t\t\t\t\t\tPablo Fern\u00e1ndez<\/p>\n<p>\t&#13;<br \/>\n\t&#13;<br \/>\n&#13;<br \/>\n\t\t\t\t&#13;<br \/>\n\t\t\t\t&#13;<br \/>\n\t&#13;<br \/>\n\t\t\t&#13;<br \/>\n\t\t\t&#13;<br \/>\n\t\t&#13;\n<\/p>\n<p class=\"txt\">A esto hay que a\u00f1adir que contra Villarreal, Valencia, Espanyol, Osasuna y Mallorca (estos tres \u00faltimos en el Carlos Tartiere) el partido del Real Oviedo fue de viernes o lunes por la noche. En definitiva, a falta de tan solo dos horarios -Alav\u00e9s fuera, Betis en casa- para que se complete la primera vuelta del campeonato liguero, <strong>el Real Oviedo tan solo ha disputado tres partidos en fin de semana y en un horario diferente a las 14:00 horas:<\/strong> dos en el Tartiere ante el Real Madrid (21:30) y Real Sociedad (19:00) y uno en la casa del Elche (18:30 horas).<\/p>\n<p class=\"txt\">&#13;<br \/>\n\t\t&#13;<br \/>\n\t\t\t&#13;<br \/>\n\t\t&#13;<br \/>\n\t\t&#13;<br \/>\n\t\t&#13;<br \/>\n\t\t\t\t\t\t\t\t\t\t\t\t&#13;<br \/>\n\t\t\t\t\t\t\t\t&#13;<br \/>\n&#13;<br \/>\n&#13;<\/p>\n<p>\t\t\t&#13;<br \/>\n\t&#13;<\/p>\n<p>\t\t\t<a href=\"https:\/\/www.lavozdeasturias.es\/noticia\/azulcarbayon\/2025\/11\/19\/avanza-semana-real-oviedo-carrion-recupera-internacionales-cazorla-brekalo-apuntan-rayo\/00031763551496450298686.htm\" data-analytics=\"link-embed\" rel=\"nofollow noopener\" target=\"_blank\">Avanza la semana del Real Oviedo: Carri\u00f3n recupera a uno de los internacionales y Cazorla y Brekalo apuntan al Rayo<\/a><\/p>\n<p class=\"a-min-author\">\n<p>\t\t\t\t\t\t\t\t\t\t\tPablo Fern\u00e1ndez<\/p>\n<p>\t&#13;<br \/>\n\t&#13;<br \/>\n&#13;<br \/>\n\t\t\t\t&#13;<br \/>\n\t\t\t\t&#13;<br \/>\n\t&#13;<br \/>\n\t\t\t&#13;<br \/>\n\t\t\t&#13;<br \/>\n\t\t&#13;\n<\/p>\n<p class=\"txt\">El <strong>RCD Mallorca<\/strong> es el \u00fanico club de <strong>Primera Divisi\u00f3n<\/strong> que est\u00e1 siendo igual de castigado que el Real Oviedo por LaLiga: los bermellones suman 12 partidos disputados de viernes, lunes o de fin de semana a las 14:00 horas, los mismos que los azules. El siguiente equipo en dicha tabla tan particular es el Girona, con 9. El oviedismo pide en redes sociales que la directiva del Real Oviedo se posicione y critique abiertamente este abuso. Aun as\u00ed, <strong>la asistencia del Carlos Tartiere mantiene una notable media de 26.432 espectadores.<\/strong><\/p>\n<p>&#13;<br \/>\n\tArchivado en:&#13;<br \/>\n\t\t\t\t\t<a href=\"https:\/\/www.lavozdeasturias.es\/temas\/real-oviedo\/\" target=\"_blank\" class=\"mg-l\" rel=\"nofollow noopener\">Real Oviedo<\/a>&#13;<br \/>\n\t\t\t\t\t<a href=\"https:\/\/www.lavozdeasturias.es\/temas\/oviedo\/\" target=\"_blank\" class=\"mg-l\" rel=\"nofollow noopener\">Oviedo<\/a>&#13;<br \/>\n\t\t\t\t\t<a href=\"https:\/\/www.lavozdeasturias.es\/temas\/girona-fc\/\" target=\"_blank\" class=\"mg-l\" rel=\"nofollow noopener\">Girona FC<\/a>&#13;<br \/>\n\t\t\t\t\t<a href=\"https:\/\/www.lavozdeasturias.es\/temas\/rayo-vallecano\/\" target=\"_blank\" class=\"mg-l\" rel=\"nofollow noopener\">Rayo Vallecano<\/a>&#13;<br \/>\n\t\t\t\t\t<a href=\"https:\/\/www.lavozdeasturias.es\/temas\/rcd-mallorca\/\" target=\"_blank\" class=\"mg-l\" rel=\"nofollow noopener\">RCD Mallorca<\/a>&#13;<br \/>\n\t\t\t        \t&#13;<\/p>\n","protected":false},"excerpt":{"rendered":"La afici\u00f3n del Real Oviedo Paco Paredes | EFE A falta de dos horarios por conocerse para completar&hellip;\n","protected":false},"author":2,"featured_media":245555,"comment_status":"","ping_status":"","sticky":false,"template":"","format":"standard","meta":{"footnotes":""},"categories":[268],"tags":[14283,290,168,8212,25,24,280,282,18013,57045,2457,621,1796,1945,14382,13752,3048,3302,7209,281,23,167,235,3518],"class_list":{"0":"post-245554","1":"post","2":"type-post","3":"status-publish","4":"format-standard","5":"has-post-thumbnail","7":"category-futbol","8":"tag-athletic-de-bilbao","9":"tag-celta","10":"tag-deportes","11":"tag-elche-cf","12":"tag-es","13":"tag-espana","14":"tag-football","15":"tag-futbol","16":"tag-girona-fc","17":"tag-javi-rueda","18":"tag-mallorca","19":"tag-osasuna","20":"tag-oviedo","21":"tag-primera-division","22":"tag-rayo-vallecano","23":"tag-rcd-mallorca","24":"tag-real-madrid","25":"tag-real-oviedo","26":"tag-real-sociedad","27":"tag-soccer","28":"tag-spain","29":"tag-sports","30":"tag-valencia","31":"tag-vigo-ciudad"},"share_on_mastodon":{"url":"https:\/\/pubeurope.com\/@es\/115579524692174018","error":""},"_links":{"self":[{"href":"https:\/\/www.europesays.com\/es\/wp-json\/wp\/v2\/posts\/245554","targetHints":{"allow":["GET"]}}],"collection":[{"href":"https:\/\/www.europesays.com\/es\/wp-json\/wp\/v2\/posts"}],"about":[{"href":"https:\/\/www.europesays.com\/es\/wp-json\/wp\/v2\/types\/post"}],"author":[{"embeddable":true,"href":"https:\/\/www.europesays.com\/es\/wp-json\/wp\/v2\/users\/2"}],"replies":[{"embeddable":true,"href":"https:\/\/www.europesays.com\/es\/wp-json\/wp\/v2\/comments?post=245554"}],"version-history":[{"count":0,"href":"https:\/\/www.europesays.com\/es\/wp-json\/wp\/v2\/posts\/245554\/revisions"}],"wp:featuredmedia":[{"embeddable":true,"href":"https:\/\/www.europesays.com\/es\/wp-json\/wp\/v2\/media\/245555"}],"wp:attachment":[{"href":"https:\/\/www.europesays.com\/es\/wp-json\/wp\/v2\/media?parent=245554"}],"wp:term":[{"taxonomy":"category","embeddable":true,"href":"https:\/\/www.europesays.com\/es\/wp-json\/wp\/v2\/categories?post=245554"},{"taxonomy":"post_tag","embeddable":true,"href":"https:\/\/www.europesays.com\/es\/wp-json\/wp\/v2\/tags?post=245554"}],"curies":[{"name":"wp","href":"https:\/\/api.w.org\/{rel}","templated":true}]}}