{"id":245556,"date":"2025-11-20T01:52:13","date_gmt":"2025-11-20T01:52:13","guid":{"rendered":"https:\/\/www.europesays.com\/es\/245556\/"},"modified":"2025-11-20T01:52:13","modified_gmt":"2025-11-20T01:52:13","slug":"vestido-de-terciopelo-verde-y-joyas-de-isabel-ii","status":"publish","type":"post","link":"https:\/\/www.europesays.com\/es\/245556\/","title":{"rendered":"vestido de terciopelo verde y joyas de Isabel II"},"content":{"rendered":"<p><img loading=\"lazy\" decoding=\"async\" src=\"https:\/\/www.europesays.com\/es\/wp-content\/uploads\/2025\/10\/1760450890_434_100x100_informalia-logo.jpg\" itemtype=\"\/\/schema.org\/ImageObject\" itemprop=\"url\" alt=\"Informalia\" width=\"64\" height=\"64\" pinger-seen=\"true\"\/><\/p>\n<p>Noche de gala para<b> Kate Middleton<\/b> y el<b> pr\u00edncipe Guillermo<\/b>. Los pr\u00edncipes de Gales han acudido este mi\u00e9rcoles al Royal Variety Performance, un espect\u00e1culo ben\u00e9fico anual que re\u00fane actuaciones de distintas variedades art\u00edsticas y que este a\u00f1o se ha celebrado en el Royal Albert Hall de Londres.<\/p>\n<p>                            <img decoding=\"async\" src=\"https:\/\/www.europesays.com\/es\/wp-content\/uploads\/2025\/11\/770x_kate-guillermo-2-.jpg\" loading=\"lazy\"\/><\/p>\n<p>La presencia de Kate en el mencionado acto es muy relevante, ya que el a\u00f1o pasado no asisti\u00f3 al encontrarse en plena recuperaci\u00f3n del c\u00e1ncer que anunci\u00f3 en marzo de 2024. Por ello, para esta esperada ocasi\u00f3n, la nuera de Carlos III se ha enfundado en un elegante vestido de terciopelo verde esmeralda con escote bardot del dise\u00f1ador Talbot Runhof.<\/p>\n<p>                            <img decoding=\"async\" src=\"https:\/\/www.europesays.com\/es\/wp-content\/uploads\/2025\/11\/770x_kate-guillermo-.jpg\" loading=\"lazy\"\/><\/p>\n<p>Kate ha combinado su elegante vestido con unas significativas joyas: un brazalete Art D\u00e9co de la <b>reina Mary<\/b> (esposa del rey Jorge V) y unos pendientes que pertenecieron al joyero de la <b>reina Isabel II<\/b>.<\/p>\n<p>                            <img decoding=\"async\" src=\"https:\/\/www.europesays.com\/es\/wp-content\/uploads\/2025\/11\/770x_kate-guillermo-3-.jpg\" loading=\"lazy\"\/><\/p>\n<p>Los pendientes que ha lucido la princesa de Gales, heredados de la madre del pr\u00edncipe Guillermo, son de Cartier y presentan diamantes en varios niveles, as\u00ed como delicados motivos florales.<\/p>\n<p>WhatsApp<a href=\"https:\/\/api.whatsapp.com\/send?text=https:\/\/www.eleconomista.es\/informalia\/casas-reales\/noticias\/13652851\/11\/25\/el-espectacular-regreso-de-kate-middleton-al-royal-variety-vestido-de-terciopelo-verde-y-joyas-de-isabel-ii.html?utm_source%3Dwhatsapp%26utm_medium%3Dshare_button&amp;id=1648118629957_whatsapp\" target=\"_blank\" data-action=\"share\/whatsapp\/share\" aria-label=\"Compartir en Whatsapp\" rel=\"nofollow noopener\"><\/a>Facebook<a id=\"fb-share\" href=\"#\" target=\"_blank\" rel=\"noopener noreferrer\" aria-label=\"Compartir en Facebook\"><\/a>Twitter<a href=\"https:\/\/twitter.com\/share?text=El+espectacular+regreso+de+Kate+Middleton+al+Royal+Variety%3A+vestido+de+terciopelo+verde+y+joyas+de+Isabel+II&amp;url=https:\/\/www.eleconomista.es\/informalia\/casas-reales\/noticias\/13652851\/11\/25\/el-espectacular-regreso-de-kate-middleton-al-royal-variety-vestido-de-terciopelo-verde-y-joyas-de-isabel-ii.html&amp;via=Informalia&amp;id=1648118839245_twitter\" target=\"_blank\" aria-label=\"Compartir en Twitter\" rel=\"nofollow noopener\"><\/a>Linkedin<a onclick=\"return abrirLinkedin();\" href=\"https:\/\/www.linkedin.com\/shareArticle?text=El+espectacular+regreso+de+Kate+Middleton+al+Royal+Variety%3A+vestido+de+terciopelo+verde+y+joyas+de+Isabel+II&amp;url=https:\/\/www.eleconomista.es\/informalia\/casas-reales\/noticias\/13652851\/11\/25\/el-espectacular-regreso-de-kate-middleton-al-royal-variety-vestido-de-terciopelo-verde-y-joyas-de-isabel-ii.html&amp;mini=true\" target=\"_blank\" aria-label=\"Compartir en linkedin\" rel=\"nofollow noopener\"><\/a>Beloud<a href=\"https:\/\/beloud.com\/share?text=El+espectacular+regreso+de+Kate+Middleton+al+Royal+Variety%3A+vestido+de+terciopelo+verde+y+joyas+de+Isabel+II&amp;url=https:\/\/www.eleconomista.es\/informalia\/casas-reales\/noticias\/13652851\/11\/25\/el-espectacular-regreso-de-kate-middleton-al-royal-variety-vestido-de-terciopelo-verde-y-joyas-de-isabel-ii.html&amp;via=Informalia&amp;id=1648118839245_beloud\" target=\"_blank\" aria-label=\"Compartir en beloud\" rel=\"nofollow noopener\"><\/a>Bluesky<a href=\"https:\/\/bsky.app\/intent\/compose?text=https:\/\/bsky.app\/intent\/compose?text=https:\/\/www.eleconomista.es\/informalia\/casas-reales\/noticias\/13652851\/11\/25\/el-espectacular-regreso-de-kate-middleton-al-royal-variety-vestido-de-terciopelo-verde-y-joyas-de-isabel-ii.html&amp;url=https:\/\/www.eleconomista.es\/informalia\/casas-reales\/noticias\/13652851\/11\/25\/el-espectacular-regreso-de-kate-middleton-al-royal-variety-vestido-de-terciopelo-verde-y-joyas-de-isabel-ii.html&amp;via=elEconomistaes&amp;id=1648118839245_bluesky\" target=\"_blank\" aria-label=\"Compartir en bluesky\" rel=\"nofollow noopener\"><\/a><\/p>\n<p><script async src=\"https:\/\/platform.twitter.com\/widgets.js\" charset=\"utf-8\"><\/script><\/p>\n","protected":false},"excerpt":{"rendered":"Noche de gala para Kate Middleton y el pr\u00edncipe Guillermo. Los pr\u00edncipes de Gales han acudido este mi\u00e9rcoles&hellip;\n","protected":false},"author":2,"featured_media":245557,"comment_status":"","ping_status":"","sticky":false,"template":"","format":"standard","meta":{"footnotes":""},"categories":[174],"tags":[14486,255,146,147,25,24,256,23],"class_list":{"0":"post-245556","1":"post","2":"type-post","3":"status-publish","4":"format-standard","5":"has-post-thumbnail","7":"category-famosos","8":"tag-casas-reales","9":"tag-celebrities","10":"tag-entertainment","11":"tag-entretenimiento","12":"tag-es","13":"tag-espana","14":"tag-famosos","15":"tag-spain"},"share_on_mastodon":{"url":"https:\/\/pubeurope.com\/@es\/115579528654127386","error":""},"_links":{"self":[{"href":"https:\/\/www.europesays.com\/es\/wp-json\/wp\/v2\/posts\/245556","targetHints":{"allow":["GET"]}}],"collection":[{"href":"https:\/\/www.europesays.com\/es\/wp-json\/wp\/v2\/posts"}],"about":[{"href":"https:\/\/www.europesays.com\/es\/wp-json\/wp\/v2\/types\/post"}],"author":[{"embeddable":true,"href":"https:\/\/www.europesays.com\/es\/wp-json\/wp\/v2\/users\/2"}],"replies":[{"embeddable":true,"href":"https:\/\/www.europesays.com\/es\/wp-json\/wp\/v2\/comments?post=245556"}],"version-history":[{"count":0,"href":"https:\/\/www.europesays.com\/es\/wp-json\/wp\/v2\/posts\/245556\/revisions"}],"wp:featuredmedia":[{"embeddable":true,"href":"https:\/\/www.europesays.com\/es\/wp-json\/wp\/v2\/media\/245557"}],"wp:attachment":[{"href":"https:\/\/www.europesays.com\/es\/wp-json\/wp\/v2\/media?parent=245556"}],"wp:term":[{"taxonomy":"category","embeddable":true,"href":"https:\/\/www.europesays.com\/es\/wp-json\/wp\/v2\/categories?post=245556"},{"taxonomy":"post_tag","embeddable":true,"href":"https:\/\/www.europesays.com\/es\/wp-json\/wp\/v2\/tags?post=245556"}],"curies":[{"name":"wp","href":"https:\/\/api.w.org\/{rel}","templated":true}]}}