{"id":245560,"date":"2025-11-20T01:56:14","date_gmt":"2025-11-20T01:56:14","guid":{"rendered":"https:\/\/www.europesays.com\/es\/245560\/"},"modified":"2025-11-20T01:56:14","modified_gmt":"2025-11-20T01:56:14","slug":"rne-anuncia-el-apagon-de-sus-emisiones-en-onda-media-antes-del-31-de-diciembre-y-explica-como-escuchar-ahora-la-radio","status":"publish","type":"post","link":"https:\/\/www.europesays.com\/es\/245560\/","title":{"rendered":"RNE anuncia el apag\u00f3n de sus emisiones en Onda Media antes del 31 de diciembre y explica c\u00f3mo escuchar ahora la radio"},"content":{"rendered":"<p><img fetchpriority=\"high\" class=\"v-a-img\" src=\"https:\/\/www.europesays.com\/es\/wp-content\/uploads\/2025\/11\/152452837-kefH-U240283718375wpE-1200x840@Las Provincias.jpg\" loading=\"eager\" decoding=\"async\" alt=\"Un antiguo aparato de radio.\"  width=\"1200\" height=\"840\"\/><\/p>\n<p>Un antiguo aparato de radio.          Fotolia        <\/p>\n<p>RTVE informar\u00e1 a la poblaci\u00f3n mediante una campa\u00f1a especial, explicando las alternativas para seguir la programaci\u00f3n de Radio Nacional y de Radio 5<\/p>\n<p><a class=\"v-mdl-ath__fig-a\" href=\"https:\/\/www.lasprovincias.es\/autor\/andoni-torres-493.html\" title=\"Andoni Torres\" rel=\"nofollow noopener\" target=\"_blank\"><br \/>\n<img decoding=\"async\" class=\"v-mdl-ath__img\" src=\"https:\/\/www.europesays.com\/es\/wp-content\/uploads\/2025\/10\/autor-493-foto-2.jpeg\" alt=\"Andoni Torres\"\/><br \/>\n<\/a><\/p>\n<p class=\"v-mdl-ath__p v-mdl-ath__p--6\">\nMi\u00e9rcoles, 19 de noviembre 2025, 17:15<\/p>\n<p>| Actualizado 18:10h.<\/p>\n<p class=\"v-p\">Fin a una era. RTVE ha anunciado que <strong>las emisiones de RNE en Onda Media finalizar\u00e1n antes del 31 de diciembre<\/strong> de este a\u00f1o. El ente p\u00fablico asegura que reforzar\u00e1 la cobertura de FM en aquellas zonas puntuales que pudiesen verse especialmente afectadas por el apag\u00f3n de la Onda Media.<\/p>\n<p class=\"v-p\">El trasvase mayoritario de audiencia de la Onda Media a la FM se produjo en Espa\u00f1a en los a\u00f1os ochenta del siglo pasado. La mayor oferta de contenidos y la notable mejora en la calidad de audio de la FM fueron dos factores clave que impulsaron este trasvase. Desde entonces, se ha venido produciendo un descenso continuado de la audiencia en Onda Media y en la actualidad la escucha apenas el 1% de la poblaci\u00f3n.<\/p>\n<p class=\"v-p\">RTVE explica que Radio Nacional y Radio 5 ya presentan una elevada cobertura en FM. Adem\u00e1s, es posible escucharlas en todos los edificios en los que ya se recibe la TDT y en todo lugar que disponga de cobertura de internet inal\u00e1mbrica a trav\u00e9s de RNE Audio. <\/p>\n<p class=\"v-p\">El <strong>apag\u00f3n de la Onda Media<\/strong> se produce a la vez que RTVE refuerza su apuesta por la radio digital en DAB+. Seg\u00fan explica el ente p\u00fablico, Radio Nacional de Espa\u00f1a ser\u00e1 un actor destacado en el despliegue de la radio digital en DAB+ en Espa\u00f1a. Una tecnolog\u00eda que permite ofrecer un servicio de radio en abierto y para todos m\u00e1s moderno que la FM.<\/p>\n<p class=\"v-p\">La radiodifusi\u00f3n terrestre de radio y televisi\u00f3n presentan una elevada resiliencia y, en especial, la radio emitida en DAB+ en Espa\u00f1a incorporar\u00e1 el sistema ASA (Automatic Safety Alert). Un sistema pionero de alerta a la poblaci\u00f3n ante emergencias y cat\u00e1strofes que se activar\u00e1 autom\u00e1ticamente en los receptores compatibles. <\/p>\n<p class=\"v-p\">El ente p\u00fablico argumenta tambi\u00e9n que la fabricaci\u00f3n y disponibilidad de receptores de radio nuevos con Onda Media se ha reducido de forma dr\u00e1stica en todo el planeta, existiendo una notable escasez que dificulta cada vez m\u00e1s el acceso a estas emisiones. Adem\u00e1s, seg\u00fan asegura, cada hay menos veh\u00edculos nuevos que incorporan recepci\u00f3n de Onda Media.<\/p>\n<p class=\"v-p\">RTVE informar\u00e1 a la poblaci\u00f3n del cese de las emisiones en Onda Media mediante una campa\u00f1a especial, incidiendo en las distintas modalidades alternativas de las que ya disfrutan los ciudadanos para poder escuchar la programaci\u00f3n de Radio Nacional y de Radio 5. <\/p>\n<p>Reporta un error<\/p>\n","protected":false},"excerpt":{"rendered":"Un antiguo aparato de radio. Fotolia RTVE informar\u00e1 a la poblaci\u00f3n mediante una campa\u00f1a especial, explicando las alternativas&hellip;\n","protected":false},"author":2,"featured_media":245561,"comment_status":"","ping_status":"","sticky":false,"template":"","format":"standard","meta":{"footnotes":""},"categories":[170],"tags":[5288,35329,15558,146,147,25,5305,24,16508,2750,184,185,3144,1448,1986,23],"class_list":{"0":"post-245560","1":"post","2":"type-post","3":"status-publish","4":"format-standard","5":"has-post-thumbnail","7":"category-musica","8":"tag-apagon","9":"tag-diciembre","10":"tag-emisiones","11":"tag-entertainment","12":"tag-entretenimiento","13":"tag-es","14":"tag-escucho","15":"tag-espana","16":"tag-informa","17":"tag-media","18":"tag-music","19":"tag-musica","20":"tag-onda","21":"tag-radio","22":"tag-rne","23":"tag-spain"},"share_on_mastodon":{"url":"https:\/\/pubeurope.com\/@es\/115579544317134372","error":""},"_links":{"self":[{"href":"https:\/\/www.europesays.com\/es\/wp-json\/wp\/v2\/posts\/245560","targetHints":{"allow":["GET"]}}],"collection":[{"href":"https:\/\/www.europesays.com\/es\/wp-json\/wp\/v2\/posts"}],"about":[{"href":"https:\/\/www.europesays.com\/es\/wp-json\/wp\/v2\/types\/post"}],"author":[{"embeddable":true,"href":"https:\/\/www.europesays.com\/es\/wp-json\/wp\/v2\/users\/2"}],"replies":[{"embeddable":true,"href":"https:\/\/www.europesays.com\/es\/wp-json\/wp\/v2\/comments?post=245560"}],"version-history":[{"count":0,"href":"https:\/\/www.europesays.com\/es\/wp-json\/wp\/v2\/posts\/245560\/revisions"}],"wp:featuredmedia":[{"embeddable":true,"href":"https:\/\/www.europesays.com\/es\/wp-json\/wp\/v2\/media\/245561"}],"wp:attachment":[{"href":"https:\/\/www.europesays.com\/es\/wp-json\/wp\/v2\/media?parent=245560"}],"wp:term":[{"taxonomy":"category","embeddable":true,"href":"https:\/\/www.europesays.com\/es\/wp-json\/wp\/v2\/categories?post=245560"},{"taxonomy":"post_tag","embeddable":true,"href":"https:\/\/www.europesays.com\/es\/wp-json\/wp\/v2\/tags?post=245560"}],"curies":[{"name":"wp","href":"https:\/\/api.w.org\/{rel}","templated":true}]}}