{"id":245566,"date":"2025-11-20T02:00:09","date_gmt":"2025-11-20T02:00:09","guid":{"rendered":"https:\/\/www.europesays.com\/es\/245566\/"},"modified":"2025-11-20T02:00:09","modified_gmt":"2025-11-20T02:00:09","slug":"telecinco-despide-a-alessandro-lecquio-tras-las-acusaciones-de-violencia-machista-de-antonia-dellatte-cine-y-tv","status":"publish","type":"post","link":"https:\/\/www.europesays.com\/es\/245566\/","title":{"rendered":"Telecinco despide a Alessandro Lecquio tras las acusaciones de violencia machista de Antonia Dell&#8217;Atte | Cine y TV"},"content":{"rendered":"<p class=\"loc\">Madrid<\/p>\n<p>Mediaset ha prescindido este mi\u00e9rcoles del tertuliano Alessandro Lecquio tras las declaraciones de <a href=\"https:\/\/cadenaser.com\/nacional\/2025\/10\/12\/antonia-dellatte-relata-los-malos-tratos-sufridos-en-su-relacion-con-alessandro-lequio-la-primera-patada-que-me-dio-estando-embarazada-fue-a-la-vuelta-de-la-luna-de-miel-cadena-ser\/\" target=\"_blank\" rel=\"nofollow noopener\" title=\"https:\/\/cadenaser.com\/nacional\/2025\/10\/12\/antonia-dellatte-relata-los-malos-tratos-sufridos-en-su-relacion-con-alessandro-lequio-la-primera-patada-que-me-dio-estando-embarazada-fue-a-la-vuelta-de-la-luna-de-miel-cadena-ser\/\">Antonia Dell&#8217;Atte<\/a>, su exmujer y madre de su primer hijo, acus\u00e1ndole de violencia machista, seg\u00fan informa <a href=\"https:\/\/elpais.com\/sociedad\/2025-11-19\/mediaset-prescinde-de-alessandro-lecquio.html\" target=\"_blank\" rel=\"nofollow noopener\" title=\"https:\/\/elpais.com\/sociedad\/2025-11-19\/mediaset-prescinde-de-alessandro-lecquio.html\">El Pa\u00eds<\/a>. Lecquio actualmente trabajaba para el programa de Telecinco Vamos a ver, formato de Unicorn Content, productora propiedad de Ana Rosa Quintana.<\/p>\n<p>M\u00e1s informaci\u00f3n<\/p>\n<p>Dell&#8217;Atte asegur\u00f3 en una entrevista con el mismo peri\u00f3dico hace m\u00e1s de un mes que Lecquio le lleg\u00f3 a pegar una \u00abpatada estando embarazada\u00bb despu\u00e9s de volver de su luna de miel. \u00abLlegamos, abr\u00ed el buz\u00f3n, cog\u00ed una carta con mi nombre y dijo: &#8216;T\u00fa ya no te llamas Antonia Dell&#8217;Atte, t\u00fa eres la condesa Lequio&#8217;. Le dije: &#8216;No, yo soy Antonia Dell&#8217;Atte&#8217;, y ah\u00ed lleg\u00f3, la primera patada y mi gran pesadilla\u00bb, se\u00f1al\u00f3. <\/p>\n<p>La modelo coment\u00f3, adem\u00e1s, otros malos tratos y vejaciones que supuestamente habr\u00eda sufrido del tertuliano. \u00abMe dec\u00eda que iba a destruir mi nariz para que no fuera guapa. Nos fuimos a vivir a Tur\u00edn con su familia y yo no pod\u00eda contactar con la m\u00eda ni con mis amigas. Me oblig\u00f3 a dejar de trabajar y estaba encerrada en casa. Se iba al trabajo, volv\u00eda y me dec\u00eda: &#8216;Te controlo, hoy has ido con el ni\u00f1o y he visto que mirabas a otros hombres\u00bb, a\u00f1adi\u00f3. <\/p>\n<p>Cuenta El Pa\u00eds que la decisi\u00f3n se ha tomado \u00aben menos de 24 horas\u00bb tras la revisi\u00f3n por parte de Mediaset de toda la documentaci\u00f3n judicial que el abogado de Dell&#8217;Atte ha enviado al grupo de comunicaci\u00f3n. <\/p>\n<p>Al d\u00eda siguiente de que se publicara la entrevista a Dell&#8217;Atte, Lequio asegur\u00f3 en el programa en el que trabajaba hasta este mi\u00e9rcolesque iba a derivarla a la justicia para tomar acciones legales: \u00abHe derivado las afirmaciones a mi abogado para el tratamiento legal correspondiente. Ya est\u00e1 todo dicho. Lo dem\u00e1s, que lo resuelva quien deba\u00bb, dijo, por entonces.<\/p>\n","protected":false},"excerpt":{"rendered":"Madrid Mediaset ha prescindido este mi\u00e9rcoles del tertuliano Alessandro Lecquio tras las declaraciones de Antonia Dell&#8217;Atte, su exmujer&hellip;\n","protected":false},"author":2,"featured_media":245567,"comment_status":"","ping_status":"","sticky":false,"template":"","format":"standard","meta":{"footnotes":""},"categories":[91],"tags":[10185,1765,255,146,147,25,24,42801,205,23,1766],"class_list":{"0":"post-245566","1":"post","2":"type-post","3":"status-publish","4":"format-standard","5":"has-post-thumbnail","7":"category-entretenimiento","8":"tag-arts-culture-and-entertainment","9":"tag-bestof","10":"tag-celebrities","11":"tag-entertainment","12":"tag-entretenimiento","13":"tag-es","14":"tag-espana","15":"tag-feedrouted_europe","16":"tag-madrid","17":"tag-spain","18":"tag-topix"},"share_on_mastodon":{"url":"https:\/\/pubeurope.com\/@es\/115579559881431700","error":""},"_links":{"self":[{"href":"https:\/\/www.europesays.com\/es\/wp-json\/wp\/v2\/posts\/245566","targetHints":{"allow":["GET"]}}],"collection":[{"href":"https:\/\/www.europesays.com\/es\/wp-json\/wp\/v2\/posts"}],"about":[{"href":"https:\/\/www.europesays.com\/es\/wp-json\/wp\/v2\/types\/post"}],"author":[{"embeddable":true,"href":"https:\/\/www.europesays.com\/es\/wp-json\/wp\/v2\/users\/2"}],"replies":[{"embeddable":true,"href":"https:\/\/www.europesays.com\/es\/wp-json\/wp\/v2\/comments?post=245566"}],"version-history":[{"count":0,"href":"https:\/\/www.europesays.com\/es\/wp-json\/wp\/v2\/posts\/245566\/revisions"}],"wp:featuredmedia":[{"embeddable":true,"href":"https:\/\/www.europesays.com\/es\/wp-json\/wp\/v2\/media\/245567"}],"wp:attachment":[{"href":"https:\/\/www.europesays.com\/es\/wp-json\/wp\/v2\/media?parent=245566"}],"wp:term":[{"taxonomy":"category","embeddable":true,"href":"https:\/\/www.europesays.com\/es\/wp-json\/wp\/v2\/categories?post=245566"},{"taxonomy":"post_tag","embeddable":true,"href":"https:\/\/www.europesays.com\/es\/wp-json\/wp\/v2\/tags?post=245566"}],"curies":[{"name":"wp","href":"https:\/\/api.w.org\/{rel}","templated":true}]}}