{"id":245570,"date":"2025-11-20T02:02:12","date_gmt":"2025-11-20T02:02:12","guid":{"rendered":"https:\/\/www.europesays.com\/es\/245570\/"},"modified":"2025-11-20T02:02:12","modified_gmt":"2025-11-20T02:02:12","slug":"adios-a-los-bazares-chinos-avisan-de-la-llegada-en-espana-de-un-nuevo-negocio-de-empresarios-de-china","status":"publish","type":"post","link":"https:\/\/www.europesays.com\/es\/245570\/","title":{"rendered":"Adi\u00f3s a los bazares chinos: avisan de la llegada en Espa\u00f1a de un nuevo negocio de empresarios de China"},"content":{"rendered":"<p class=\"\">Durante mucho tiempo ha sido com\u00fan en Espa\u00f1a que, cada vez que necesitabas algo, dijeras que <b>bajabas a un bazar chino<\/b> a por ello, pero desde el peri\u00f3dico <a href=\"https:\/\/www.thestar.com.my\" target=\"_self\" rel=\"nofollow noopener\" title=\"https:\/\/www.thestar.com.my\">The Star<\/a> comentan que <b>esta tendencia podr\u00eda estar cambiando<\/b>, dado que los empresarios chinos est\u00e1n comenzando a <b>ramificarse en otros sectores<\/b>.<\/p>\n<p class=\"\">En las ciudades espa\u00f1olas est\u00e1 comenzando a <b>disminuir el n\u00famero de bazares chinos<\/b>, debido a que se est\u00e1n <b>multiplicando en \u00e1reas como servicios de belleza, consultor\u00eda, agencias de viajes, caf\u00e9s, boutiques de ropa y supermercados<\/b>.<\/p>\n<p class=\"\">\u201c<b>En esta \u00e1rea hay muchas m\u00e1s tiendas y negocios chinos<\/b>\u201d, coment\u00f3 Guan Jie, presidente de la Asociaci\u00f3n de Amistad Unida de Mujeres Chinas en Espa\u00f1a y propietario de la agencia de viajes con sede en Barcelona, Viajes China Espa\u00f1a.<\/p>\n<p class=\"\">Jie comenta que <b>el sector est\u00e1 cambiando<\/b> y que su centro de viajes se centra en <b>traer grupos tur\u00edsticos a Espa\u00f1a<\/b>.<\/p>\n<p>TeaPanda llega a Espa\u00f1a<\/p>\n<p class=\"\">Las <b>marcas chinas se est\u00e1n extendiendo por Espa\u00f1a<\/b>. TeaPanda podr\u00eda ser la siguiente, dado que tiene aproximadamente <b>unas 8.000 tiendas abiertas en todo el mundo<\/b> y ahora ha <b>abierto la primera en Barcelona<\/b> este a\u00f1o, con <b>planes de expandirse en Madrid<\/b>.<\/p>\n<p class=\"\">\u201c<b>Las cosas est\u00e1n cambiando y mejorando<\/b>\u201d, dijo el asistente de ventas Zheng Dingxin. \u201c<b>Vienen m\u00e1s marcas chinas<\/b>, y eso <b>mejora la comida y todo lo dem\u00e1s<\/b> aqu\u00ed\u201d.<\/p>\n<p class=\"\">Tambi\u00e9n se menciona el ejemplo de <b>Morm\u00f3n Asian Market<\/b>, un supermercado abierto en Barcelona por <b>tres j\u00f3venes empresarios chinos que crecieron en Espa\u00f1a<\/b>. Chen Juyi dijo a Xinhu, gerente, comenta que \u201c<b>intentamos cubrir ambos lados de nuestra cultura<\/b>\u201d.<\/p>\n<p>Noticias relacionadas<a href=\"https:\/\/as.com\/actualidad\/sociedad\/ni-aldi-ni-lidl-este-es-el-bazar-aleman-low-cost-que-tiene-320-tiendas-en-espana-y-busca-expandirse-en-toda-europa-f202510-n\/\" class=\"s_m_w _rt-16x9\" title=\"TEDi cumple diez a\u00f1os en Espa\u00f1a. La cadena renovar\u00e1 sus tiendas con un dise\u00f1o m\u00e1s moderno y orientado al cliente.\" data-tb-link=\"\" rel=\"nofollow noopener\" target=\"_blank\"><img decoding=\"async\" src=\"https:\/\/www.europesays.com\/es\/wp-content\/uploads\/2025\/11\/7IXVA63NHFDXTJTYHV4KPIS7CE.jpg\" alt=\"Ni Aldi ni Lidl: este es el bazar alem\u00e1n low cost que tiene 320 tiendas en Espa\u00f1a y busca expandirse en toda Europa\" class=\"\" height=\"9\" width=\"16\"   loading=\"lazy\" data-tb-thumbnail=\"\"\/><\/a><a href=\"https:\/\/as.com\/tikitakas\/virales\/entra-en-un-bazar-con-el-objetivo-de-alterar-a-la-dependienta-y-se-lleva-la-indirecta-menos-sutil-posible-n\/\" class=\"s_m_w _rt-16x9\" title=\"Un joven le dedic\u00f3 una canci\u00f3n a la trabajadora y esta, cansada de escucharle, le regal\u00f3 una piruleta para que se fuera.  \" data-tb-link=\"\" rel=\"nofollow noopener\" target=\"_blank\"><img decoding=\"async\" src=\"https:\/\/www.europesays.com\/es\/wp-content\/uploads\/2025\/11\/3JPTGKP6F5EZ7CXHL4BDYPAAKE.jpg\" alt=\"Entra en un bazar con el objetivo de alterar a la dependienta y se lleva la indirecta menos sutil posible\" class=\"\" height=\"9\" width=\"16\"   loading=\"lazy\" data-tb-thumbnail=\"\"\/><\/a><\/p>\n<p class=\"\">La <b>comunidad china es el mayor grupo extranjero de trabajadores aut\u00f3nomos<\/b> del pa\u00eds, seg\u00fan <a href=\"https:\/\/upta.es\" target=\"_self\" rel=\"nofollow noopener\" title=\"https:\/\/upta.es\">UPTA<\/a>.<\/p>\n<p class=\"\"><b>\u00a1Tus opiniones importan!<\/b> Comenta en los art\u00edculos y suscr\u00edbete gratis a nuestra <a href=\"https:\/\/asfan.as.com\/newsletters\/\" target=\"_blank\" rel=\"nofollow noopener\" title=\"https:\/\/asfan.as.com\/newsletters\/\">newsletter<\/a> y a las alertas informativas en la <a href=\"https:\/\/as.com\/aplicacion-de-as-n\/\" target=\"_blank\" rel=\"nofollow noopener\" title=\"https:\/\/as.com\/aplicacion-de-as-n\/\">App<\/a> o el canal de <a href=\"https:\/\/www.whatsapp.com\/channel\/0029VaAasdA7j6g745nz9M10\" target=\"_blank\" rel=\"nofollow noopener\" title=\"https:\/\/www.whatsapp.com\/channel\/0029VaAasdA7j6g745nz9M10\">WhatsApp<\/a>. \u00bfBuscas licenciar contenido? Haz clic <a href=\"https:\/\/profesional.elpais.com\/soluciones-sindicacion?utm_medium=interno&amp;utm_source=crosslinking&amp;utm_campaign=sindicacion_as_pie_articulos\" target=\"_blank\" rel=\"nofollow noopener\" title=\"https:\/\/profesional.elpais.com\/soluciones-sindicacion?utm_medium=interno&amp;utm_source=crosslinking&amp;utm_campaign=sindicacion_as_pie_articulos\">aqu\u00ed<\/a><\/p>\n","protected":false},"excerpt":{"rendered":"Durante mucho tiempo ha sido com\u00fan en Espa\u00f1a que, cada vez que necesitabas algo, dijeras que bajabas a&hellip;\n","protected":false},"author":2,"featured_media":211320,"comment_status":"","ping_status":"","sticky":false,"template":"","format":"standard","meta":{"footnotes":""},"categories":[80],"tags":[82,95,94,25,24,23],"class_list":{"0":"post-245570","1":"post","2":"type-post","3":"status-publish","4":"format-standard","5":"has-post-thumbnail","7":"category-economia","8":"tag-business","9":"tag-economia","10":"tag-economy","11":"tag-es","12":"tag-espana","13":"tag-spain"},"share_on_mastodon":{"url":"https:\/\/pubeurope.com\/@es\/115579568165337305","error":""},"_links":{"self":[{"href":"https:\/\/www.europesays.com\/es\/wp-json\/wp\/v2\/posts\/245570","targetHints":{"allow":["GET"]}}],"collection":[{"href":"https:\/\/www.europesays.com\/es\/wp-json\/wp\/v2\/posts"}],"about":[{"href":"https:\/\/www.europesays.com\/es\/wp-json\/wp\/v2\/types\/post"}],"author":[{"embeddable":true,"href":"https:\/\/www.europesays.com\/es\/wp-json\/wp\/v2\/users\/2"}],"replies":[{"embeddable":true,"href":"https:\/\/www.europesays.com\/es\/wp-json\/wp\/v2\/comments?post=245570"}],"version-history":[{"count":0,"href":"https:\/\/www.europesays.com\/es\/wp-json\/wp\/v2\/posts\/245570\/revisions"}],"wp:featuredmedia":[{"embeddable":true,"href":"https:\/\/www.europesays.com\/es\/wp-json\/wp\/v2\/media\/211320"}],"wp:attachment":[{"href":"https:\/\/www.europesays.com\/es\/wp-json\/wp\/v2\/media?parent=245570"}],"wp:term":[{"taxonomy":"category","embeddable":true,"href":"https:\/\/www.europesays.com\/es\/wp-json\/wp\/v2\/categories?post=245570"},{"taxonomy":"post_tag","embeddable":true,"href":"https:\/\/www.europesays.com\/es\/wp-json\/wp\/v2\/tags?post=245570"}],"curies":[{"name":"wp","href":"https:\/\/api.w.org\/{rel}","templated":true}]}}