{"id":245588,"date":"2025-11-20T02:22:09","date_gmt":"2025-11-20T02:22:09","guid":{"rendered":"https:\/\/www.europesays.com\/es\/245588\/"},"modified":"2025-11-20T02:22:09","modified_gmt":"2025-11-20T02:22:09","slug":"cuba-encara-un-brote-de-dengue-y-chikunguna-con-47-125-ingresados-y-esfuerzos-insuficientes","status":"publish","type":"post","link":"https:\/\/www.europesays.com\/es\/245588\/","title":{"rendered":"Cuba encara un brote de dengue y chikungu\u00f1a con 47.125 ingresados y esfuerzos \u00abinsuficientes\u00bb"},"content":{"rendered":"<p class=\"paragraph text-xl pb-7 w-full text-pretty [&amp;_a]:text-link-normal dark:[&amp;_a]:text-link-dark [&amp;_a]:decoration-1 [&amp;_a:hover]:underline [&amp;_a:hover]:text-link-hover [&amp;_a:hover]:decoration-2 [&amp;_b_a]:text-link-normal dark:[&amp;_b_a]:text-link-dark [&amp;_b_a]:decoration-1 [&amp;_b_a:hover]:underline [&amp;_b_a:hover]:text-link-hover desktop:leading-relaxed break-words font-serif\" data-original-text-size=\"text-xl\">Cuba enfrenta una <b>epidemia de dengue y chikungu\u00f1a<\/b> con 47.125 enfermos ingresados actualmente y unos esfuerzos que hasta el momento han sido<b> \u00abinsuficientes\u00bb<\/b>, reconocieron este mi\u00e9rcoles las autoridades sanitarias.<\/p>\n<p class=\"paragraph text-xl pb-7 w-full text-pretty [&amp;_a]:text-link-normal dark:[&amp;_a]:text-link-dark [&amp;_a]:decoration-1 [&amp;_a:hover]:underline [&amp;_a:hover]:text-link-hover [&amp;_a:hover]:decoration-2 [&amp;_b_a]:text-link-normal dark:[&amp;_b_a]:text-link-dark [&amp;_b_a]:decoration-1 [&amp;_b_a:hover]:underline [&amp;_b_a:hover]:text-link-hover desktop:leading-relaxed break-words font-serif\" data-original-text-size=\"text-xl\">El Gobierno cubano, que hasta ahora hab\u00eda publicado datos con <b>cuentagotas<\/b>, ha ofrecido un primer panorama de la magnitud de la situaci\u00f3n, calificada por el director nacional de<b> Epidemiolog\u00eda<\/b> del Ministerio de Salud P\u00fablica, <b>Francisco Dur\u00e1n<\/b>, como el \u00abprincipal problema\u00bb de la isla.<\/p>\n<p class=\"paragraph text-xl pb-7 w-full text-pretty [&amp;_a]:text-link-normal dark:[&amp;_a]:text-link-dark [&amp;_a]:decoration-1 [&amp;_a:hover]:underline [&amp;_a:hover]:text-link-hover [&amp;_a:hover]:decoration-2 [&amp;_b_a]:text-link-normal dark:[&amp;_b_a]:text-link-dark [&amp;_b_a]:decoration-1 [&amp;_b_a:hover]:underline [&amp;_b_a:hover]:text-link-hover desktop:leading-relaxed break-words font-serif\" data-original-text-size=\"text-xl\">Dur\u00e1n afirm\u00f3 en la televisi\u00f3n estatal que, solamente este martes, el sistema sanitario registr\u00f3 1.706 nuevos <b>casos \u00abfebriles inespec\u00edficos\u00bb<\/b> \u2013el primer s\u00edntoma de dengue o chikungu\u00f1a\u2013, y que se ingres\u00f3 por una de estas dos enfermedades a <b>un total de 3.226 pacientes<\/b> (el 84,1 % en su domicilio).<\/p>\n<p class=\"paragraph text-xl pb-7 w-full text-pretty [&amp;_a]:text-link-normal dark:[&amp;_a]:text-link-dark [&amp;_a]:decoration-1 [&amp;_a:hover]:underline [&amp;_a:hover]:text-link-hover [&amp;_a:hover]:decoration-2 [&amp;_b_a]:text-link-normal dark:[&amp;_b_a]:text-link-dark [&amp;_b_a]:decoration-1 [&amp;_b_a:hover]:underline [&amp;_b_a:hover]:text-link-hover desktop:leading-relaxed break-words font-serif\" data-original-text-size=\"text-xl\">Tambi\u00e9n asegur\u00f3 que solo por chikungu\u00f1a se contabilizan en la actualidad<b> 126 personas hospitalizadas como graves<\/b>, cr\u00edticas o en terapia intensiva, y que <b>19 menores de edad<\/b> se encuentran actualmente en terapia intensiva y en estado cr\u00edtico, por complicaciones ligadas a esta enfermedad.<\/p>\n<p>Terreno f\u00e9rtil para las epidemias<\/p>\n<p class=\"paragraph text-xl pb-7 w-full text-pretty [&amp;_a]:text-link-normal dark:[&amp;_a]:text-link-dark [&amp;_a]:decoration-1 [&amp;_a:hover]:underline [&amp;_a:hover]:text-link-hover [&amp;_a:hover]:decoration-2 [&amp;_b_a]:text-link-normal dark:[&amp;_b_a]:text-link-dark [&amp;_b_a]:decoration-1 [&amp;_b_a:hover]:underline [&amp;_b_a:hover]:text-link-hover desktop:leading-relaxed break-words font-serif\" data-original-text-size=\"text-xl\">La epidemia, palabra que emple\u00f3 por primera vez el Gobierno la semana pasada para caracterizar al actual brote de estas dos enfermedades, <b>ha encontrado en Cuba terreno f\u00e9rtil <\/b>para extenderse meses despu\u00e9s de que se detectasen los primeros casos el pasado julio en Matanzas (occidente).<\/p>\n<p class=\"paragraph text-xl pb-7 w-full text-pretty [&amp;_a]:text-link-normal dark:[&amp;_a]:text-link-dark [&amp;_a]:decoration-1 [&amp;_a:hover]:underline [&amp;_a:hover]:text-link-hover [&amp;_a:hover]:decoration-2 [&amp;_b_a]:text-link-normal dark:[&amp;_b_a]:text-link-dark [&amp;_b_a]:decoration-1 [&amp;_b_a:hover]:underline [&amp;_b_a:hover]:text-link-hover desktop:leading-relaxed break-words font-serif\" data-original-text-size=\"text-xl\">Cuba atraviesa una de las m\u00e1s intensas <b>crisis econ\u00f3micas<\/b> en d\u00e9cadas. Esta situaci\u00f3n ha limitado enormemente su capacidad de prevenci\u00f3n \u2013principalmente mediante la <b>fumigaci\u00f3n masiva contra los mosquitos<\/b>\u2013, control \u2013con tests para confirmar el tipo de enfermedad\u2013 y atenci\u00f3n a los enfermos.<\/p>\n<p class=\"paragraph text-xl pb-7 w-full text-pretty [&amp;_a]:text-link-normal dark:[&amp;_a]:text-link-dark [&amp;_a]:decoration-1 [&amp;_a:hover]:underline [&amp;_a:hover]:text-link-hover [&amp;_a:hover]:decoration-2 [&amp;_b_a]:text-link-normal dark:[&amp;_b_a]:text-link-dark [&amp;_b_a]:decoration-1 [&amp;_b_a:hover]:underline [&amp;_b_a:hover]:text-link-hover desktop:leading-relaxed break-words font-serif\" data-original-text-size=\"text-xl\">Dur\u00e1n reconoci\u00f3 este mi\u00e9rcoles que las cifras oficiales no muestran<b> la aut\u00e9ntica realidad<\/b>, ya que un buen n\u00famero de enfermos, lament\u00f3, no se atiende en los centros de salud del pa\u00eds.<\/p>\n<p class=\"paragraph text-xl pb-7 w-full text-pretty [&amp;_a]:text-link-normal dark:[&amp;_a]:text-link-dark [&amp;_a]:decoration-1 [&amp;_a:hover]:underline [&amp;_a:hover]:text-link-hover [&amp;_a:hover]:decoration-2 [&amp;_b_a]:text-link-normal dark:[&amp;_b_a]:text-link-dark [&amp;_b_a]:decoration-1 [&amp;_b_a:hover]:underline [&amp;_b_a:hover]:text-link-hover desktop:leading-relaxed break-words font-serif\" data-original-text-size=\"text-xl\">\u00abLas cifras que se recogen en las estad\u00edsticas (&#8230;) no siempre se corresponden con la realidad (&#8230;) y es que <b>hay muchas personas que no van al m\u00e9dico<\/b>, no siempre se registra la totalidad de los casos\u00bb, afirm\u00f3.<\/p>\n<p class=\"paragraph text-xl pb-7 w-full text-pretty [&amp;_a]:text-link-normal dark:[&amp;_a]:text-link-dark [&amp;_a]:decoration-1 [&amp;_a:hover]:underline [&amp;_a:hover]:text-link-hover [&amp;_a:hover]:decoration-2 [&amp;_b_a]:text-link-normal dark:[&amp;_b_a]:text-link-dark [&amp;_b_a]:decoration-1 [&amp;_b_a:hover]:underline [&amp;_b_a:hover]:text-link-hover desktop:leading-relaxed break-words font-serif\" data-original-text-size=\"text-xl\">Las acciones de fumigaci\u00f3n han disminuido mucho en los \u00faltimos a\u00f1os por la falta de recursos del Estado, principalmente la<b> falta de combustible<\/b>. Las autoridades tambi\u00e9n han ligado el brote a la acumulaci\u00f3n de basura en las calles, por el notable deterioro de los servicios p\u00fablicos se recogida.<\/p>\n<p class=\"paragraph text-xl pb-7 w-full text-pretty [&amp;_a]:text-link-normal dark:[&amp;_a]:text-link-dark [&amp;_a]:decoration-1 [&amp;_a:hover]:underline [&amp;_a:hover]:text-link-hover [&amp;_a:hover]:decoration-2 [&amp;_b_a]:text-link-normal dark:[&amp;_b_a]:text-link-dark [&amp;_b_a]:decoration-1 [&amp;_b_a:hover]:underline [&amp;_b_a:hover]:text-link-hover desktop:leading-relaxed break-words font-serif\" data-original-text-size=\"text-xl\">La sanidad tambi\u00e9n ha sufrido un importante deterioro en los \u00faltimos a\u00f1os. Entre 2021 y 2024 <b>el sistema sanitario perdi\u00f3 un 29% de sus m\u00e9dicos<\/b> y un 17 % de su personal de enfermer\u00eda, seg\u00fan la Oficina Nacional de Estad\u00edstica e Informaci\u00f3n (ONEI).<\/p>\n<p class=\"paragraph text-xl pb-7 w-full text-pretty [&amp;_a]:text-link-normal dark:[&amp;_a]:text-link-dark [&amp;_a]:decoration-1 [&amp;_a:hover]:underline [&amp;_a:hover]:text-link-hover [&amp;_a:hover]:decoration-2 [&amp;_b_a]:text-link-normal dark:[&amp;_b_a]:text-link-dark [&amp;_b_a]:decoration-1 [&amp;_b_a:hover]:underline [&amp;_b_a:hover]:text-link-hover desktop:leading-relaxed break-words font-serif\" data-original-text-size=\"text-xl\">Esto, sumado a los meses de lluvias y <a href=\"https:\/\/www.publico.es\/internacional\/america-latina\/huracan-melissa-punto-tocar-tierra-cuba-azotar-jamaica.html#:~:text=En%20las%20seis%20provincias%20en,5%25%20de%20la%20poblaci%C3%B3n%20total.\" title=\"El hurac\u00e1n Melissa se aleja de Cuba rumbo a Bahamas rebajado a categor\u00eda 2\" rel=\"nofollow noopener\" target=\"_blank\">el paso del hurac\u00e1n Melissa<\/a> a finales de octubre \u2013la provincia de Granma, por donde pas\u00f3 el cicl\u00f3n, concentra la mayor\u00eda de casos actuales de dengue\u2013, ha llevado a que el pa\u00eds enfrente estos virus con<b> falta de \u00abpersonal\u00bb y de \u00abequipo\u00bb<\/b>.<\/p>\n<p class=\"paragraph text-xl pb-7 w-full text-pretty [&amp;_a]:text-link-normal dark:[&amp;_a]:text-link-dark [&amp;_a]:decoration-1 [&amp;_a:hover]:underline [&amp;_a:hover]:text-link-hover [&amp;_a:hover]:decoration-2 [&amp;_b_a]:text-link-normal dark:[&amp;_b_a]:text-link-dark [&amp;_b_a]:decoration-1 [&amp;_b_a:hover]:underline [&amp;_b_a:hover]:text-link-hover desktop:leading-relaxed break-words font-serif\" data-original-text-size=\"text-xl\">El director nacional de Epidemiolog\u00eda reconoci\u00f3 que la infestaci\u00f3n del mosquito que transmite el dengue y el chikungu\u00f1a es<b> considerada \u00abelevada\u00bb <\/b>seg\u00fan los est\u00e1ndares internacionales.<\/p>\n<p class=\"paragraph text-xl pb-7 w-full text-pretty [&amp;_a]:text-link-normal dark:[&amp;_a]:text-link-dark [&amp;_a]:decoration-1 [&amp;_a:hover]:underline [&amp;_a:hover]:text-link-hover [&amp;_a:hover]:decoration-2 [&amp;_b_a]:text-link-normal dark:[&amp;_b_a]:text-link-dark [&amp;_b_a]:decoration-1 [&amp;_b_a:hover]:underline [&amp;_b_a:hover]:text-link-hover desktop:leading-relaxed break-words font-serif\" data-original-text-size=\"text-xl\">Cuba identific\u00f3 15.590 casos de chikungu\u00f1a entre el 11 de octubre y el 1 de noviembre y<b> acumul\u00f3 20.062 en los diez primeros meses<\/b> del a\u00f1o, seg\u00fan los \u00faltimos datos disponibles, proporcionados a EFE por la Organizaci\u00f3n Panamericana de la Salud (OPS). Esto significa un promedio de 700 casos nuevos diarios.<\/p>\n<p class=\"paragraph text-xl pb-7 w-full text-pretty [&amp;_a]:text-link-normal dark:[&amp;_a]:text-link-dark [&amp;_a]:decoration-1 [&amp;_a:hover]:underline [&amp;_a:hover]:text-link-hover [&amp;_a:hover]:decoration-2 [&amp;_b_a]:text-link-normal dark:[&amp;_b_a]:text-link-dark [&amp;_b_a]:decoration-1 [&amp;_b_a:hover]:underline [&amp;_b_a:hover]:text-link-hover desktop:leading-relaxed break-words font-serif\" data-original-text-size=\"text-xl\">Con esta cifra total, la incidencia acumulada de chikungu\u00f1a en Cuba era de<b> 183,43 casos por cada 100.000 habitantes<\/b>, la mayor en todas las Am\u00e9ricas en este a\u00f1o, por encima de Brasil (112,07) y de los promedios del Caribe (43,53) y de todo el continente (26,00).<\/p>\n<p class=\"paragraph text-xl pb-7 w-full text-pretty [&amp;_a]:text-link-normal dark:[&amp;_a]:text-link-dark [&amp;_a]:decoration-1 [&amp;_a:hover]:underline [&amp;_a:hover]:text-link-hover [&amp;_a:hover]:decoration-2 [&amp;_b_a]:text-link-normal dark:[&amp;_b_a]:text-link-dark [&amp;_b_a]:decoration-1 [&amp;_b_a:hover]:underline [&amp;_b_a:hover]:text-link-hover desktop:leading-relaxed break-words font-serif\" data-original-text-size=\"text-xl\">La OPS advirti\u00f3, en base al \u00aban\u00e1lisis epidemiol\u00f3gico y la estratificaci\u00f3n de riesgo\u00bb realizado por el <b>Ministerio de Salud P\u00fablica (Minsap) de Cuba<\/b>, que las provincias de La Habana, Matanzas y Cienfuegos (centro), \u00abse mantienen con muy alto riesgo de infecci\u00f3n\u00bb.<\/p>\n<p class=\"paragraph text-xl pb-7 w-full text-pretty [&amp;_a]:text-link-normal dark:[&amp;_a]:text-link-dark [&amp;_a]:decoration-1 [&amp;_a:hover]:underline [&amp;_a:hover]:text-link-hover [&amp;_a:hover]:decoration-2 [&amp;_b_a]:text-link-normal dark:[&amp;_b_a]:text-link-dark [&amp;_b_a]:decoration-1 [&amp;_b_a:hover]:underline [&amp;_b_a:hover]:text-link-hover desktop:leading-relaxed break-words font-serif\" data-original-text-size=\"text-xl\">Las cifras de dengue tambi\u00e9n se han disparado este a\u00f1o, de acuerdo a los datos facilitados por la OPS. Entre enero y septiembre<b> se reportaron oficialmente 9.602 casos <\/b>(con 115 graves y tres fallecidos), casi diez veces m\u00e1s que los 985 comunicados para el mismo per\u00edodo del a\u00f1o anterior (10 graves y sin fallecidos).<\/p>\n<p class=\"paragraph text-xl pb-7 w-full text-pretty [&amp;_a]:text-link-normal dark:[&amp;_a]:text-link-dark [&amp;_a]:decoration-1 [&amp;_a:hover]:underline [&amp;_a:hover]:text-link-hover [&amp;_a:hover]:decoration-2 [&amp;_b_a]:text-link-normal dark:[&amp;_b_a]:text-link-dark [&amp;_b_a]:decoration-1 [&amp;_b_a:hover]:underline [&amp;_b_a:hover]:text-link-hover desktop:leading-relaxed break-words font-serif\" data-original-text-size=\"text-xl\">La OPS destac\u00f3 en este punto que, al igual que en 2024, este a\u00f1o \u00abse ha detectado <b>la circulaci\u00f3n de los serotipos 2, 3 y 4<\/b>\u00bb del dengue, lo que \u00abpuede haber conllevado a un incremento de los casos graves debido a infecciones sucesivas con los diferentes serotipos\u00bb.<\/p>\n","protected":false},"excerpt":{"rendered":"Cuba enfrenta una epidemia de dengue y chikungu\u00f1a con 47.125 enfermos ingresados actualmente y unos esfuerzos que hasta&hellip;\n","protected":false},"author":2,"featured_media":245589,"comment_status":"","ping_status":"","sticky":false,"template":"","format":"standard","meta":{"footnotes":""},"categories":[92],"tags":[11335,10829,1164,2216,46007,25,24,165,166,23],"class_list":{"0":"post-245588","1":"post","2":"type-post","3":"status-publish","4":"format-standard","5":"has-post-thumbnail","7":"category-salud","8":"tag-brote","9":"tag-chikunguna","10":"tag-cuba","11":"tag-dengue","12":"tag-encara","13":"tag-es","14":"tag-espana","15":"tag-health","16":"tag-salud","17":"tag-spain"},"share_on_mastodon":{"url":"https:\/\/pubeurope.com\/@es\/115579646463798591","error":""},"_links":{"self":[{"href":"https:\/\/www.europesays.com\/es\/wp-json\/wp\/v2\/posts\/245588","targetHints":{"allow":["GET"]}}],"collection":[{"href":"https:\/\/www.europesays.com\/es\/wp-json\/wp\/v2\/posts"}],"about":[{"href":"https:\/\/www.europesays.com\/es\/wp-json\/wp\/v2\/types\/post"}],"author":[{"embeddable":true,"href":"https:\/\/www.europesays.com\/es\/wp-json\/wp\/v2\/users\/2"}],"replies":[{"embeddable":true,"href":"https:\/\/www.europesays.com\/es\/wp-json\/wp\/v2\/comments?post=245588"}],"version-history":[{"count":0,"href":"https:\/\/www.europesays.com\/es\/wp-json\/wp\/v2\/posts\/245588\/revisions"}],"wp:featuredmedia":[{"embeddable":true,"href":"https:\/\/www.europesays.com\/es\/wp-json\/wp\/v2\/media\/245589"}],"wp:attachment":[{"href":"https:\/\/www.europesays.com\/es\/wp-json\/wp\/v2\/media?parent=245588"}],"wp:term":[{"taxonomy":"category","embeddable":true,"href":"https:\/\/www.europesays.com\/es\/wp-json\/wp\/v2\/categories?post=245588"},{"taxonomy":"post_tag","embeddable":true,"href":"https:\/\/www.europesays.com\/es\/wp-json\/wp\/v2\/tags?post=245588"}],"curies":[{"name":"wp","href":"https:\/\/api.w.org\/{rel}","templated":true}]}}