{"id":245590,"date":"2025-11-20T02:23:16","date_gmt":"2025-11-20T02:23:16","guid":{"rendered":"https:\/\/www.europesays.com\/es\/245590\/"},"modified":"2025-11-20T02:23:16","modified_gmt":"2025-11-20T02:23:16","slug":"indignacion-en-alemania-por-el-suicidio-asistido-de-celebrities-como-nueva-normalidad-de-morir","status":"publish","type":"post","link":"https:\/\/www.europesays.com\/es\/245590\/","title":{"rendered":"Indignaci\u00f3n en Alemania por el suicidio asistido de celebrities como \u00abnueva normalidad de morir\u00bb"},"content":{"rendered":"<p style=\"\">Las gemelas Kessler, <a href=\"https:\/\/www.abc.es\/gente\/gemelas-kessler-deciden-acabar-vida-forma-asistida-20251118104944-nt.html\" target=\"_self\" data-voc-vtm-id=\"in-text-traffic\" title=\"Alice y Ellen Kessler\" rel=\"nofollow noopener\">Alice y Ellen Kessler<\/a>, dos ni\u00f1as de la postguerra alemana, se hicieron famosas en los a\u00f1os 50 y 60 como cantantes, bailarinas y actrices. Llegaron a trabajar con Fred Astaire y Frank Sinatra, incluso <strong>representaron a Alemania en el Festival de <\/strong> &#8230; <strong>Eurovisi\u00f3n de 1959<\/strong>. Tras toda una vida juntas, a los 89 a\u00f1os de edad, han regresado al estrellado de forma p\u00f3stuma por su muerte: se hicieron aplicar un suicidio asistido para morir juntas, una decisi\u00f3n de enorme repercusi\u00f3n en las redes sociales alemanas. <\/p>\n<p class=\"voc-p\" style=\"\">Caritas Alemania ha hecho un llamamiento a \u00abno romantizar\u00bb este suicidio y a no utilizarlo para promover la \u00abmuerte a la carta\u00bb. La publicaci\u00f3n de la noticia ha tenido como consecuencia un aumento significativo en los servicios de asistencia de Caritas, como el Servicio de Crisis, que es an\u00f3nimo, gratuito y disponible las 24 horas, o su tel\u00e9fono de asesoramiento gratuito para personas que est\u00e9n pensando en el<a href=\"https:\/\/www.abc.es\/sociedad\/entra-primera-vez-prision-medico-aleman-participar-20250710140624-nt.html\" target=\"_self\" data-voc-vtm-id=\"in-text-traffic\" title=\" suicidio\" rel=\"nofollow noopener\"> suicidio<\/a>. A pesar de haber aumentado el personal disponible para estos servicios en las \u00faltimas 48 horas, teme un aumento de los suicidios debido a la amplia cobertura medi\u00e1tica. <\/p>\n<p class=\"voc-p\" style=\"\">\u00abCada vez que personas conocidas se quitan la vida y esto se informa ampliamente en la prensa, hay un aumento medible de suicidios\u00bb, ha declarado la presidenta de Caritas, Eva Welskop-Deffaa, que a\u00f1ade que, en este caso, proliferan las informaciones que presentan este hecho como \u00abidealizado y folletinesco\u00bb. \u00abSe enfatiza el deseo de morir unidas para no tener que ir a la residencia de ancianos\u00ab, insiste, \u00absin reparar en que <strong>se trata seguramente de una relaci\u00f3n de dependencia<\/strong>\u00bb. Welskop-Deffaa lamenta que se presente \u00abcomo una <a href=\"https:\/\/www.abc.es\/sociedad\/holandesa-anos-desata-polemica-tras-decidir-someterse-20240405114917-nt.html\" target=\"_self\" data-voc-vtm-id=\"in-text-traffic\" title=\"decisi\u00f3n\" rel=\"nofollow noopener\">decisi\u00f3n<\/a> soberana de mujeres fuertes lo que debe verse como una expresi\u00f3n de desesperanza y desesperaci\u00f3n, contra la cual el entorno social podr\u00eda haber hecho algo, pero eso apenas se pregunta\u00ab.<\/p>\n<p class=\"voc-p\" style=\"\">El caso ha suscitado un nuevo e intenso debate social sobre el suicidio asistido. El Tribunal Constitucional Federal levant\u00f3 la prohibici\u00f3n del suicidio asistido en febrero de 2020 y formul\u00f3 una serie de requisitos para el uso de la eutanasia. Sin embargo, no existe a fecha de hoy una regulaci\u00f3n legal clara. El Tribunal Constitucional dej\u00f3 en manos del legislativo la decisi\u00f3n de promulgar una nueva ley y dos iniciativas legislativas <a href=\"https:\/\/www.abc.es\/noticias\/fracasa-legislacion-eutanasia-bundestag-aleman-20230707194843-nt.html\" target=\"_self\" data-voc-vtm-id=\"in-text-traffic\" title=\"no han conseguido\" data-mrf-link=\"www.abc.es\" rel=\"nofollow noopener\">no han conseguido<\/a> obtener la mayor\u00eda en el Bundestag. <\/p>\n<p>\nVac\u00edo legal en Alemania\n<\/p>\n<p class=\"voc-p\" style=\"\">Actualmente, no se conocen nuevos proyectos legislativos, pero incluso pol\u00edticos a favor de la eutanasia como el ex ministro de Sanidad, Karl Lauterbach, se pronuncian ahora por una regulaci\u00f3n que impida la decisi\u00f3n desde criterios de frivolidad. Las hermanas Kessler no ten\u00edan problemas graves de salud, m\u00e1s all\u00e1 de su edad, y su objetivo era evitar que las separasen, un temor relativamente infundado. \u00abOpino que necesitamos una regulaci\u00f3n legal para el suicidio asistido. La situaci\u00f3n actual permite la ayuda en el suicidio, sin justificaci\u00f3n, lo cual es <a href=\"https:\/\/www.abc.es\/sociedad\/cardiologo-berlin-asesina-cuatro-pacientes-uci-20230510024139-nt.html\" target=\"_self\" data-voc-vtm-id=\"in-text-traffic\" title=\"\u00e9ticamente injustificable\" data-mrf-link=\"www.abc.es\" rel=\"nofollow noopener\">\u00e9ticamente injustificable<\/a>\u00ab, ha dicho el pol\u00edtico socialdem\u00f3crata. El exministro ha reconocido que \u00bbhoy no es seguro que las personas que toman este camino no sufran enfermedades mentales que limiten su capacidad de toma de decisiones y tampoco es posible evitar las <strong>ofertas comerciales de suicidio asistido<\/strong>\u00ab, se\u00f1alando as\u00ed las l\u00edneas de restricci\u00f3n que considera necesarias en una regulaci\u00f3n para \u00e9l urgente. \u00bbDebe garantizarse la libertad psicol\u00f3gica y sin restricciones de elecci\u00f3n y la ausencia de todos los intereses comerciales\u00ab, ha se\u00f1alado.<\/p>\n<p class=\"voc-p\" style=\"\">Tambi\u00e9n desde la conservadora Uni\u00f3n Cristianodem\u00f3crata (CDU), el exministro de Sanidad y actualmente diputado Hermann Gr\u00f6he ha alzado la voz, defendiendo que no se debe permitir que el suicidio se convierta en una <strong>\u00abnueva normalidad del morir\u00bb<\/strong>. Se ha manifestado sobre la necesidad de ampliar la oferta de cuidados <a href=\"https:\/\/www.abc.es\/sevilla\/ciudad\/viaja-paliativos-sevilla-madrid-visitar-gran-poder-20250715162254-nts.html\" target=\"_self\" data-voc-vtm-id=\"in-text-traffic\" title=\"paliativos\" rel=\"nofollow noopener\">paliativos<\/a> y como alternativa digna para quienes sufren enfermedades graves y ha pedido una ley restrictiva que evite abusos y regule estrictamente las asociaciones que facilitan el suicidio asistido, sobre todo si son entidades con \u00e1nimo de lucro.<\/p>\n<p class=\"voc-p\" style=\"\">El furor de seguidores que ensalzan este caso de suicidio asistido en las redes sociales ha llevado a muchos medios de comunicaci\u00f3n alemanes a editorializar sobre el caso. El popular diario Bild ha advertido en grandes titulares que<strong> \u00abno es un modelo\u00bb<\/strong>. La cadena de televisi\u00f3n p\u00fablica ZDF ha puesto el \u00e9nfasis en el vac\u00edo legal y ha afirmado que el caso Kessler \u00abarroja luz sobre un tema controvertido\u00bb. La revista jur\u00eddica Beck Aktuell ha se\u00f1alado por su parte que el caso \u00abpone de nuevo el debate en el centro de la atenci\u00f3n p\u00fablica\u00bb, especialmente en el \u00e1mbito jur\u00eddico, donde se discute si la legislaci\u00f3n actual es suficiente para evitar abusos.<\/p>\n","protected":false},"excerpt":{"rendered":"Las gemelas Kessler, Alice y Ellen Kessler, dos ni\u00f1as de la postguerra alemana, se hicieron famosas en los&hellip;\n","protected":false},"author":2,"featured_media":245591,"comment_status":"","ping_status":"","sticky":false,"template":"","format":"standard","meta":{"footnotes":""},"categories":[91],"tags":[1660,38210,255,146,147,25,24,21050,2616,7379,795,23,12421],"class_list":{"0":"post-245590","1":"post","2":"type-post","3":"status-publish","4":"format-standard","5":"has-post-thumbnail","7":"category-entretenimiento","8":"tag-alemania","9":"tag-asistido","10":"tag-celebrities","11":"tag-entertainment","12":"tag-entretenimiento","13":"tag-es","14":"tag-espana","15":"tag-indignacion","16":"tag-morir","17":"tag-normalidad","18":"tag-nueva","19":"tag-spain","20":"tag-suicidio"},"share_on_mastodon":{"url":"https:\/\/pubeurope.com\/@es\/115579650299662723","error":""},"_links":{"self":[{"href":"https:\/\/www.europesays.com\/es\/wp-json\/wp\/v2\/posts\/245590","targetHints":{"allow":["GET"]}}],"collection":[{"href":"https:\/\/www.europesays.com\/es\/wp-json\/wp\/v2\/posts"}],"about":[{"href":"https:\/\/www.europesays.com\/es\/wp-json\/wp\/v2\/types\/post"}],"author":[{"embeddable":true,"href":"https:\/\/www.europesays.com\/es\/wp-json\/wp\/v2\/users\/2"}],"replies":[{"embeddable":true,"href":"https:\/\/www.europesays.com\/es\/wp-json\/wp\/v2\/comments?post=245590"}],"version-history":[{"count":0,"href":"https:\/\/www.europesays.com\/es\/wp-json\/wp\/v2\/posts\/245590\/revisions"}],"wp:featuredmedia":[{"embeddable":true,"href":"https:\/\/www.europesays.com\/es\/wp-json\/wp\/v2\/media\/245591"}],"wp:attachment":[{"href":"https:\/\/www.europesays.com\/es\/wp-json\/wp\/v2\/media?parent=245590"}],"wp:term":[{"taxonomy":"category","embeddable":true,"href":"https:\/\/www.europesays.com\/es\/wp-json\/wp\/v2\/categories?post=245590"},{"taxonomy":"post_tag","embeddable":true,"href":"https:\/\/www.europesays.com\/es\/wp-json\/wp\/v2\/tags?post=245590"}],"curies":[{"name":"wp","href":"https:\/\/api.w.org\/{rel}","templated":true}]}}