{"id":245594,"date":"2025-11-20T02:26:11","date_gmt":"2025-11-20T02:26:11","guid":{"rendered":"https:\/\/www.europesays.com\/es\/245594\/"},"modified":"2025-11-20T02:26:11","modified_gmt":"2025-11-20T02:26:11","slug":"estados-unidos-trabaja-con-rusia-en-un-plan-de-paz-de-28-puntos-para-el-fin-de-la-guerra-en-ucrania","status":"publish","type":"post","link":"https:\/\/www.europesays.com\/es\/245594\/","title":{"rendered":"Estados Unidos trabaja con Rusia en un plan de paz de 28 puntos para el fin de la guerra en Ucrania"},"content":{"rendered":"<p style=\"\">Volod\u00edmir Zelenski trabaja contra el reloj. Los rusos avanzan, cada vez tienen m\u00e1s cerca hacerse con el control de una ciudad clave en el frente del Este como Pokrovsk y el presidente ucraniano visit\u00f3 la cuarta capital de los \u00faltimos d\u00edas para recabar apoyos. Tras  &#8230; su paso por Atenas, Par\u00eds y Madrid, <strong>Zelenski se reuni\u00f3 con Recep Tayyip Erdogan<\/strong> en Ankara con el objetivo de \u00abreavivar el proceso de negociaci\u00f3n\u00bb con Rusia. Poner fin a la guerra y acelerar los esfuerzos de intercambio de prisioneros fueron los puntos clave de la reuni\u00f3n mantenida por<strong> los dos presidentes en la capital turca.<\/strong><\/p>\n<p class=\"voc-p\" style=\"\">Durante las horas previas <a href=\"https:\/\/www.abc.es\/internacional\/zelenski-anuncia-compra-100-cazabombarderos-rafale-franceses-20251117121616-nt.html\" target=\"_self\" data-voc-vtm-id=\"in-text-traffic\" title=\"al encuentro en Ankara\" rel=\"nofollow noopener\">al encuentro en Ankara<\/a>, algunos medios informaron de la posibilidad de la presencia de Steve Witkoff en el encuentro. El portal turco Serbestiyet se\u00f1al\u00f3 que finalmente el enviado de Trump no estuvo presente porque ultima los detalles de un plan de paz para Ucrania inspirado en el modelo empleado en Gaza. El medio digital Axios tuvo acceso a <strong>un borrador de esta propuesta, que consta de 28 puntos<\/strong> centrados en cuatro grandes \u00e1reas como la paz en Ucrania, garant\u00edas de seguridad (para los dos bandos), seguridad europea m\u00e1s amplia y un nuevo marco para relaciones futuras entre Washington, Mosc\u00fa y Kiev.<\/p>\n<p class=\"voc-p\" style=\"\">El primer paso consistir\u00eda en la entrada en vigor de un alto el fuego por fases, al estilo del que est\u00e1 en vigor desde hace un mes en la Franja. Este borrador estar\u00eda negociado entre Estados Unidos y Rusia, sin la presencia, de momento de Ucrania, seg\u00fan el portal.<\/p>\n<p class=\"voc-p\" style=\"\">El acuerdo supondr\u00eda la cesi\u00f3n a Rusia de los territorios que controla en el sureste de Ucrania y, adem\u00e1s, los territorios de las provincias de Donetsk y Lugansk que siguen bajo control ucraniano (cerca del 15% de estas dos provincias). Esa franja se convertir\u00eda en un comienzo en una zona desmilitarizada. En el caso de las otras dos provincias controladas en parte por Rusia -Jers\u00f3n y Zaporiya-, se congelar\u00edan las l\u00edneas del frente y Rusia podr\u00eda devolver parte del territorio a Ucrania.<\/p>\n<p class=\"voc-p\" style=\"\">Witkoff no viaj\u00f3 a Ankara, pero s\u00ed ha mantenido conversaciones con enviados de Rusia, como los encuentros durante tres d\u00edas a finales de octubre en Florida con <strong>Kiril Dmitriev<\/strong>, un asesor de Vladimir Putin. <\/p>\n<p class=\"voc-p\" style=\"\">La negociaci\u00f3n es compleja, sobre todo porque Rusia no tiene prisa y avanza d\u00eda a d\u00eda en el campo de batalla. El ministro de Exteriores ruso, Sergu\u00e9i Lavrov, insiste en cada una de sus intervenciones que sus condiciones para un acuerdo de paz se mantienen firmes: exigir que Kiev renuncie a cualquier ambici\u00f3n <a href=\"https:\/\/www.abc.es\/espana\/andalucia\/cordoba\/jefe-estado-mayor-tierra-alerta-suerte-ucrania-20251112211524-nts.html\" target=\"_self\" data-voc-vtm-id=\"in-text-traffic\" title=\"de unirse a la OTAN\" rel=\"nofollow noopener\">de unirse a la OTAN<\/a> y la retirada completa de Ucrania de las regiones de Donetsk, Lugansk, Zaporiyia y Jers\u00f3n.<\/p>\n<p class=\"voc-p\" style=\"\">Adem\u00e1s, la agencia Reuters, citando fuentes familiarizadas con el tema, aseguraba que las propuestas inclu\u00edan, entre otras cosas, la reducci\u00f3n del tama\u00f1o de las fuerzas armadas ucranianas.<\/p>\n<p>\nEstambul, sede clave\n<\/p>\n<p class=\"voc-p\" style=\"\">Las negociaciones han ocurrido a espaldas del Gobierno de Kiev, al que Donald Trump podr\u00eda arrinconar ahora con esta propuesta. Una fuente ucraniana asegur\u00f3 a Reuters que hab\u00edan recibido \u00abse\u00f1ales\u00bb del plan dise\u00f1ado por EE.UU. en conversaciones con Rusia y que Ucrania no ha participado en ello.<\/p>\n<p class=\"voc-p\" style=\"\">Las revelaciones coinciden con el env\u00edo de una delegaci\u00f3n del Pent\u00e1gono a Kiev. Estar\u00e1 liderada por el secretario del Ej\u00e9rcito de Tierra, Dan Driscoll, y celebrar\u00e1 una reuni\u00f3n con Zelenski este jueves.<\/p>\n<p><img decoding=\"async\" loading=\"lazy\" src=\"https:\/\/www.europesays.com\/es\/wp-content\/uploads\/2025\/11\/zelesnky-kKcH--760x427@diario_abc.jpg\" class=\"voc-img\" width=\"760\" height=\"427\" alt=\"Zelenski y Erdogan se re\u00fanen este mi\u00e9rcoles en Estambul\" data-voc-vtm-id=\"in-text-traffic\"\/><\/p>\n<p>Zelenski y Erdogan se re\u00fanen este mi\u00e9rcoles en Estambul<\/p>\n<p>Afp<\/p>\n<p class=\"voc-p\" style=\"\">Turqu\u00eda ha sido desde el comienzo de la invasi\u00f3n rusa un punto para la negociaci\u00f3n. Despu\u00e9s de tres a\u00f1os de silencio, rusos y ucranianos retomaron los contactos directos en mayo en Estambul con una primera reuni\u00f3n que sirvi\u00f3 para que ambas partes acordaran un intercambio de 2.000 prisioneros. Retomar el proceso de paz, roto en esta misma ciudad en marzo de 2022, no fue sencillo, y en esa cumbre de Estambul no estuvieron ni Vlad\u00edmir Putin, ni Donald Trump, ni Zelenski.<\/p>\n<p class=\"voc-p\" style=\"\">Seis meses despu\u00e9s de ese encuentro, Erdogan indic\u00f3 que \u00abes necesario continuar con el proceso de Estambul con un enfoque pragm\u00e1tico y orientado a resultados. En un momento en que los efectos destructivos de la guerra se est\u00e1n profundizando para ambas partes, creemos que las conversaciones de Estambul representan una etapa importante en los esfuerzos diplom\u00e1ticos\u00bb. Zelenski destac\u00f3 que el apoyo de Ankara a la independencia y soberan\u00eda de Ucrania es \u00abmuy importante\u00bb para ellos y record\u00f3 durante la rueda de prensa conjunta que \u00abesta es la lucha de nuestros soldados y civiles, y es nuestro derecho leg\u00edtimo a la autodefensa\u00bb.<\/p>\n<p class=\"voc-p\" style=\"\">El l\u00edder ucraniano considera que \u00abla guerra debe terminar, y no hay alternativa a la paz. Rusia debe entender que matar gente no ser\u00e1 recompensado, y ning\u00fan pa\u00eds de la regi\u00f3n deber\u00eda sentir que tiene libertad para iniciar una nueva guerra. Compartimos la misma visi\u00f3n con Turqu\u00eda\u00bb. La reuni\u00f3n fue simb\u00f3lica y el objetivo de turcos y ucranianos es que sirva para reactivar la v\u00eda diplomacia a orillas del B\u00f3sforo y los intercambios de prisioneros.<\/p>\n<p class=\"voc-p\" style=\"\">A su no presencia en Ankara, Witkoff sum\u00f3 la cancelaci\u00f3n de la reuni\u00f3n que ten\u00eda prevista con Khalil Al Haya, jefe negociador de Ham\u00e1s, en Estambul, inform\u00f3 el portal israel\u00ed Walla. Fuentes consultadas por este medio aseguraron que los responsables de Israel presionaron para que no se produjera un encuentro que significar\u00eda un reconocimiento del estatus de Ham\u00e1s, y que podr\u00eda obstaculizar la transici\u00f3n a la segunda fase del acuerdo en Gaza.<\/p>\n","protected":false},"excerpt":{"rendered":"Volod\u00edmir Zelenski trabaja contra el reloj. Los rusos avanzan, cada vez tienen m\u00e1s cerca hacerse con el control&hellip;\n","protected":false},"author":2,"featured_media":245595,"comment_status":"","ping_status":"","sticky":false,"template":"","format":"standard","meta":{"footnotes":""},"categories":[42],"tags":[304,17,18,24154,17777,13,14,11,61,62,63,64,19,20,6730,9,10,15,16,8092,1614,12,21,22,65,66,67,62780],"class_list":{"0":"post-245594","1":"post","2":"type-post","3":"status-publish","4":"format-standard","5":"has-post-thumbnail","7":"category-internacional","8":"tag-apuesta","9":"tag-breaking-news","10":"tag-breakingnews","11":"tag-directa","12":"tag-estambul","13":"tag-featured-news","14":"tag-featurednews","15":"tag-headlines","16":"tag-internacional","17":"tag-international","18":"tag-international-news","19":"tag-internationalnews","20":"tag-latest-news","21":"tag-latestnews","22":"tag-negociacion","23":"tag-news","24":"tag-noticias","25":"tag-noticias-destacadas","26":"tag-noticiasdestacadas","27":"tag-reactivar","28":"tag-rusia","29":"tag-titulares","30":"tag-ultimas-noticias","31":"tag-ultimasnoticias","32":"tag-world","33":"tag-world-news","34":"tag-worldnews","35":"tag-zelensky"},"share_on_mastodon":{"url":"https:\/\/pubeurope.com\/@es\/115579662437042562","error":""},"_links":{"self":[{"href":"https:\/\/www.europesays.com\/es\/wp-json\/wp\/v2\/posts\/245594","targetHints":{"allow":["GET"]}}],"collection":[{"href":"https:\/\/www.europesays.com\/es\/wp-json\/wp\/v2\/posts"}],"about":[{"href":"https:\/\/www.europesays.com\/es\/wp-json\/wp\/v2\/types\/post"}],"author":[{"embeddable":true,"href":"https:\/\/www.europesays.com\/es\/wp-json\/wp\/v2\/users\/2"}],"replies":[{"embeddable":true,"href":"https:\/\/www.europesays.com\/es\/wp-json\/wp\/v2\/comments?post=245594"}],"version-history":[{"count":0,"href":"https:\/\/www.europesays.com\/es\/wp-json\/wp\/v2\/posts\/245594\/revisions"}],"wp:featuredmedia":[{"embeddable":true,"href":"https:\/\/www.europesays.com\/es\/wp-json\/wp\/v2\/media\/245595"}],"wp:attachment":[{"href":"https:\/\/www.europesays.com\/es\/wp-json\/wp\/v2\/media?parent=245594"}],"wp:term":[{"taxonomy":"category","embeddable":true,"href":"https:\/\/www.europesays.com\/es\/wp-json\/wp\/v2\/categories?post=245594"},{"taxonomy":"post_tag","embeddable":true,"href":"https:\/\/www.europesays.com\/es\/wp-json\/wp\/v2\/tags?post=245594"}],"curies":[{"name":"wp","href":"https:\/\/api.w.org\/{rel}","templated":true}]}}