{"id":245612,"date":"2025-11-20T02:45:12","date_gmt":"2025-11-20T02:45:12","guid":{"rendered":"https:\/\/www.europesays.com\/es\/245612\/"},"modified":"2025-11-20T02:45:12","modified_gmt":"2025-11-20T02:45:12","slug":"medicos-y-pacientes-de-epoc-piden-no-normalizar-tos-cronica-falta-de-aire-o-expectoracion-y-acudir-a-consulta","status":"publish","type":"post","link":"https:\/\/www.europesays.com\/es\/245612\/","title":{"rendered":"M\u00e9dicos y pacientes de EPOC piden \u00abno normalizar\u00bb tos cr\u00f3nica, falta de aire o expectoraci\u00f3n y acudir a consulta"},"content":{"rendered":"<p>    MADRID 19 Nov. (EUROPA PRESS) &#8211; <\/p>\n<p>   M\u00e9dicos de Atenci\u00f3n Primaria (AP) y asociaciones de pacientes de enfermedad pulmonar obstructiva cr\u00f3nica (EPOC) han pedido a las personas con s\u00edntomas como tos cr\u00f3nica, expectoraci\u00f3n y disnea que \u00abno los normalicen\u00bb y acudan a consulta para conseguir un diagn\u00f3stico precoz de la patolog\u00eda y, a la vez, han instado a los profesionales sanitarios a \u00absospechar\u00bb si un paciente tiene estos s\u00edntomas.<\/p>\n<p>   \u00abEs muy desconocida por la poblaci\u00f3n general, a pesar de que es una enfermedad que tiene una prevalencia alt\u00edsima y una carga social y econ\u00f3mica muy importante\u00bb, ha aseverado el presidente del Grupo de Respiratorio de Atenci\u00f3n Primaria (GRAP), Juan Carlos L\u00f3pez Caro, en una rueda de prensa organizada por GSK con motivo del D\u00eda Mundial de la EPOC.<\/p>\n<p>   L\u00f3pez Caro ha explicado que la EPOC se caracteriza por la obstrucci\u00f3n de la v\u00eda a\u00e9rea respiratoria debido a una inflamaci\u00f3n de la misma causada por la exposici\u00f3n a ciertos t\u00f3xicos, principalmente el tabaco -no solo los cigarrillos tradicionales, sino tambi\u00e9n los electr\u00f3nicos y los nuevos productos asociados- pero tambi\u00e9n la exposici\u00f3n ambiental y la contaminaci\u00f3n. Junto a esto, ha precisado que tambi\u00e9n puede haber una predisposici\u00f3n gen\u00e9tica y un mayor riesgo en ni\u00f1os prematuros.<\/p>\n<p>   Su impacto en la vida diaria de los pacientes es importante y, al ser una patolog\u00eda cr\u00f3nica, el doctor ha comentado que la obstrucci\u00f3n que causa es persistente, evoluciona a lo largo de la enfermedad y es \u00abmuy poco reversible\u00bb.<\/p>\n<p>   La portavoz de la Sociedad Espa\u00f1ola de M\u00e9dicos Generales y de Familia (SEMG) Mar\u00eda Sanz Almaz\u00e1n ha se\u00f1alado que una de cada 10 personas en el mundo tiene EPOC y que esta representa la cuarta causa de muerte. Sin embargo, ha advertido que las tasas de infradiagn\u00f3stico son elevadas, llegando al 75 por ciento en hombres y elev\u00e1ndose hasta el 85 por ciento en mujeres, motivo por el que tambi\u00e9n ha llamado a poner el foco en ellas.<\/p>\n<p>   Sanz ha afirmado que son \u00abpacientes complejos\u00bb debido a que la EPOC se caracteriza por la presencia de comorbilidades, entre las que destacan el c\u00e1ncer de pulm\u00f3n, las infecciones respiratorias de repetici\u00f3n, arritmias, p\u00e9rdida de masa muscular, osteoporosis y trastornos del estado de \u00e1nimo. Adem\u00e1s, ha apuntado que las exacerbaciones, episodios agudos de empeoramiento de la enfermedad, llevan a requerir atenci\u00f3n en Urgencias e incluso hospitalizaci\u00f3n.<\/p>\n<p>PAPEL CLAVE DE LA ATENCI\u00d3N PRIMARIA<\/p>\n<p>   Los especialistas han coincidido en que el remedio principal para limitar el impacto de la enfermedad e incluso frenar su progresi\u00f3n es conseguir que el paciente sea diagnosticado en fases tempranas. En este sentido, han reivindicado el papel clave de los profesionales de Atenci\u00f3n Primaria que deben \u00abadelantarse\u00bb a la EPOC.<\/p>\n<p>   La portavoz de la Sociedad Espa\u00f1ola de M\u00e9dicos de Atenci\u00f3n Primaria (SEMERGEN) Milagros Gonz\u00e1lez B\u00e9jar ha explicado que en toda aquella persona mayor de 40 a\u00f1os que presente s\u00edntomas respiratorios se debe realizar la prueba de diagn\u00f3stico, conocida como espirometr\u00eda, que es sencilla y barata. Asimismo, ha comentado que se debe identificar a los fumadores pasivos, en quienes la EPOC est\u00e1 infradiagnosticada, y no olvidar que tambi\u00e9n se puede dar en personas j\u00f3venes.<\/p>\n<p>   Gonz\u00e1lez B\u00e9jar ha destacado que el papel de la AP va m\u00e1s all\u00e1 del diagn\u00f3stico, ya que tambi\u00e9n participa en la implementaci\u00f3n de medidas de educaci\u00f3n para la salud, esto es, pautas de alimentaci\u00f3n, actividad f\u00edsica y de cesaci\u00f3n tab\u00e1quica que ayudan en el control de la EPOC.<\/p>\n<p>   A este respecto, Juan Carlos L\u00f3pez Caro ha insistido en que los profesionales de Atenci\u00f3n Primaria deben tener un papel proactivo y realizar espirometr\u00eda en caso de observar en un paciente que va a consulta por otros motivos s\u00edntomas relacionados con la EPOC. Con todo, el experto ha subrayado que la clave est\u00e1 en conseguir implantar un cribado de EPOC que permita realizar espirometr\u00edas a la poblaci\u00f3n con una frecuencia de cinco a 10 a\u00f1os.<\/p>\n<p>SENSIBILIZAR Y CONCIENCIAR<\/p>\n<p>   En el acto ha intervenido el vicepresidente de la Federaci\u00f3n Espa\u00f1ola de Asociaciones de Pacientes Al\u00e9rgicos y con Enfermedades Respiratorias (FENAER), I\u00f1aki Mor\u00e1n, paciente de EPOC como consecuencia de la exposici\u00f3n al tabaco como fumador pasivo, quien ha relatado las dificultades a las que se enfrenta en su d\u00eda a d\u00eda y la necesidad de sensibilizar y concienciar a la poblaci\u00f3n.<\/p>\n<p>   \u00abPlanificamos nuestra vida en funci\u00f3n de la enfermedad, dejamos de ir a un sitio simplemente porque para llegar tenemos que subir unas escaleras o una cuesta (&#8230;) No poder respirar nos frustra cientos de veces al d\u00eda y eso influye en nuestras relaciones, dejas de salir, dejas de tener contacto con amigos, familia\u00bb, ha lamentado a\u00f1adiendo que el retraso diagn\u00f3stico \u00abes una losa\u00bb.<\/p>\n<p>   Adem\u00e1s, ha hablado de las comorbilidades que acompa\u00f1an a la enfermedad, el insomnio que sufren muchos pacientes, resistencia a los antibi\u00f3ticos, problemas mentales y el hartazgo de tener que ir al m\u00e9dico con frecuencia, someterse a pruebas, seguir el tratamiento, practicar ejercicio, etc., as\u00ed como la culpabilidad que acompa\u00f1a a muchos pacientes, debido a la hist\u00f3rica relaci\u00f3n de la EPOC con el tabaco.<\/p>\n<p>    En base a los resultados de una encuesta realizada por FENAER, ha comentado que solo dos de cada 10 personas relacionan las siglas EPOC con una enfermedad pulmonar. Por ello, ha hecho hincapi\u00e9 en la importancia de las campa\u00f1as de sensibilizaci\u00f3n.<\/p>\n<p>   Por su parte, la portavoz de la Asociaci\u00f3n de Pacientes con EPOC (APEPOC) Nicole Hass ha reivindicado la actuaci\u00f3n de las asociaciones de pacientes, que ha se\u00f1alado que tienen un \u00abpapel transformador\u00bb, porque dan informaci\u00f3n a los pacientes y familiares, pero tambi\u00e9n a la sociedad en su conjunto.<\/p>\n<p>   Entre las acciones de APEPOC, ha detallado que la entidad trata de empoderar a los pacientes y a la sociedad para que entiendan la enfermedad, fomentar la comunicaci\u00f3n entre profesionales y pacientes, implicar a los afectados en la toma de decisiones cl\u00ednicas, garantizar un acceso equitativo a la atenci\u00f3n en todo el pa\u00eds, y promover la participaci\u00f3n en la pol\u00edtica sanitaria.<\/p>\n<p>   Para visibilizar la EPOC, GSK ha instalado en las inmediaciones de la estaci\u00f3n de Pr\u00edncipe P\u00edo (Madrid) una furgoneta que ofrece a la poblaci\u00f3n la posibilidad de realizarse pruebas funcionales y recibir informaci\u00f3n sobre salud respiratoria. La iniciativa &#8216;AireQueImpulsa&#8217; ha recorrido m\u00e1s de 3.000 kil\u00f3metros con presencia en varias ciudades espa\u00f1olas en los \u00faltimos meses, que ha permitido concienciar a m\u00e1s de 124.000 personas.<\/p>\n","protected":false},"excerpt":{"rendered":"MADRID 19 Nov. (EUROPA PRESS) &#8211; M\u00e9dicos de Atenci\u00f3n Primaria (AP) y asociaciones de pacientes de enfermedad pulmonar&hellip;\n","protected":false},"author":2,"featured_media":245613,"comment_status":"","ping_status":"","sticky":false,"template":"","format":"standard","meta":{"footnotes":""},"categories":[92],"tags":[25,24,165,166,23],"class_list":{"0":"post-245612","1":"post","2":"type-post","3":"status-publish","4":"format-standard","5":"has-post-thumbnail","7":"category-salud","8":"tag-es","9":"tag-espana","10":"tag-health","11":"tag-salud","12":"tag-spain"},"share_on_mastodon":{"url":"https:\/\/pubeurope.com\/@es\/115579737065617864","error":""},"_links":{"self":[{"href":"https:\/\/www.europesays.com\/es\/wp-json\/wp\/v2\/posts\/245612","targetHints":{"allow":["GET"]}}],"collection":[{"href":"https:\/\/www.europesays.com\/es\/wp-json\/wp\/v2\/posts"}],"about":[{"href":"https:\/\/www.europesays.com\/es\/wp-json\/wp\/v2\/types\/post"}],"author":[{"embeddable":true,"href":"https:\/\/www.europesays.com\/es\/wp-json\/wp\/v2\/users\/2"}],"replies":[{"embeddable":true,"href":"https:\/\/www.europesays.com\/es\/wp-json\/wp\/v2\/comments?post=245612"}],"version-history":[{"count":0,"href":"https:\/\/www.europesays.com\/es\/wp-json\/wp\/v2\/posts\/245612\/revisions"}],"wp:featuredmedia":[{"embeddable":true,"href":"https:\/\/www.europesays.com\/es\/wp-json\/wp\/v2\/media\/245613"}],"wp:attachment":[{"href":"https:\/\/www.europesays.com\/es\/wp-json\/wp\/v2\/media?parent=245612"}],"wp:term":[{"taxonomy":"category","embeddable":true,"href":"https:\/\/www.europesays.com\/es\/wp-json\/wp\/v2\/categories?post=245612"},{"taxonomy":"post_tag","embeddable":true,"href":"https:\/\/www.europesays.com\/es\/wp-json\/wp\/v2\/tags?post=245612"}],"curies":[{"name":"wp","href":"https:\/\/api.w.org\/{rel}","templated":true}]}}