{"id":245626,"date":"2025-11-20T03:00:09","date_gmt":"2025-11-20T03:00:09","guid":{"rendered":"https:\/\/www.europesays.com\/es\/245626\/"},"modified":"2025-11-20T03:00:09","modified_gmt":"2025-11-20T03:00:09","slug":"se-cumplen-25-anos-del-otro-derbi-del-palo","status":"publish","type":"post","link":"https:\/\/www.europesays.com\/es\/245626\/","title":{"rendered":"Se cumplen 25 a\u00f1os del otro derbi del palo"},"content":{"rendered":"<p style=\"\">El <strong>Sevilla FC<\/strong> vuelve en la tarde de este mi\u00e9rcoles a los entrenamientos, donde el conjunto sevillista comenzar\u00e1 a preparar el partido ante el <strong>Espanyol<\/strong> del pr\u00f3ximo <strong>lunes 24 de noviembre<\/strong>. Despu\u00e9s de este encuentro, el S\u00e1nchez-Pizju\u00e1n acoger\u00e1 el primer <strong>derbi<\/strong> &#8230;  sevillano de la temporada el <strong>domingo 30 de noviembre a las 16:15 horas<\/strong>. Este mi\u00e9rcoles se cumplen justamente <strong>25 a\u00f1os<\/strong> se jug\u00f3 el \u00faltimo derbi entre <strong>Betis<\/strong> y <strong>Sevilla <\/strong>en el Benito Villamar\u00edn en la categor\u00eda de plata del f\u00fatbol espa\u00f1ol.<\/p>\n<p class=\"voc-p\" style=\"\">Partido del que la afici\u00f3n nervionense guarda un magn\u00edfico recuerdo. Pese a que <strong>Capi<\/strong> adelant\u00f3 al conjunto de Heli\u00f3polis al inicio de la segunda mitad, el Sevilla remont\u00f3 el encuentro gracias a un gol de <strong>Tevenet<\/strong> y a un <strong>doblete de Nico Olivera<\/strong>. Sin embargo, este derbi tambi\u00e9n quedar\u00e1 en la memoria de los aficionados por el <strong>lanzamiento de un pal<\/strong><strong>o<\/strong> al terreno de juego que cogi\u00f3 el uruguayo  Olivera para entreg\u00e1rselo al \u00e1rbitro. <\/p>\n<p class=\"voc-p\" style=\"\">Con motivo de esta fecha y a s\u00f3lo once d\u00edas de un nuevo derbi entre Sevilla y Betis, MuchoDeporte ha podido entrevistar al delantero uruguayo, quien a\u00fan conserva en el recuerdo lo sucedido en aquel duelo. \u00ab\u00bfC\u00f3mo no recordarlo? Fue parte del folclore y del ambiente tan intenso que se vive en un derbi como el Sevilla-Betis. Evidentemente estoy totalmente en contra de la violencia y deseo que no ocurra ni dentro ni fuera de la cancha. Fue un detalle m\u00e1s de un cl\u00e1sico muy pasional\u00bb, se\u00f1al\u00f3 Olivera. En cambio, el antiguo jugador del Sevilla le rest\u00f3 importancia a los hechos: \u00abNo hay que darle m\u00e1s trascendencia de la que tuvo: no deber\u00eda haber pasado, pero pas\u00f3. Qued\u00f3 como una an\u00e9cdota y nada m\u00e1s. <strong>Simplemente recog\u00ed el palo y se lo entregu\u00e9 al \u00e1rbitro<\/strong>\u00ab. <\/p>\n<p class=\"voc-p\" style=\"\"><strong>Nico Oliver<\/strong><strong>a<\/strong> disput\u00f3 <strong>102 partidos<\/strong> con la el\u00e1stica nervionense, anotando <strong>31 goles<\/strong> y siendo clave en la misma campa\u00f1a de aquel derbi para lograr el ascenso a Primera Divisi\u00f3n. Del mismo modo, el ariete uruguayo reconoci\u00f3 que \u00abese triunfo nos permiti\u00f3 seguir escalando posiciones y reforz\u00f3 nuestra confianza\u00bb.<\/p>\n","protected":false},"excerpt":{"rendered":"El Sevilla FC vuelve en la tarde de este mi\u00e9rcoles a los entrenamientos, donde el conjunto sevillista comenzar\u00e1&hellip;\n","protected":false},"author":2,"featured_media":245627,"comment_status":"","ping_status":"","sticky":false,"template":"","format":"standard","meta":{"footnotes":""},"categories":[268],"tags":[988,168,18298,25,24,280,282,12740,281,23,167],"class_list":{"0":"post-245626","1":"post","2":"type-post","3":"status-publish","4":"format-standard","5":"has-post-thumbnail","7":"category-futbol","8":"tag-anos","9":"tag-deportes","10":"tag-derbi","11":"tag-es","12":"tag-espana","13":"tag-football","14":"tag-futbol","15":"tag-palo","16":"tag-soccer","17":"tag-spain","18":"tag-sports"},"share_on_mastodon":{"url":"https:\/\/pubeurope.com\/@es\/115579795780170878","error":""},"_links":{"self":[{"href":"https:\/\/www.europesays.com\/es\/wp-json\/wp\/v2\/posts\/245626","targetHints":{"allow":["GET"]}}],"collection":[{"href":"https:\/\/www.europesays.com\/es\/wp-json\/wp\/v2\/posts"}],"about":[{"href":"https:\/\/www.europesays.com\/es\/wp-json\/wp\/v2\/types\/post"}],"author":[{"embeddable":true,"href":"https:\/\/www.europesays.com\/es\/wp-json\/wp\/v2\/users\/2"}],"replies":[{"embeddable":true,"href":"https:\/\/www.europesays.com\/es\/wp-json\/wp\/v2\/comments?post=245626"}],"version-history":[{"count":0,"href":"https:\/\/www.europesays.com\/es\/wp-json\/wp\/v2\/posts\/245626\/revisions"}],"wp:featuredmedia":[{"embeddable":true,"href":"https:\/\/www.europesays.com\/es\/wp-json\/wp\/v2\/media\/245627"}],"wp:attachment":[{"href":"https:\/\/www.europesays.com\/es\/wp-json\/wp\/v2\/media?parent=245626"}],"wp:term":[{"taxonomy":"category","embeddable":true,"href":"https:\/\/www.europesays.com\/es\/wp-json\/wp\/v2\/categories?post=245626"},{"taxonomy":"post_tag","embeddable":true,"href":"https:\/\/www.europesays.com\/es\/wp-json\/wp\/v2\/tags?post=245626"}],"curies":[{"name":"wp","href":"https:\/\/api.w.org\/{rel}","templated":true}]}}