{"id":245636,"date":"2025-11-20T03:08:12","date_gmt":"2025-11-20T03:08:12","guid":{"rendered":"https:\/\/www.europesays.com\/es\/245636\/"},"modified":"2025-11-20T03:08:12","modified_gmt":"2025-11-20T03:08:12","slug":"virus-usutu-en-mallorca-virus-usutu-detectado-por-primera-vez-en-mallorca-que-es-como-se-transmite-y-estos-son-sus-sintomas","status":"publish","type":"post","link":"https:\/\/www.europesays.com\/es\/245636\/","title":{"rendered":"VIRUS USUTU EN MALLORCA | Virus Usutu, detectado por primera vez en Mallorca: qu\u00e9 es, c\u00f3mo se transmite y estos son sus s\u00edntomas"},"content":{"rendered":"<p class=\"ft-text\">El <strong>Banco de Sangre y Tejidos de las Illes Balears<\/strong> (BSTIB) ha confirmado la detecci\u00f3n del <a class=\"ft-link ft-link--decoration\" href=\"https:\/\/www.diariodemallorca.es\/mallorca\/2025\/11\/19\/banco-sangre-baleares-identifica-mallorca-123884443.html\" rel=\"nofollow noopener\" target=\"_blank\">primer caso de infecci\u00f3n humana por virus Usutu en Mallorca,<\/a> el primer caso detectado en <strong>Espa\u00f1a<\/strong>. La identificaci\u00f3n se produjo durante los controles rutinarios que se realizan a las<strong> donaciones de sangre<\/strong>, un sistema que ha demostrado ser clave para impedir la transmisi\u00f3n de virus emergentes a<strong> pacientes vulnerables<\/strong>.<\/p>\n<p>La historia de este virus<\/p>\n<p class=\"ft-text ft-helper-align-justify\">El <strong>USUV<\/strong> es un<strong> arbovirus<\/strong> que pertenece a la familia Flaviviridae, muy relacionado con el <strong>virus del Nilo Occidental<\/strong> y actualmente presente en <strong>\u00c1frica<\/strong>, <strong>Asia<\/strong> y en <strong>Europa<\/strong>. Se describi\u00f3 por primera vez en<strong> Sud\u00e1frica en 1959<\/strong> y, aunque durante d\u00e9cadas permaneci\u00f3 confinado al continente africano, desde principios de los a\u00f1os 2000 ha ido extendi\u00e9ndose por <strong>Europa<\/strong>. Este pat\u00f3geno se extiende a causa de un perfecto caldo de cultivo formado por la<strong> migraci\u00f3n de las aves<\/strong>, los <strong>mosquitos <\/strong>y<strong> temperaturas<\/strong> cada vez m\u00e1s <strong>c\u00e1lidas<\/strong>.<\/p>\n<p class=\"ft-text ft-helper-align-justify\">Se detect\u00f3 inicialmente en <strong>Austria <\/strong>en 2001, donde afecto de manera significativa causando la muerte de un gran n\u00famero de aves, y posteriormente se extendi\u00f3 a <strong>Hungr\u00eda<\/strong>, <strong>Italia<\/strong> y otros pa\u00edses europeos. En <strong>Espa\u00f1a<\/strong>, seg\u00fan varios estudios, se ha identificado en aves silvestres en 2006, 2009 y 2012.<\/p>\n<p>C\u00f3mo se transmite<\/p>\n<p class=\"ft-text ft-helper-align-justify\">El <strong>virus Usutu<\/strong> se transmite por\u00a0la<strong> picadura de mosquitos del g\u00e9nero <\/strong><strong>Culex<\/strong>. \u00a0No existe evidencia de contagio directo entre personas, ni por contacto f\u00edsico, v\u00eda a\u00e9rea o fluidos. Su presencia en el <strong>mediterr\u00e1neo<\/strong> suele estar relacionada con el movimiento de <strong>aves migratorias<\/strong>, que act\u00faan como habituales transmisoras.<\/p>\n<p class=\"ft-text ft-helper-align-justify\">Cuando un mosquito se alimenta de un<a class=\"ft-link ft-link--decoration\" href=\"https:\/\/www.diariodemallorca.es\/part-forana\/2025\/11\/12\/govern-advierte-medidas-traumaticas-aparece-123644702.html\" rel=\"nofollow noopener\" target=\"_blank\"> ave infectada<\/a>, puede adquirir el<strong> virus<\/strong> y transmitirlo posteriormente a otras aves o, de forma accidental, a mam\u00edferos como caballos, roedores y seres humanos.<\/p>\n<p>Riesgos para la salud humana<\/p>\n<p class=\"ft-text ft-helper-align-justify\">Tras entre<strong> 2 y 14 d\u00edas de incubaci\u00f3n<\/strong>, si la enfermedad se manifiesta, los signos m\u00e1s frecuentes incluyen<strong> fiebre <\/strong>moderada o en ocasiones elevada, <strong>dolor de cabeza<\/strong> intenso, <strong>erupciones cut\u00e1neas<\/strong>,<strong> dolores musculares<\/strong> y <strong>sensaci\u00f3n de mal estar general<\/strong>.<\/p>\n<p class=\"ft-text\">Aunque en la mayor\u00eda de personas el virus pasa inadvertido, los especialistas advierten de que los <strong>pacientes inmunodeprimidos<\/strong> pueden desarrollar cuadros<strong> graves<\/strong> si reciben sangre contaminada, c\u00f3mo<strong> encefalitis<\/strong> o <strong>meningoencefalitis<\/strong>,<strong> hepatitis severa<\/strong> o<strong> alteraciones neurol\u00f3gicas<\/strong> graves.<\/p>\n<p>C\u00f3mo se detecta<\/p>\n<p class=\"ft-text ft-helper-align-justify\">El <strong>virus Usutu<\/strong> se puede detectar principalmente con una<strong> prueba PCR en sangre o en l\u00edquido cefalorraqu\u00eddeo,<\/strong> durante la fase aguda de la enfermedad. Tambi\u00e9n hay <strong>an\u00e1lisis de sangre<\/strong> que buscan anticuerpos (<strong>IgM e IgG<\/strong>), pero a veces pueden confundirse con los de otros virus parecidos. Por eso, los especialistas suelen confirmar el resultado con pruebas m\u00e1s espec\u00edficas que miden si los<strong> anticuerpos<\/strong> realmente neutralizan al virus, anticuerpos que pueden permanecer detectables durante meses.<\/p>\n<p class=\"ft-text ft-helper-align-justify\">Aunque este <strong>primer caso en Mallorca<\/strong> no ha presentado s\u00edntomas y no supone un riesgo inmediato para la poblaci\u00f3n general, las <strong>autoridades sanitarias<\/strong> lo consideran un indicador importante de que el virus circula en el entorno, y en ese contexto es muy importante <strong>aumentar<\/strong> <strong>la vigilancia<\/strong> tanto en aves como en mosquitos.<\/p>\n","protected":false},"excerpt":{"rendered":"El Banco de Sangre y Tejidos de las Illes Balears (BSTIB) ha confirmado la detecci\u00f3n del primer caso&hellip;\n","protected":false},"author":2,"featured_media":245637,"comment_status":"","ping_status":"","sticky":false,"template":"","format":"standard","meta":{"footnotes":""},"categories":[92],"tags":[2456,13755,25,24,165,2457,1078,166,23,62619,1079,2275],"class_list":{"0":"post-245636","1":"post","2":"type-post","3":"status-publish","4":"format-standard","5":"has-post-thumbnail","7":"category-salud","8":"tag-baleares","9":"tag-dvl","10":"tag-es","11":"tag-espana","12":"tag-health","13":"tag-mallorca","14":"tag-primera","15":"tag-salud","16":"tag-spain","17":"tag-usutu","18":"tag-vez","19":"tag-virus"},"share_on_mastodon":{"url":"https:\/\/pubeurope.com\/@es\/115579827359790645","error":""},"_links":{"self":[{"href":"https:\/\/www.europesays.com\/es\/wp-json\/wp\/v2\/posts\/245636","targetHints":{"allow":["GET"]}}],"collection":[{"href":"https:\/\/www.europesays.com\/es\/wp-json\/wp\/v2\/posts"}],"about":[{"href":"https:\/\/www.europesays.com\/es\/wp-json\/wp\/v2\/types\/post"}],"author":[{"embeddable":true,"href":"https:\/\/www.europesays.com\/es\/wp-json\/wp\/v2\/users\/2"}],"replies":[{"embeddable":true,"href":"https:\/\/www.europesays.com\/es\/wp-json\/wp\/v2\/comments?post=245636"}],"version-history":[{"count":0,"href":"https:\/\/www.europesays.com\/es\/wp-json\/wp\/v2\/posts\/245636\/revisions"}],"wp:featuredmedia":[{"embeddable":true,"href":"https:\/\/www.europesays.com\/es\/wp-json\/wp\/v2\/media\/245637"}],"wp:attachment":[{"href":"https:\/\/www.europesays.com\/es\/wp-json\/wp\/v2\/media?parent=245636"}],"wp:term":[{"taxonomy":"category","embeddable":true,"href":"https:\/\/www.europesays.com\/es\/wp-json\/wp\/v2\/categories?post=245636"},{"taxonomy":"post_tag","embeddable":true,"href":"https:\/\/www.europesays.com\/es\/wp-json\/wp\/v2\/tags?post=245636"}],"curies":[{"name":"wp","href":"https:\/\/api.w.org\/{rel}","templated":true}]}}