{"id":245638,"date":"2025-11-20T03:09:16","date_gmt":"2025-11-20T03:09:16","guid":{"rendered":"https:\/\/www.europesays.com\/es\/245638\/"},"modified":"2025-11-20T03:09:16","modified_gmt":"2025-11-20T03:09:16","slug":"la-hija-de-encarnita-polo-rompe-su-silencio-tras-el-asesinato-de-la-cantante","status":"publish","type":"post","link":"https:\/\/www.europesays.com\/es\/245638\/","title":{"rendered":"La hija de Encarnita Polo rompe su silencio tras el asesinato de la cantante"},"content":{"rendered":"<p data-start=\"293\" data-end=\"1058\"><strong>Raquel W. Polo<\/strong>, hija de la cantante y actriz <strong>Encarnita Polo<\/strong>, ha emitido un comunicado dirigido a familiares, amigos y medios de comunicaci\u00f3n tras <a href=\"https:\/\/okdiario.com\/look\/actualidad\/portadas-revistas-muerte-encarnita-polo-boda-sorpresa-luis-medina-2429156\" rel=\"nofollow noopener\" target=\"_blank\">el fallecimiento de su madre, una figura ic\u00f3nica de la m\u00fasica espa\u00f1ola.<\/a> En \u00e9l, Raquel expresa su profundo agradecimiento a todos los que han mostrado apoyo en estos dif\u00edciles d\u00edas: \u00abQuiero agradecer a todas las personas que, en estos d\u00edas tan dif\u00edciles, nos han acompa\u00f1ado y siguen acompa\u00f1\u00e1ndonos, de una forma u otra, tras el fallecimiento de mi madre, Encarnita Polo. En primer lugar, a la familia de sangre y a la familia de elecci\u00f3n, las \u00fanicas personas imprescindibles en estos momentos, por estar a nuestro lado sin descanso. Vuestra presencia y vuestra sonrisa han sido fundamentales\u00bb, se\u00f1ala.<\/p>\n<p data-start=\"1088\" data-end=\"1826\">La hija de la artista tambi\u00e9n agradece \u00abel aut\u00e9ntico tsunami de personas\u00bb que se han puesto en contacto para mostrar cari\u00f1o y admiraci\u00f3n hacia Encarnita, incluyendo amigos y conocidos que no ve\u00eda desde hace a\u00f1os y personas de lugares inesperados. Adem\u00e1s, muestra su gratitud hacia los empleados del tanatorio Isabelo \u00c1lvarez <strong>\u00abpor el mimo, el cuidado y la humanidad con que nos han tratado, y por su dedicaci\u00f3n, que ha ido m\u00e1s all\u00e1 de cualquier obligaci\u00f3n\u00bb<\/strong>, as\u00ed como a la prensa de \u00c1vila y a medios nacionales que han elegido recordar los momentos positivos de la vida de su madre. Raquel concluye su comunicado pidiendo respeto y privacidad: \u00abNo voy a conceder entrevistas, ni har\u00e9 ning\u00fan otro tipo de declaraci\u00f3n. Gracias, de coraz\u00f3n\u00bb.<\/p>\n<p>\n<img decoding=\"async\" loading=\"lazy\" class=\"size-full wp-image-2429964\" alt=\"Encarnita Polo en un evento. (Foto: Gtres)\" width=\"1704\" height=\"2560\"  src=\"https:\/\/www.europesays.com\/es\/wp-content\/uploads\/2025\/10\/placeholder.jpg\"  bad-src=\"https:\/\/www.europesays.com\/es\/wp-content\/uploads\/2025\/10\/placeholder.jpg\"\/><\/p>\n<p><img decoding=\"async\" loading=\"lazy\" class=\"size-full wp-image-2429964\" src=\"https:\/\/www.europesays.com\/es\/wp-content\/uploads\/2025\/11\/u290272_012-1-scaled.jpg\" alt=\"Encarnita Polo en un evento. (Foto: Gtres)\" width=\"1704\" height=\"2560\"  \/><\/p>\n<p> Encarnita Polo en un evento. (Foto: Gtres)\n<\/p>\n<p data-start=\"1828\" data-end=\"2550\">El comunicado llega en un momento de enorme conmoci\u00f3n, <a href=\"https:\/\/okdiario.com\/look\/actualidad\/portadas-revistas-muerte-encarnita-polo-boda-sorpresa-luis-medina-2429156\" rel=\"nofollow noopener\" target=\"_blank\">tras la tr\u00e1gica muerte de Encarnita Polo, de 86 a\u00f1os, ocurrida el pasado 14 de noviembre<\/a> en la residencia de ancianos Decanos de \u00c1vila. La artista, pionera del flamenco-pop en los a\u00f1os 60 y 70, conocida por su desparpajo, su pelo corto y sus minifaldas, fue asesinada por un hombre de 66 a\u00f1os que llevaba solo dos d\u00edas en el centro y que sufr\u00eda trastornos mentales graves. Seg\u00fan la investigaci\u00f3n policial, <strong>el agresor accedi\u00f3 a la habitaci\u00f3n de Encarnita mientras dorm\u00eda y la estrangul\u00f3<\/strong>; pese a los intentos de reanimaci\u00f3n por parte del personal, la cantante falleci\u00f3. El hombre fue trasladado a la unidad psiqui\u00e1trica del hospital provincial bajo custodia policial.<\/p>\n<p data-start=\"2552\" data-end=\"3161\">La muerte de Encarnita Polo ha puesto en evidencia <strong>la vulnerabilidad de los mayores en residencias que carecen de protocolos adecuados<\/strong> para atender a personas con enfermedades mentales. Expertos y familiares han denunciado la falta de formaci\u00f3n del personal, la escasa ratio de cuidadores durante la noche y la ausencia de medidas preventivas que podr\u00edan haber evitado esta tragedia. Casos similares se han registrado en otros centros de Espa\u00f1a, generando un debate sobre la necesidad urgente de reformas estructurales y protocolos espec\u00edficos para garantizar la seguridad de los residentes m\u00e1s vulnerables.<\/p>\n<p>\n<img decoding=\"async\" loading=\"lazy\" class=\"size-full wp-image-2429965\" alt=\"Encarnita Polo en Madrid. (Foto: Gtres)\" width=\"1704\" height=\"2560\"  src=\"https:\/\/www.europesays.com\/es\/wp-content\/uploads\/2025\/10\/placeholder.jpg\"  bad-src=\"https:\/\/www.europesays.com\/es\/wp-content\/uploads\/2025\/10\/placeholder.jpg\"\/><\/p>\n<p><img decoding=\"async\" loading=\"lazy\" class=\"size-full wp-image-2429965\" src=\"https:\/\/www.europesays.com\/es\/wp-content\/uploads\/2025\/11\/u252485_039-1-scaled.jpg\" alt=\"Encarnita Polo en Madrid. (Foto: Gtres)\" width=\"1704\" height=\"2560\"  \/><\/p>\n<p> Encarnita Polo en Madrid. (Foto: Gtres)\n<\/p>\n<p data-start=\"3163\" data-end=\"3630\">Encarnita Polo vivi\u00f3 sus \u00faltimos d\u00edas con atenci\u00f3n y cuidado, <a href=\"https:\/\/okdiario.com\/look\/actualidad\/portadas-revistas-muerte-encarnita-polo-boda-sorpresa-luis-medina-2429156\" rel=\"nofollow noopener\" target=\"_blank\">tras haber sido diagnosticada con un principio de Alzheimer<\/a>, y su hija hab\u00eda decidido que la residencia Decanos fuera el lugar adecuado para su cuidado, despu\u00e9s de que la artista quedara impresionada con el centro en una visita a\u00f1os atr\u00e1s. El entierro se celebr\u00f3 con estricta intimidad, bajo la lluvia de \u00c1vila, con su c\u00edrculo m\u00e1s cercano, cumpliendo as\u00ed el deseo de privacidad expresado por la familia.<\/p>\n","protected":false},"excerpt":{"rendered":"Raquel W. Polo, hija de la cantante y actriz Encarnita Polo, ha emitido un comunicado dirigido a familiares,&hellip;\n","protected":false},"author":2,"featured_media":245639,"comment_status":"","ping_status":"","sticky":false,"template":"","format":"standard","meta":{"footnotes":""},"categories":[91],"tags":[61345,146,147,25,24,23],"class_list":{"0":"post-245638","1":"post","2":"type-post","3":"status-publish","4":"format-standard","5":"has-post-thumbnail","7":"category-entretenimiento","8":"tag-encarnita","9":"tag-entertainment","10":"tag-entretenimiento","11":"tag-es","12":"tag-espana","13":"tag-spain"},"share_on_mastodon":{"url":"https:\/\/pubeurope.com\/@es\/115579831693614938","error":""},"_links":{"self":[{"href":"https:\/\/www.europesays.com\/es\/wp-json\/wp\/v2\/posts\/245638","targetHints":{"allow":["GET"]}}],"collection":[{"href":"https:\/\/www.europesays.com\/es\/wp-json\/wp\/v2\/posts"}],"about":[{"href":"https:\/\/www.europesays.com\/es\/wp-json\/wp\/v2\/types\/post"}],"author":[{"embeddable":true,"href":"https:\/\/www.europesays.com\/es\/wp-json\/wp\/v2\/users\/2"}],"replies":[{"embeddable":true,"href":"https:\/\/www.europesays.com\/es\/wp-json\/wp\/v2\/comments?post=245638"}],"version-history":[{"count":0,"href":"https:\/\/www.europesays.com\/es\/wp-json\/wp\/v2\/posts\/245638\/revisions"}],"wp:featuredmedia":[{"embeddable":true,"href":"https:\/\/www.europesays.com\/es\/wp-json\/wp\/v2\/media\/245639"}],"wp:attachment":[{"href":"https:\/\/www.europesays.com\/es\/wp-json\/wp\/v2\/media?parent=245638"}],"wp:term":[{"taxonomy":"category","embeddable":true,"href":"https:\/\/www.europesays.com\/es\/wp-json\/wp\/v2\/categories?post=245638"},{"taxonomy":"post_tag","embeddable":true,"href":"https:\/\/www.europesays.com\/es\/wp-json\/wp\/v2\/tags?post=245638"}],"curies":[{"name":"wp","href":"https:\/\/api.w.org\/{rel}","templated":true}]}}