{"id":245647,"date":"2025-11-20T03:19:11","date_gmt":"2025-11-20T03:19:11","guid":{"rendered":"https:\/\/www.europesays.com\/es\/245647\/"},"modified":"2025-11-20T03:19:11","modified_gmt":"2025-11-20T03:19:11","slug":"espana-republica-checa-horario-y-donde-ver-los-cuartos-de-final-de-la-copa-davis-de-bolonia-tenis-deportes","status":"publish","type":"post","link":"https:\/\/www.europesays.com\/es\/245647\/","title":{"rendered":"Espa\u00f1a \u2013 Rep\u00fablica Checa: horario y d\u00f3nde ver los cuartos de final de la Copa Davis de Bolonia | Tenis | Deportes"},"content":{"rendered":"<p class=\"\">Espa\u00f1a se juega el pase a las semifinales de la Copa Davis ante la Rep\u00fablica Checa en Bolonia. El conjunto checo presenta a dos jugadores bastante competentes en pista r\u00e1pida: Jiri Lehecka y Jakub Mensik, n\u00fameros 17 y 19 del ranking ATP. El equipo espa\u00f1ol, dirigido por David Ferrer, <a href=\"https:\/\/elpais.com\/deportes\/tenis\/2025-11-19\/espana-y-la-dura-vida-sin-alcaraz-un-poco-de-credito-hay-que-darnos-no.html\" target=\"_self\" rel=\"nofollow noopener\" title=\"https:\/\/elpais.com\/deportes\/tenis\/2025-11-19\/espana-y-la-dura-vida-sin-alcaraz-un-poco-de-credito-hay-que-darnos-no.html\">presenta la gran baja de Carlos Alcaraz<\/a>, n\u00famero uno del mundo. Espa\u00f1a estar\u00e1 representada por Jaume Munar, Pedro Mart\u00ednez, Marcel Granollers y <a href=\"https:\/\/elpais.com\/deportes\/tenis\/2025-08-26\/pablo-carreno-siempre-me-he-exigido-mucho-asi-que-ahora-me-frustro-demasiado.html\" target=\"_self\" rel=\"nofollow noopener\" title=\"https:\/\/elpais.com\/deportes\/tenis\/2025-08-26\/pablo-carreno-siempre-me-he-exigido-mucho-asi-que-ahora-me-frustro-demasiado.html\">Pablo<b> <\/b>Carre\u00f1o<\/a>. Si el conjunto espa\u00f1ol vence, su rival en semifinales ser\u00e1 el ganador del duelo entre Argentina y Alemania. Por el otro lado del cuadro, Italia tendr\u00e1 como rival a Austria, mientras que B\u00e9lgica se medir\u00e1 a Francia.<\/p>\n<blockquote class=\"twitter-tweet\">\n<p lang=\"es\" dir=\"ltr\">\u00a1La Final 8 de la Copa Davis ya tiene horarios confirmados! \ud83d\udd70\ufe0f<\/p>\n<p>Este es el cronograma de partidos del 18 al 23 de noviembre en Bolonia \ud83c\udfbe<\/p>\n<p>\u00bfQui\u00e9nes llegar\u00e1n al partido definitorio? \ud83d\udc40<a href=\"https:\/\/twitter.com\/hashtag\/CopaDavis?src=hash&amp;ref_src=twsrc%5Etfw\" rel=\"nofollow noopener\" target=\"_blank\">#CopaDavis<\/a> <a href=\"https:\/\/t.co\/G02pAGthcu\" rel=\"nofollow\">pic.twitter.com\/G02pAGthcu<\/a><\/p>\n<p>\u2014 Copa Davis (@CopaDavis) <a href=\"https:\/\/twitter.com\/CopaDavis\/status\/1969039426450817356?ref_src=twsrc%5Etfw\" rel=\"nofollow noopener\" target=\"_blank\">September 19, 2025<\/a><\/p><\/blockquote>\n<p class=\"\">Espa\u00f1a ha ganado la Copa Davis en seis ocasiones (2000, 2004, 2008, 2009, 2011, 2019).<\/p>\n<p>Calendario de la final a ocho de la Copa Davis<\/p>\n<p class=\"\">Los cuartos de final<b> <\/b><a href=\"https:\/\/elpais.com\/deportes\/tenis\/2025-11-18\/alcaraz-baja-en-la-copa-davis-a-causa-de-una-lesion-muscular.html\" target=\"_self\" rel=\"nofollow noopener\" title=\"https:\/\/elpais.com\/deportes\/tenis\/2025-11-18\/alcaraz-baja-en-la-copa-davis-a-causa-de-una-lesion-muscular.html\">de la Copa Davis<\/a> se juegan entre el martes 18 y el jueves 20 de noviembre, las semifinales<b> <\/b>se disputan el viernes 21 y el s\u00e1bado 22 de noviembre, y la final<b> <\/b>del domingo 23 de noviembre.<\/p>\n<p>Horario y donde ver el Espa\u00f1a &#8211; Rep\u00fablica Checa<\/p>\n<p class=\"\">El enfrentamiento de cuartos ante la Rep\u00fablica Checa tendr\u00e1 lugar este jueves 20 de noviembre a partir de las 10 de la ma\u00f1ana<b> <\/b>y se podr\u00e1 ver en Movistar.<\/p>\n<p><script async src=\"https:\/\/platform.twitter.com\/widgets.js\" charset=\"utf-8\"><\/script><\/p>\n","protected":false},"excerpt":{"rendered":"Espa\u00f1a se juega el pase a las semifinales de la Copa Davis ante la Rep\u00fablica Checa en Bolonia.&hellip;\n","protected":false},"author":2,"featured_media":245648,"comment_status":"","ping_status":"","sticky":false,"template":"","format":"standard","meta":{"footnotes":""},"categories":[274],"tags":[20106,545,1540,13877,9482,168,25,24,45163,34990,28749,3313,3714,23,167,327,11759,326],"class_list":{"0":"post-245647","1":"post","2":"type-post","3":"status-publish","4":"format-standard","5":"has-post-thumbnail","7":"category-tenis","8":"tag-bolonia","9":"tag-carlos-alcaraz","10":"tag-competiciones","11":"tag-copa-davis","12":"tag-david-ferrer","13":"tag-deportes","14":"tag-es","15":"tag-espana","16":"tag-horarios-de-partidos","17":"tag-marcel-granollers","18":"tag-pablo-carreno-busta","19":"tag-republica-checa","20":"tag-seleccion-espanola","21":"tag-spain","22":"tag-sports","23":"tag-tenis","24":"tag-tenistas","25":"tag-tennis"},"share_on_mastodon":{"url":"https:\/\/pubeurope.com\/@es\/115579870433767179","error":""},"_links":{"self":[{"href":"https:\/\/www.europesays.com\/es\/wp-json\/wp\/v2\/posts\/245647","targetHints":{"allow":["GET"]}}],"collection":[{"href":"https:\/\/www.europesays.com\/es\/wp-json\/wp\/v2\/posts"}],"about":[{"href":"https:\/\/www.europesays.com\/es\/wp-json\/wp\/v2\/types\/post"}],"author":[{"embeddable":true,"href":"https:\/\/www.europesays.com\/es\/wp-json\/wp\/v2\/users\/2"}],"replies":[{"embeddable":true,"href":"https:\/\/www.europesays.com\/es\/wp-json\/wp\/v2\/comments?post=245647"}],"version-history":[{"count":0,"href":"https:\/\/www.europesays.com\/es\/wp-json\/wp\/v2\/posts\/245647\/revisions"}],"wp:featuredmedia":[{"embeddable":true,"href":"https:\/\/www.europesays.com\/es\/wp-json\/wp\/v2\/media\/245648"}],"wp:attachment":[{"href":"https:\/\/www.europesays.com\/es\/wp-json\/wp\/v2\/media?parent=245647"}],"wp:term":[{"taxonomy":"category","embeddable":true,"href":"https:\/\/www.europesays.com\/es\/wp-json\/wp\/v2\/categories?post=245647"},{"taxonomy":"post_tag","embeddable":true,"href":"https:\/\/www.europesays.com\/es\/wp-json\/wp\/v2\/tags?post=245647"}],"curies":[{"name":"wp","href":"https:\/\/api.w.org\/{rel}","templated":true}]}}