{"id":245655,"date":"2025-11-20T03:27:19","date_gmt":"2025-11-20T03:27:19","guid":{"rendered":"https:\/\/www.europesays.com\/es\/245655\/"},"modified":"2025-11-20T03:27:19","modified_gmt":"2025-11-20T03:27:19","slug":"esta-muerta-y-bien-muerta","status":"publish","type":"post","link":"https:\/\/www.europesays.com\/es\/245655\/","title":{"rendered":"Est\u00e1 muerta y bien muerta"},"content":{"rendered":"<p class=\"c-paragraph\">Una serie tan longeva como <a href=\"https:\/\/www.20minutos.es\/tags\/temas\/los-simpson.html\" title=\"Los Simpson\" rel=\"nofollow noopener\" target=\"_blank\"><b>Los Simpson<\/b><\/a> hace dif\u00edcil seguir su ritmo, y no digamos cuando tiene una n\u00f3mina kilom\u00e9trica de personajes. Por eso en los \u00faltimos a\u00f1os, cuando la creaci\u00f3n de <b>Matt Groening <\/b>lleva 37 temporadas en antena y est\u00e1 a las puertas de llegar a los 800 episodios emitidos, se repiten las noticias sobre la desaparici\u00f3n <a href=\"https:\/\/www.20minutos.es\/cinemania\/series\/simpson-marge-funeral-explicacion-escena-5725817\/\" title=\"\u00bfMuere Marge en &#039;Los Simpson&#039;? Esta es la explicaci\u00f3n de su funeral en el \u00faltimo cap\u00edtulo de la serie\" rel=\"nofollow noopener\" target=\"_blank\">(ya sea real o no)<\/a> de los vecinos m\u00e1s ilustres de Springfield.<\/p>\n<p class=\"c-paragraph\">El s\u00e9ptimo episodio de la temporada 37, que se emiti\u00f3 en EE UU el pasado 16 de noviembre, gira precisamente en torno a una defunci\u00f3n: la <b>muerte de la organista de la iglesia de Springfield, Alice Glick, <\/b>cuya primera aparici\u00f3n tuvo lugar en 1991, en la segunda temporada de la serie. Su deceso se muestra de manera ciertamente traum\u00e1tica, pues es el reverendo Lovejoy quien descubre su cuerpo sin vida sobre el \u00f3rgano en mitad de un servicio religioso.<\/p>\n<p class=\"c-paragraph\">Si bien la muerte de un personaje habitual siempre es un asunto delicado, <b>Los Simpson tiene su propio historial manejando esta cuesti\u00f3n de manera ca\u00f3tica con la devota organista. <\/b>En la ya lejana temporada 22 de la serie (emitida entre 2010 y 2011), Alice Gluck ya \u00abmuri\u00f3\u00bb en un episodio y eso no le ha impedido reaparecer despu\u00e9s, ya sea en forma de fantasma o como si aqu\u00ed no hubiera pasado nada.<\/p>\n<p>\u00abMuerta y bien muerta\u00bb<\/p>\n<p class=\"c-paragraph\">Tal es la incertidumbre en la que est\u00e1n acostumbrados a moverse los cronistas de Los Simpson m\u00e1s preocupados por la continuidad en el censo de Springfield, que uno de los productores de la serie ha salido a <b>confirmar p\u00fablicamente de manera oficial que s\u00ed, que esta vez el personaje est\u00e1 muerto de verdad.<\/b><\/p>\n<p class=\"c-paragraph\">\u00abDesde cierto punto de vista, la organista Alice vivir\u00e1 para siempre a trav\u00e9s de la hermosa m\u00fasica que hizo. Pero desde otro, m\u00e1s importante, est\u00e1 muerta y bien muerta\u00bb, ha declarado el productor ejecutivo<b> Tim Long<\/b> en <a href=\"https:\/\/www.tvline.com\/2029466\/the-simpsons-organist-alice-glick-dead-season-37-episode-7\/\" rel=\"nofollow noreferrer noopener\" target=\"_blank\">TVLine <\/a>para despejar cualquier atisbo de duda.<\/p>\n<p class=\"c-paragraph\">Por supuesto, trat\u00e1ndose de Los Simpson, nunca hay que descartar un posible regreso de Alice a trav\u00e9s de alg\u00fan flashback, pero ser\u00e1 mejor que no tengamos muchas esperanzas en esa posibilidad. Es una baja que podemos dar por segura en la <a href=\"https:\/\/www.20minutos.es\/cinemania\/noticias\/simpson-roba-fecha-estreno-pelicula-marvel-2027_6401944_0.html\" title=\"&#039;Los Simpson&#039; roba a Marvel una fecha importante: estrenan su segunda pel\u00edcula en 2027 por este motivo\" rel=\"nofollow noopener\" target=\"_blank\">segunda pel\u00edcula de la serie, <\/a>actualmente en producci\u00f3n, que llegar\u00e1 a los cines en 2027.<\/p>\n","protected":false},"excerpt":{"rendered":"Una serie tan longeva como Los Simpson hace dif\u00edcil seguir su ritmo, y no digamos cuando tiene una&hellip;\n","protected":false},"author":2,"featured_media":245656,"comment_status":"","ping_status":"","sticky":false,"template":"","format":"standard","meta":{"footnotes":""},"categories":[171],"tags":[62784,146,147,25,24,36440,23,214],"class_list":{"0":"post-245655","1":"post","2":"type-post","3":"status-publish","4":"format-standard","5":"has-post-thumbnail","7":"category-tv","8":"tag-alice-glick","9":"tag-entertainment","10":"tag-entretenimiento","11":"tag-es","12":"tag-espana","13":"tag-los-simpson","14":"tag-spain","15":"tag-tv"},"share_on_mastodon":{"url":"https:\/\/pubeurope.com\/@es\/115579901925973053","error":""},"_links":{"self":[{"href":"https:\/\/www.europesays.com\/es\/wp-json\/wp\/v2\/posts\/245655","targetHints":{"allow":["GET"]}}],"collection":[{"href":"https:\/\/www.europesays.com\/es\/wp-json\/wp\/v2\/posts"}],"about":[{"href":"https:\/\/www.europesays.com\/es\/wp-json\/wp\/v2\/types\/post"}],"author":[{"embeddable":true,"href":"https:\/\/www.europesays.com\/es\/wp-json\/wp\/v2\/users\/2"}],"replies":[{"embeddable":true,"href":"https:\/\/www.europesays.com\/es\/wp-json\/wp\/v2\/comments?post=245655"}],"version-history":[{"count":0,"href":"https:\/\/www.europesays.com\/es\/wp-json\/wp\/v2\/posts\/245655\/revisions"}],"wp:featuredmedia":[{"embeddable":true,"href":"https:\/\/www.europesays.com\/es\/wp-json\/wp\/v2\/media\/245656"}],"wp:attachment":[{"href":"https:\/\/www.europesays.com\/es\/wp-json\/wp\/v2\/media?parent=245655"}],"wp:term":[{"taxonomy":"category","embeddable":true,"href":"https:\/\/www.europesays.com\/es\/wp-json\/wp\/v2\/categories?post=245655"},{"taxonomy":"post_tag","embeddable":true,"href":"https:\/\/www.europesays.com\/es\/wp-json\/wp\/v2\/tags?post=245655"}],"curies":[{"name":"wp","href":"https:\/\/api.w.org\/{rel}","templated":true}]}}