{"id":245675,"date":"2025-11-20T03:47:18","date_gmt":"2025-11-20T03:47:18","guid":{"rendered":"https:\/\/www.europesays.com\/es\/245675\/"},"modified":"2025-11-20T03:47:18","modified_gmt":"2025-11-20T03:47:18","slug":"estoy-brindando-por-ello-he-esperado-38-anos","status":"publish","type":"post","link":"https:\/\/www.europesays.com\/es\/245675\/","title":{"rendered":"Estoy brindando por ello, he esperado 38 a\u00f1os"},"content":{"rendered":"<p>Plet\u00f3rica. As\u00ed est\u00e1 la modelo italiana tras conocer la noticia televisiva del d\u00eda: <a href=\"https:\/\/www.eleconomista.es\/informalia\/television\/noticias\/13652729\/11\/25\/alessandro-lequio-despedido-de-mediaset-tras-25-anos-en-la-cadena-por-las-acusaciones-de-antonia-dellatte.html\" rel=\"nofollow noopener\" target=\"_blank\">Mediaset ha decidido prescindir de <b>Alessandro Lequio <\/b>en los programas de su parrilla<\/a>. El tertuliano, empleado de Unicorn (la productora de Ana Rosa Quintana), llevaba 25 a\u00f1os en la cadena italiana y hab\u00eda afianzado su puesto gracias sus pol\u00e9micas opiniones sobre los temas de actualidad. La decisi\u00f3n llega tras la \u00faltima entrevista de su ex mujer,<b> Antonia Dell&#8217;Atte<\/b>, que lleva m\u00e1s de dos d\u00e9cadas acus\u00e1ndolo p\u00fablicamente de ser un \u00abmaltratador\u00bb. Este mi\u00e9rcoles, por fin, se ha hecho justicia para ella: <b>\u00abGracias Dios, he esperado 38 a\u00f1os para esto\u00bb.<\/b><\/p>\n<p>La italiana, que tiene un hijo con Alessandro Lequio (Clemente), ha desvelado al programa No somos nadie que hoy era un d\u00eda de celebraci\u00f3n para ella:<b> \u00abPersegu\u00ed al maltratador y a todos los c\u00f3mplices durante mucho tiempo. Ahora necesito disfrutar de esto con mi familia\u00bb.<\/b> Y ha a\u00f1adido: <b>\u00abEstoy brindando con un vaso de vino\u00bb.<\/b><\/p>\n<p>La direcci\u00f3n de Mediaset ha decidido prescindir de la colaboraci\u00f3n de Alessandro Lequio tras conversar con los abogados de Antonia Dell&#8217;Atte, que concedi\u00f3 una entrevista en El Pa\u00eds la pasada semana hablando de los presuntos malos tratos que hab\u00eda sufrido durante su matrimonio con el conde, a finales de los a\u00f1os 80. Tras recibir documentaci\u00f3n oficial, Mediaset se han reunido con Unicorn (la productora de Ana Rosa Quintana para la que trabaja Lequio desde el 2005) y han tomado la decisi\u00f3n de eliminar al ex de Ana Obreg\u00f3n de su plantilla.<\/p>\n<p>WhatsApp<a href=\"https:\/\/api.whatsapp.com\/send?text=https:\/\/www.eleconomista.es\/informalia\/television\/noticias\/13652811\/11\/25\/antonia-dellatte-reacciona-al-despido-de-alessandro-lequio-estoy-brindando-por-ello-he-esperado-38-anos.html?utm_source%3Dwhatsapp%26utm_medium%3Dshare_button&amp;id=1648118629957_whatsapp\" target=\"_blank\" data-action=\"share\/whatsapp\/share\" aria-label=\"Compartir en Whatsapp\" rel=\"nofollow noopener\"><\/a>Facebook<a id=\"fb-share\" href=\"#\" target=\"_blank\" rel=\"noopener noreferrer\" aria-label=\"Compartir en Facebook\"><\/a>Twitter<a href=\"https:\/\/twitter.com\/share?text=Antonia+Dell%27Atte+reacciona+al+despido+de+Alessandro+Lequio%3A+%22Estoy+brindando+por+ello%2C+he+esperado+38+a%C3%B1os%22&amp;url=https:\/\/www.eleconomista.es\/informalia\/television\/noticias\/13652811\/11\/25\/antonia-dellatte-reacciona-al-despido-de-alessandro-lequio-estoy-brindando-por-ello-he-esperado-38-anos.html&amp;via=Informalia&amp;id=1648118839245_twitter\" target=\"_blank\" aria-label=\"Compartir en Twitter\" rel=\"nofollow noopener\"><\/a>Linkedin<a onclick=\"return abrirLinkedin();\" href=\"https:\/\/www.linkedin.com\/shareArticle?text=Antonia+Dell%27Atte+reacciona+al+despido+de+Alessandro+Lequio%3A+%22Estoy+brindando+por+ello%2C+he+esperado+38+a%C3%B1os%22&amp;url=https:\/\/www.eleconomista.es\/informalia\/television\/noticias\/13652811\/11\/25\/antonia-dellatte-reacciona-al-despido-de-alessandro-lequio-estoy-brindando-por-ello-he-esperado-38-anos.html&amp;mini=true\" target=\"_blank\" aria-label=\"Compartir en linkedin\" rel=\"nofollow noopener\"><\/a>Beloud<a href=\"https:\/\/beloud.com\/share?text=Antonia+Dell%27Atte+reacciona+al+despido+de+Alessandro+Lequio%3A+%22Estoy+brindando+por+ello%2C+he+esperado+38+a%C3%B1os%22&amp;url=https:\/\/www.eleconomista.es\/informalia\/television\/noticias\/13652811\/11\/25\/antonia-dellatte-reacciona-al-despido-de-alessandro-lequio-estoy-brindando-por-ello-he-esperado-38-anos.html&amp;via=Informalia&amp;id=1648118839245_beloud\" target=\"_blank\" aria-label=\"Compartir en beloud\" rel=\"nofollow noopener\"><\/a>Bluesky<a href=\"https:\/\/bsky.app\/intent\/compose?text=https:\/\/bsky.app\/intent\/compose?text=https:\/\/www.eleconomista.es\/informalia\/television\/noticias\/13652811\/11\/25\/antonia-dellatte-reacciona-al-despido-de-alessandro-lequio-estoy-brindando-por-ello-he-esperado-38-anos.html&amp;url=https:\/\/www.eleconomista.es\/informalia\/television\/noticias\/13652811\/11\/25\/antonia-dellatte-reacciona-al-despido-de-alessandro-lequio-estoy-brindando-por-ello-he-esperado-38-anos.html&amp;via=elEconomistaes&amp;id=1648118839245_bluesky\" target=\"_blank\" aria-label=\"Compartir en bluesky\" rel=\"nofollow noopener\"><\/a><\/p>\n<p><script async src=\"https:\/\/platform.twitter.com\/widgets.js\" charset=\"utf-8\"><\/script><\/p>\n","protected":false},"excerpt":{"rendered":"Plet\u00f3rica. As\u00ed est\u00e1 la modelo italiana tras conocer la noticia televisiva del d\u00eda: Mediaset ha decidido prescindir de&hellip;\n","protected":false},"author":2,"featured_media":245676,"comment_status":"","ping_status":"","sticky":false,"template":"","format":"standard","meta":{"footnotes":""},"categories":[174],"tags":[255,146,147,25,24,256,23,807],"class_list":{"0":"post-245675","1":"post","2":"type-post","3":"status-publish","4":"format-standard","5":"has-post-thumbnail","7":"category-famosos","8":"tag-celebrities","9":"tag-entertainment","10":"tag-entretenimiento","11":"tag-es","12":"tag-espana","13":"tag-famosos","14":"tag-spain","15":"tag-television"},"share_on_mastodon":{"url":"https:\/\/pubeurope.com\/@es\/115579980570228845","error":""},"_links":{"self":[{"href":"https:\/\/www.europesays.com\/es\/wp-json\/wp\/v2\/posts\/245675","targetHints":{"allow":["GET"]}}],"collection":[{"href":"https:\/\/www.europesays.com\/es\/wp-json\/wp\/v2\/posts"}],"about":[{"href":"https:\/\/www.europesays.com\/es\/wp-json\/wp\/v2\/types\/post"}],"author":[{"embeddable":true,"href":"https:\/\/www.europesays.com\/es\/wp-json\/wp\/v2\/users\/2"}],"replies":[{"embeddable":true,"href":"https:\/\/www.europesays.com\/es\/wp-json\/wp\/v2\/comments?post=245675"}],"version-history":[{"count":0,"href":"https:\/\/www.europesays.com\/es\/wp-json\/wp\/v2\/posts\/245675\/revisions"}],"wp:featuredmedia":[{"embeddable":true,"href":"https:\/\/www.europesays.com\/es\/wp-json\/wp\/v2\/media\/245676"}],"wp:attachment":[{"href":"https:\/\/www.europesays.com\/es\/wp-json\/wp\/v2\/media?parent=245675"}],"wp:term":[{"taxonomy":"category","embeddable":true,"href":"https:\/\/www.europesays.com\/es\/wp-json\/wp\/v2\/categories?post=245675"},{"taxonomy":"post_tag","embeddable":true,"href":"https:\/\/www.europesays.com\/es\/wp-json\/wp\/v2\/tags?post=245675"}],"curies":[{"name":"wp","href":"https:\/\/api.w.org\/{rel}","templated":true}]}}