{"id":245700,"date":"2025-11-20T04:17:34","date_gmt":"2025-11-20T04:17:34","guid":{"rendered":"https:\/\/www.europesays.com\/es\/245700\/"},"modified":"2025-11-20T04:17:34","modified_gmt":"2025-11-20T04:17:34","slug":"no-valoro-fichar-por-el-hormiguero-ahora-mismo-no-me-da-la-vida","status":"publish","type":"post","link":"https:\/\/www.europesays.com\/es\/245700\/","title":{"rendered":"No valoro fichar por &#8216;El Hormiguero&#8217; ahora mismo. No me da la vida"},"content":{"rendered":"<p class=\"paragraph\" id=\"paragraph_1\"><strong>Gotzon Mantuliz<\/strong> sigue su periplo para lograr<strong> las fotograf\u00edas m\u00e1s espectaculares de la fauna que puebla cada rinc\u00f3n del planeta<\/strong> en Cazadores de im\u00e1genes.\u00a0<a href=\"https:\/\/www.elespanol.com\/bluper\/20250929\/jaydy-michel-mario-vaquerizo-beatriz-luengo-participantes-maestros-costura-celebrity\/1003743946751_0.html?utm_cmp_rs=linksinline\" rel=\"nofollow noopener\" target=\"_blank\">Este mi\u00e9rcoles, en el programa de laSexta, le acompa\u00f1ar\u00e1 Mario Vaquerizo.<\/a><\/p>\n<p class=\"paragraph\" id=\"paragraph_2\">Ambos recorrer\u00e1n Uganda de norte a sur con el objetivo de fotografiar al gorila de monta\u00f1a. <strong>La semana pasada, el formato de 7yAcci\u00f3n se estren\u00f3 con un 5% y 467.000 espectadores.<\/strong>\u00a0<a href=\"https:\/\/www.elespanol.com\/bluper\/20251118\/andreu-buenafuente-silvia-abril-daran-campanadas-rtve-matrimonio-plantar-cara-efecto-pedroche\/1003744018468_0.html?utm_cmp_rs=linksinline\" rel=\"nofollow noopener\" target=\"_blank\">Silvia Abril, presentadora de las Campanadas de RTVE junto a Buenafuente, fue la famosa que rompi\u00f3 el hielo.<\/a><\/p>\n<p class=\"paragraph\" id=\"paragraph_3\"><a href=\"https:\/\/www.elespanol.com\/bluper\/?utm_cmp_rs=linksinline\" target=\"_blank\" rel=\"nofollow noopener\">En declaraciones a <strong>BLUPER,<\/strong><\/a> Mantuliz remarca la importancia de \u201cdarle presencia a la naturaleza y a los animales en el prime time\u201d, <strong>pues \u201cno es tan f\u00e1cil\u201d.<\/strong> Cazadores de im\u00e1genes no es ni m\u00e1s ni menos que el traslado de su actividad en redes sociales a la pantalla.\u00a0<\/p>\n<p><img loading=\"lazy\" decoding=\"async\" alt=\"Mario Vaquerizo en 'El Hormiguero'.\" height=\"180\" src=\"https:\/\/www.europesays.com\/es\/wp-content\/uploads\/2025\/11\/1003744017898_259991528_320x180.jpg\" width=\"320\" data-lazy-status=\"processed\" data-lazy-info=\"remove loading item 1\"\/><\/p>\n<p class=\"paragraph\" id=\"paragraph_4\"><strong>\u201cEn mi perfil de Instagram, por ejemplo, no hablo. Solo comparto la fotograf\u00eda. Desde la tele, llegas a m\u00e1s gente\u201d<\/strong>, asegura el ganador de la \u00faltima edici\u00f3n de El Desaf\u00edo. Y, por cierto, como nuevo \u2018chico de confianza\u2019 de la productora de Pablo Motos y Jorge Salvador, no valora fichar por El Hormiguero. Por ahora.<\/p>\n<p class=\"paragraph\" id=\"paragraph_5\">Desde luego, <strong>el perfil de colaborador que realiza retos extremos lo da<\/strong>. Concursante de El Conquistador, profesor de fitness de Operaci\u00f3n Triunfo\u2026 Gotzon Mantuliz es un amante del deporte y la naturaleza, y lo muestra en cada paso que da.<\/p>\n<p><img decoding=\"async\" alt=\"Gotzon Mantuliz es el presentador de 'Cazadores de im\u00e1genes'.\" data-imgm=\"true\" height=\"180\" loading=\"lazy\"  src=\"https:\/\/www.europesays.com\/es\/wp-content\/uploads\/2025\/11\/1003744017359_259984383_1024x576.jpg\"  width=\"320\"\/><\/p>\n<p>                                                            Gotzon Mantuliz es el presentador de &#8216;Cazadores de im\u00e1genes&#8217;.<\/p>\n<p>                    Atresmedia Televisi\u00f3n<\/p>\n<p class=\"paragraph\" id=\"paragraph_6\"><strong>\u00bfC\u00f3mo surgi\u00f3 la idea de Cazadores de im\u00e1genes?<\/strong><\/p>\n<p class=\"paragraph\" id=\"paragraph_7\">La idea nace de m\u00ed, es algo que llevo haciendo mucho tiempo. En Instagram, muestro las fotos que hago, pero no he llegado nunca a contar la historia que hay detr\u00e1s de cada foto. Es alucinante c\u00f3mo llegas a ese momento de hacerla. Quer\u00eda trasladarlo a la tele, acercarle a la gente lo que se siente y darle presencia a la naturaleza y a los animales en prime time, que no es tan f\u00e1cil.\u00a0<\/p>\n<p class=\"paragraph\" id=\"paragraph_8\"><strong>\u00bfCu\u00e1l es el momento m\u00e1s extremo o peligroso en el que os hab\u00e9is visto durante las grabaciones?<\/strong><\/p>\n<p class=\"paragraph\" id=\"paragraph_9\">Hubo dos muy imponentes. El primero, con unos osos grizzlies en Alaska, porque hubo momento en los que nos quedamos cara a cara, apenas a un metro, con los osos. Nos rodearon algunos bastante grandes y nos quedamos Rafa, fot\u00f3grafo submarino, y yo, ah\u00ed sentados.\u00a0<\/p>\n<p class=\"paragraph\" id=\"paragraph_10\">Otro de los m\u00e1s potentes es cuando conseguimos en Brasil grabar a una anaconda de ocho metros debajo del agua. Es algo que muy poca gente ha hecho y llev\u00e1bamos tiempo busc\u00e1ndolo. Despu\u00e9s de mucha frustraci\u00f3n, en la \u00faltima hora del \u00faltimo minuto, conseguimos unas im\u00e1genes impresionantes.\u00a0<\/p>\n<blockquote class=\"content__blockquote\">\n<p class=\"blockquote__quote\">\u00a0\u00abDarle presencia a la naturaleza y a los animales en prime time no es tan f\u00e1cil\u00bb<\/p>\n<\/blockquote>\n<p class=\"paragraph\" id=\"paragraph_11\"><strong>De todos los famosos con los que has tratado, \u00bfqui\u00e9n te ha sorprendo m\u00e1s en las distancias cortas?<\/strong><\/p>\n<p class=\"paragraph\" id=\"paragraph_12\">Ten\u00eda cierto miedo a que alg\u00fan invitado nos frenase a la hora de llevar a cabo la expedici\u00f3n. Son viajes bastante exigentes, me refiero a que uno son m\u00e1s f\u00edsicos que otros, y hay pocas horas para dormir, muchas horas de espera, de caminatas por la selva&#8230; Hay que estar con ganas.\u00a0<\/p>\n<p class=\"paragraph\" id=\"paragraph_13\">Al tratarse de animales, ellos mandan. Una vez hemos terminado, me ha sorprendido que todos los invitados han estado ah\u00ed, con el cuchillo en la boca, muy predispuestos. En algunas ocasiones, eran los famosos los que tiraban del carro.\u00a0<\/p>\n<p class=\"paragraph\" id=\"paragraph_14\"><strong>Fuiste el ganador de la \u00faltima edici\u00f3n de El Desaf\u00edo. \u00bfSigues teniendo contacto con tus compa\u00f1eros? \u00bfCon Victoria de Marichalar, por ejemplo?<\/strong><\/p>\n<p class=\"paragraph\" id=\"paragraph_15\">S\u00ed, tenemos un grupo y a veces comentamos. Pero yo este a\u00f1o he gastado mucho tiempo en el viaje, he estado fuera casa. Tambi\u00e9n es que yo vivo en Bilbao, que es un poco burbuja. Estoy al margen de todo.\u00a0<\/p>\n<p><img decoding=\"async\" alt=\"Mario Vaquerizo, en 'Cazadores de im\u00e1genes'.\" data-imgm=\"true\" height=\"180\" loading=\"lazy\"  src=\"https:\/\/www.europesays.com\/es\/wp-content\/uploads\/2025\/11\/1003744021027_260031581_1024x576.jpg\"  width=\"320\"\/><\/p>\n<p>                                                            Mario Vaquerizo, en &#8216;Cazadores de im\u00e1genes&#8217;.<\/p>\n<p>                    Atresmedia Televisi\u00f3n<\/p>\n<p class=\"paragraph\" id=\"paragraph_16\"><strong>\u00bfTe ha descubierto Cazadores de im\u00e1genes una faceta que no conoc\u00edas de ti mismo?<\/strong><\/p>\n<p class=\"paragraph\" id=\"paragraph_17\">Me ha ayudado a afianzarme delante de la c\u00e1mara. Tambi\u00e9n ayuda que estoy haciendo lo que me apasiona, estar entre animales. Somos un equipo peque\u00f1ito que ha vivido muchas cosas, en el que me siento c\u00f3modo. Eso ha ayudado a mi relaci\u00f3n con el invitado tambi\u00e9n.\u00a0<\/p>\n<p class=\"paragraph\" id=\"paragraph_18\"><strong>Se dice que las redes aportan m\u00e1s beneficios que la televisi\u00f3n. \u00bfQu\u00e9 le aporta a un influencer como t\u00fa?<\/strong><\/p>\n<p class=\"paragraph\" id=\"paragraph_19\">Cuando yo empec\u00e9 en redes, no era un negocio como tal. Estaba muy lejos de ser un trabajo, ni ganaba dinero, ni nada. Empec\u00e9 a compartir fotos de animales y de naturaleza, y poder estar un poco en contacto con otras personas del mundo que tuvieran la misma pasi\u00f3n.\u00a0<\/p>\n<p class=\"paragraph\" id=\"paragraph_20\">Mi introducci\u00f3n en redes fue as\u00ed, luego se ha convertido en una profesi\u00f3n. Me gusta la fotograf\u00eda, pero tambi\u00e9n la parte m\u00e1s divulgativa, m\u00e1s de compartir. Mostrando la belleza natural de los animales ayudas a protegerla, que llegue a m\u00e1s gente. Si algo te gusta, te molestas en protegerlo en cierta medida. En mi perfil de Instagram, por ejemplo, no hablo, solo comparto la fotograf\u00eda. Desde la tele llegas a m\u00e1s gente.\u00a0<\/p>\n<blockquote class=\"content__blockquote\">\n<p class=\"blockquote__quote\">Ante las posibles comparaciones con Jes\u00fas Calleja: \u00abLo que hacemos es bastante genuino, no hemos mirado a nadie\u00bb<\/p>\n<\/blockquote>\n<p class=\"paragraph\" id=\"paragraph_21\"><strong>\u00bfCrees que pueden surgir comparaciones con otros formatos, por ejemplo, con los programas de Jes\u00fas Calleja?<\/strong><\/p>\n<p class=\"paragraph\" id=\"paragraph_22\">No s\u00e9, tampoco lo he pensado, la verdad. Yo creo que lo que hacemos es bastante genuino, no hemos mirado a nadie y estamos centrados en hacer lo que sabemos y lo que nos gusta.\u00a0<\/p>\n<p class=\"paragraph\" id=\"paragraph_23\"><strong>Ahora que cuentas con la confianza de 7yAcci\u00f3n, \u00bfte ves fichando por El Hormiguero?<\/strong><\/p>\n<p class=\"paragraph\" id=\"paragraph_24\">Este a\u00f1o he estado tan centrado en Cazadores y ha sido una apuesta personal tan importante, que me ha llevado tanto tiempo, que no lo valoro ahora mismo. Esto me ha llevado mucho esfuerzo de rodaje, de preproducci\u00f3n, de postproducci\u00f3n. Tanto tiempo fuera de casa&#8230; No me da la vida para mucho m\u00e1s. Estoy centrado en la segunda temporada del programa y en mi perfil de Instagram.<\/p>\n","protected":false},"excerpt":{"rendered":"Gotzon Mantuliz sigue su periplo para lograr las fotograf\u00edas m\u00e1s espectaculares de la fauna que puebla cada rinc\u00f3n&hellip;\n","protected":false},"author":2,"featured_media":245701,"comment_status":"","ping_status":"","sticky":false,"template":"","format":"standard","meta":{"footnotes":""},"categories":[171],"tags":[1535,146,147,25,24,5079,17079,23,807,214],"class_list":{"0":"post-245700","1":"post","2":"type-post","3":"status-publish","4":"format-standard","5":"has-post-thumbnail","7":"category-tv","8":"tag-bluper","9":"tag-entertainment","10":"tag-entretenimiento","11":"tag-es","12":"tag-espana","13":"tag-la-sexta","14":"tag-soft","15":"tag-spain","16":"tag-television","17":"tag-tv"},"share_on_mastodon":{"url":"https:\/\/pubeurope.com\/@es\/115580098876924099","error":""},"_links":{"self":[{"href":"https:\/\/www.europesays.com\/es\/wp-json\/wp\/v2\/posts\/245700","targetHints":{"allow":["GET"]}}],"collection":[{"href":"https:\/\/www.europesays.com\/es\/wp-json\/wp\/v2\/posts"}],"about":[{"href":"https:\/\/www.europesays.com\/es\/wp-json\/wp\/v2\/types\/post"}],"author":[{"embeddable":true,"href":"https:\/\/www.europesays.com\/es\/wp-json\/wp\/v2\/users\/2"}],"replies":[{"embeddable":true,"href":"https:\/\/www.europesays.com\/es\/wp-json\/wp\/v2\/comments?post=245700"}],"version-history":[{"count":0,"href":"https:\/\/www.europesays.com\/es\/wp-json\/wp\/v2\/posts\/245700\/revisions"}],"wp:featuredmedia":[{"embeddable":true,"href":"https:\/\/www.europesays.com\/es\/wp-json\/wp\/v2\/media\/245701"}],"wp:attachment":[{"href":"https:\/\/www.europesays.com\/es\/wp-json\/wp\/v2\/media?parent=245700"}],"wp:term":[{"taxonomy":"category","embeddable":true,"href":"https:\/\/www.europesays.com\/es\/wp-json\/wp\/v2\/categories?post=245700"},{"taxonomy":"post_tag","embeddable":true,"href":"https:\/\/www.europesays.com\/es\/wp-json\/wp\/v2\/tags?post=245700"}],"curies":[{"name":"wp","href":"https:\/\/api.w.org\/{rel}","templated":true}]}}