{"id":245715,"date":"2025-11-20T04:32:11","date_gmt":"2025-11-20T04:32:11","guid":{"rendered":"https:\/\/www.europesays.com\/es\/245715\/"},"modified":"2025-11-20T04:32:11","modified_gmt":"2025-11-20T04:32:11","slug":"federer-ya-tiene-fecha-para-su-ingreso-en-el-salon-internacional-de-la-fama-del-tenis","status":"publish","type":"post","link":"https:\/\/www.europesays.com\/es\/245715\/","title":{"rendered":"Federer ya tiene fecha para su ingreso en el Sal\u00f3n Internacional de la Fama del Tenis"},"content":{"rendered":"<p data-gtm-element-container=\"modulo-texto-link\" class=\"paragraph\"><strong>Roger Federer ingresar\u00e1 en el Sal\u00f3n Internacional de la Fama del Tenis (ITHF) en una ceremonia que se celebrar\u00e1 en agosto de 2026<\/strong> en Newport (Rhode Island), seg\u00fan anunci\u00f3 la instituci\u00f3n el mi\u00e9rcoles.<\/p>\n<p data-gtm-element-container=\"modulo-texto-link\" class=\"paragraph\">El suizo<strong> gan\u00f3 20 Grand Slams, el primer jugador masculino en alcanzar esa cifra<\/strong>, y logr\u00f3 103 t\u00edtulos en su carrera antes de retirarse en 2022. Ocup\u00f3 el n\u00famero uno del mundo durante un r\u00e9cord de 237 semanas seguidas entre 2004 y 2008.<\/p>\n<p data-gtm-element-container=\"modulo-texto-link\" class=\"paragraph\">\u00ab<strong>Es un gran honor entrar en el Sal\u00f3n Internacional de la Fama del Tenis y estar al lado de tantos grandes campeones del deporte<\/strong> (&#8230;) Recibir este reconocimiento del deporte y de mis compa\u00f1eros me llena de humildad\u00bb, declar\u00f3 Federer en un comunicado difundido por la ITHF.<\/p>\n<p data-gtm-element-container=\"modulo-texto-link\" class=\"paragraph\">\u00abA lo largo de mi carrera, siempre he valorado la historia del tenis y el ejemplo de quienes me precedieron (&#8230;) Estoy deseando visitar Newport el pr\u00f3ximo agosto para celebrar este momento tan especial con la comunidad ten\u00edstica\u00bb, a\u00f1adi\u00f3 el tenista de 44 a\u00f1os.<\/p>\n<p data-gtm-element-container=\"modulo-texto-link\" class=\"paragraph\"><strong>El suizo ocup\u00f3 el primer puesto de la clasificaci\u00f3n de la ATP durante 310 semanas<\/strong> a lo largo de su carrera y mantuvo largas rivalidades con Rafa Nadal y Novak Djokovic, los otros dos integrantes de los \u00abtres grandes\u00bb del tenis masculino de la \u00e9poca.<\/p>\n","protected":false},"excerpt":{"rendered":"Roger Federer ingresar\u00e1 en el Sal\u00f3n Internacional de la Fama del Tenis (ITHF) en una ceremonia que se&hellip;\n","protected":false},"author":2,"featured_media":245716,"comment_status":"","ping_status":"","sticky":false,"template":"","format":"standard","meta":{"footnotes":""},"categories":[274],"tags":[168,25,24,23,167,327,326],"class_list":{"0":"post-245715","1":"post","2":"type-post","3":"status-publish","4":"format-standard","5":"has-post-thumbnail","7":"category-tenis","8":"tag-deportes","9":"tag-es","10":"tag-espana","11":"tag-spain","12":"tag-sports","13":"tag-tenis","14":"tag-tennis"},"share_on_mastodon":{"url":"https:\/\/pubeurope.com\/@es\/115580157507861225","error":""},"_links":{"self":[{"href":"https:\/\/www.europesays.com\/es\/wp-json\/wp\/v2\/posts\/245715","targetHints":{"allow":["GET"]}}],"collection":[{"href":"https:\/\/www.europesays.com\/es\/wp-json\/wp\/v2\/posts"}],"about":[{"href":"https:\/\/www.europesays.com\/es\/wp-json\/wp\/v2\/types\/post"}],"author":[{"embeddable":true,"href":"https:\/\/www.europesays.com\/es\/wp-json\/wp\/v2\/users\/2"}],"replies":[{"embeddable":true,"href":"https:\/\/www.europesays.com\/es\/wp-json\/wp\/v2\/comments?post=245715"}],"version-history":[{"count":0,"href":"https:\/\/www.europesays.com\/es\/wp-json\/wp\/v2\/posts\/245715\/revisions"}],"wp:featuredmedia":[{"embeddable":true,"href":"https:\/\/www.europesays.com\/es\/wp-json\/wp\/v2\/media\/245716"}],"wp:attachment":[{"href":"https:\/\/www.europesays.com\/es\/wp-json\/wp\/v2\/media?parent=245715"}],"wp:term":[{"taxonomy":"category","embeddable":true,"href":"https:\/\/www.europesays.com\/es\/wp-json\/wp\/v2\/categories?post=245715"},{"taxonomy":"post_tag","embeddable":true,"href":"https:\/\/www.europesays.com\/es\/wp-json\/wp\/v2\/tags?post=245715"}],"curies":[{"name":"wp","href":"https:\/\/api.w.org\/{rel}","templated":true}]}}