{"id":245717,"date":"2025-11-20T04:35:09","date_gmt":"2025-11-20T04:35:09","guid":{"rendered":"https:\/\/www.europesays.com\/es\/245717\/"},"modified":"2025-11-20T04:35:09","modified_gmt":"2025-11-20T04:35:09","slug":"el-leyma-basquet-coruna-eliminado-de-copa-espana-83-95-la-voz-de-galicia","status":"publish","type":"post","link":"https:\/\/www.europesays.com\/es\/245717\/","title":{"rendered":"El Leyma B\u00e1squet Coru\u00f1a, eliminado de Copa Espa\u00f1a (83-95) &#8211; La Voz de Galicia"},"content":{"rendered":"<ol>\n<li><a href=\"https:\/\/news.google.com\/rss\/articles\/CBMizwFBVV95cUxQNE13V2t2cWlKZHFlN0hCd1RqOVFiOGdZbnN5WnFkVU04OWs3el9rRlRRZUh3SWRZUFpsRy0zLXZpZ0VEcnY0Skk1OV9LQmtZYVE0Nm9WTE15UWF4N0F5SGp4WTk4WHRJbG0zTkxaRHNNR0E0aUpodzJaU3J2Y1VyV0Z6cGRxbktvUHVDb2EtcHQzVDVrYThEeDJ3bzI5bnhIUjA4UmoyRThkZi1rbXN6X2xidDc4NHkxRVpyX3ktQlZJSkszS1lNNHFSRzdhNEHSAesBQVVfeXFMT1pZTWs4WGxSclNkMU8tSkFQQ3VsVjFTSFpPcll4SkNidm1VOTJLZmNBMkltSXNzT0JKQlR6MXJKdW9haWM4djJpUHVqMzZhekFlRm5BbHdPTTdjR1NORlFHUUJ1QTZVSVczUlJEeldkMmZuVXRJY1M3N3VLZUF6bXkwOG4tMDNtX0NwR3I3di16dkRHMjRzNUVhSVUxUFl6ZnJkTjRIemp5eVVZVGJFZ3pqZGFfaW5uVmlEazBHTFlNTk4zQVNUeUVzVlI1ZjBJaVdUY3hTWEVyQ3g1WnFPQmowNWtrT09jZjhWaw?oc=5\" target=\"_blank\" rel=\"nofollow noopener\">El Leyma B\u00e1squet Coru\u00f1a, eliminado de Copa Espa\u00f1a (83-95)<\/a>&nbsp;&nbsp;La Voz de Galicia<\/li>\n<li><a href=\"https:\/\/news.google.com\/rss\/articles\/CBMi1wFBVV95cUxNZUZvNXFDVmYyRWpOcDEzTlo4aHNScHY1VTViTGlHLUctLWFKaUlKNHdYOENoeUkyWXdsLVQ5STdhbjNzVFhoX0ktME4zdzl3S2tlOTNYdzFXS015UTlUVkVCOG9GZkVQLXZjay1KM1dUVFM2dk9ISFlrSHRuamE4ZlplMUNGalFKdkZUMkNwZHp2R1A3V2pEeHh0WldiTEFVOF96MzBKOE0tRHp2a0twaU1jUGkzdXFscjFDVmd3QnJSTVBHS0F6NU5LSEd3bGU5S2RlLVFyZ9IB8wFBVV95cUxQTlRUUEhadm5RSHdfb3FDMWxHTS1QWURIdHpIX1hXemlvUFp2SHZnSzlHWG9vaURHTjBhMkFWZFlZVTR3YW1tLWh2SlJvX01sVloxbnN2dWxOQU9MeXR5NF9naHZfNGphMmthY3ZLMm4wNFJQUFJWTXdnWnU3YnFhTnRpTkltWFRWZEJRa2VNNG9sc0ZlNDg3N1lKX09udEZoTU5ZRW45R0wwRGtiNlAwUmVpTTRBMVA3TFFweUtuVEpZRGU3YVlaYS1JSTQ3X2tDU1dwLVRIc19NZWFGYUVPaVdZNE9wOG5HaXAwaHU1X2xVN1E?oc=5\" target=\"_blank\" rel=\"nofollow noopener\">As\u00ed prepara sus partidos el Leyma, l\u00edder y \u00fanico invicto de la Primera FEB<\/a>&nbsp;&nbsp;La Voz de Galicia<\/li>\n<li><a href=\"https:\/\/news.google.com\/rss\/articles\/CBMiugFBVV95cUxOVFdUdVdoOTRsNEFaa04yQlNhTkFTNl9Ua0sxdmRkX2w3eHJEQnhPYXRZT2JWbkZKSTNmdEZneFg0eElsTkZWSHF0eTRDQmlFMTRVOGpiRFV1SUpMT1hFRVlVQklpczJaOWxyT20zek1VRnlVQ3k2OVQ1MHlpc1V5NEhkUDFGVVRmR0NNVnpwam95WTZEeWhNN3BnRHNvUWdzZ1ZBdXU4RlZTcGNHOEhtZGpFV0Z4eWU1QWc?oc=5\" target=\"_blank\" rel=\"nofollow noopener\">PREVIA| Los cuartos de final de la Copa Espa\u00f1a pasan por vencer en tierras gallegas<\/a>&nbsp;&nbsp;CB Tizona<\/li>\n<li><a href=\"https:\/\/news.google.com\/rss\/articles\/CBMiugFBVV95cUxQNk1QbEtOVWlmdjJMMm5GM1dCTGNOajExdE9EMDlpSm5QTmZZYWNWMDYtNnRyeTgzXzlzWFhTeG84TXJqYlh4UmpsMGNnSElsdjdqMjhLTVJ4YUpNT2l2a1YyTTRrUl9tUzN5c1BSMTd2LTVpLS1EblhBazcxaTN5QmxKYlYzQkFnVV9leENEUUlIdG5FdFlWUG5zeXFKVFRCZHl4R3lrSFBENDgxQzVYbFMya1gteC1Yb2c?oc=5\" target=\"_blank\" rel=\"nofollow noopener\">OCTAVOS: Grupo Ureta Tizona, a los cuartos por la puerta grande en el Coliseum<\/a>&nbsp;&nbsp;FEB<\/li>\n<li><a href=\"https:\/\/news.google.com\/rss\/articles\/CBMiqwFBVV95cUxPSkg1ZkFBaHVfdkx4MTdtUXJzVk01THNiX09lSVpoN2lxUElJRnRnb2JWVWVHZFkzYi1vZWxfWEY0VXQyLVdjU1dIMUszY0NxczhKVXhLSzFicXQ3SmdwOXNsZHJRczFkOWtSUG90WGtrU2U1UVRtSkhHUmREUmFXWTNKZmZ3cGpiMVRKeEptU011VGVXVlhnNklzLWZXRzNLcnF1MTJadExJQVXSAbABQVVfeXFMTXFZSUItMnFGb1Y1bllFb3B0YVpVcWhhbmdRRW94VVNja2gzVlk5LWZOcnA5V3k0ejZ0SkpfcWJIaXlFUHZDUFV3UHdQNTZMcmRjdGlRZ2FDTzJsT0ZXcmIweDctWjBQYktOdlJsWGV3OTBhWGRrTjhxQ1k2ZXF6Q0hRcWJGMzY1ZEM2TlNUempsU2FjU190TXg1UWlsQl9rTy0wM3p6QjVENXdFMjVvXzg?oc=5\" target=\"_blank\" rel=\"nofollow noopener\">La Copa, un caramelo antes del par\u00f3n para el Leyma<\/a>&nbsp;&nbsp;La Opini\u00f3n A Coru\u00f1a<\/li>\n<\/ol>\n","protected":false},"excerpt":{"rendered":"El Leyma B\u00e1squet Coru\u00f1a, eliminado de Copa Espa\u00f1a (83-95)&nbsp;&nbsp;La Voz de Galicia As\u00ed prepara sus partidos el Leyma,&hellip;\n","protected":false},"author":2,"featured_media":245718,"comment_status":"","ping_status":"","sticky":false,"template":"","format":"standard","meta":{"footnotes":""},"categories":[269],"tags":[299,298,50316,168,25,24,830,23,167],"class_list":{"0":"post-245717","1":"post","2":"type-post","3":"status-publish","4":"format-standard","5":"has-post-thumbnail","7":"category-baloncesto","8":"tag-baloncesto","9":"tag-basketball","10":"tag-basquet-coruna","11":"tag-deportes","12":"tag-es","13":"tag-espana","14":"tag-leb-oro","15":"tag-spain","16":"tag-sports"},"share_on_mastodon":{"url":"https:\/\/pubeurope.com\/@es\/115580169308518470","error":""},"_links":{"self":[{"href":"https:\/\/www.europesays.com\/es\/wp-json\/wp\/v2\/posts\/245717","targetHints":{"allow":["GET"]}}],"collection":[{"href":"https:\/\/www.europesays.com\/es\/wp-json\/wp\/v2\/posts"}],"about":[{"href":"https:\/\/www.europesays.com\/es\/wp-json\/wp\/v2\/types\/post"}],"author":[{"embeddable":true,"href":"https:\/\/www.europesays.com\/es\/wp-json\/wp\/v2\/users\/2"}],"replies":[{"embeddable":true,"href":"https:\/\/www.europesays.com\/es\/wp-json\/wp\/v2\/comments?post=245717"}],"version-history":[{"count":0,"href":"https:\/\/www.europesays.com\/es\/wp-json\/wp\/v2\/posts\/245717\/revisions"}],"wp:featuredmedia":[{"embeddable":true,"href":"https:\/\/www.europesays.com\/es\/wp-json\/wp\/v2\/media\/245718"}],"wp:attachment":[{"href":"https:\/\/www.europesays.com\/es\/wp-json\/wp\/v2\/media?parent=245717"}],"wp:term":[{"taxonomy":"category","embeddable":true,"href":"https:\/\/www.europesays.com\/es\/wp-json\/wp\/v2\/categories?post=245717"},{"taxonomy":"post_tag","embeddable":true,"href":"https:\/\/www.europesays.com\/es\/wp-json\/wp\/v2\/tags?post=245717"}],"curies":[{"name":"wp","href":"https:\/\/api.w.org\/{rel}","templated":true}]}}