{"id":245721,"date":"2025-11-20T04:37:10","date_gmt":"2025-11-20T04:37:10","guid":{"rendered":"https:\/\/www.europesays.com\/es\/245721\/"},"modified":"2025-11-20T04:37:10","modified_gmt":"2025-11-20T04:37:10","slug":"que-hay-detras-de-las-extranas-interacciones-entre-ariana-grande-y-cynthia-erivo-gente","status":"publish","type":"post","link":"https:\/\/www.europesays.com\/es\/245721\/","title":{"rendered":"\u00bfQu\u00e9 hay detr\u00e1s de las \u00abextra\u00f1as\u00bb interacciones entre Ariana Grande y Cynthia Erivo? | Gente"},"content":{"rendered":"<p class=\"loc\">Madrid<\/p>\n<p>En las \u00faltimas semanas, las redes sociales se han llenado de v\u00eddeos de las actrices y cantantes Ariana Grande y Cynthia Erivo durante la gira de promoci\u00f3n de la pel\u00edcula Wicked: Parte II, que se estrena en los cines el pr\u00f3ximo viernes 21 de noviembre. Con la viralizaci\u00f3n de esos v\u00eddeos, miles de usuarios han debatido sobre las distintas hip\u00f3tesis de por qu\u00e9 Erivo se comporta de esa manera tan cercana y cari\u00f1osa con Grande.<\/p>\n<p>En primer lugar, cuando el elenco de la pel\u00edcula visit\u00f3 Singapur, la que fue actriz de Nickelodeon vivi\u00f3 una experiencia inc\u00f3moda con un fan que se abalanz\u00f3 sobre ella, el cual ha sido condenado a nueve d\u00edas de c\u00e1rcel. Ante esto, Erivo reaccion\u00f3 r\u00e1pidamente apartando al desconocido de Grande, lo que, para algunos, fue una acci\u00f3n desproporcionada.<\/p>\n<p><img loading=\"lazy\" decoding=\"async\" src=\"https:\/\/www.europesays.com\/es\/wp-content\/uploads\/2025\/11\/https:\/\/sdmedia.playser.cadenaser.com\/mcv\/playser\/multimedia\/20251114\/1108985_110101_still.0000001.j.jpeg\" width=\"9\" height=\"16\"\/><\/p>\n<p>Un fan rompe el cord\u00f3n de seguridad y se abalanza sobre Ariana Grande en el estreno de &#8216;Wicked&#8217; en Singapur<\/p>\n<p>A causa de esta actual pol\u00e9mica, est\u00e1n saliendo a la luz m\u00e1s v\u00eddeos que avivan las hip\u00f3tesis y los comentarios, como uno en el que se estaba promocionando la primera parte de Wicked y Erivo, de repente, le intenta colocar el collar a Grande \u2013a pesar de estar bien, aparentemente\u2013 mientras esta contesta a las preguntas de un periodista en la alfombra roja. Ante esto, Grande comenta que algo \u00abestaba molestando\u00bb a Erivo. \u00abVa a arreglar algo. La conozco\u00bb, apuntaba la actriz y cantante.<\/p>\n<p>Esta situaci\u00f3n junto con otros v\u00eddeos han hecho que el debate no cese en X porque para algunos, este tipo de interacciones son normales y lo interpretan como muestras positivas de cari\u00f1o y amistad y, para otros, reflejan demasiada sobreprotecci\u00f3n y obsesi\u00f3n de Erivo sobre Grande.<\/p>\n<p>Otro v\u00eddeo que est\u00e1 siendo muy comentado es uno de febrero, de un coloquio de Variety, en el que uno de los presentes, de repente, le zarandea con fuerza el brazo a Ariana Grande, ante lo que no tarda en reaccionar su compa\u00f1era de elenco cogi\u00e9ndole del mismo y acerc\u00e1ndoselo a la mejilla actitud cari\u00f1osa.<\/p>\n<p>Mientras crecen todas estas teor\u00edas y conspiraciones, Grande ha comentado en una entrevista del pasado martes en el podcast Good Hang, de Amy Poehler el por qu\u00e9 interact\u00faan en todo momento Erivo y ella p\u00fablicamente. La presentadora le pregunta por ello y la actriz responde que, sin darse cuenta, siempre \u00abest\u00e1 agarrando una mano o apretando algo\u00bb.<\/p>\n<p>\u00abCanalizo mucha energ\u00eda a trav\u00e9s de mis manos\u00bb, aseguraba la artista, quien explicaba que tienen una estrecha relaci\u00f3n tras haber rodado tantas horas juntas. \u00abPasa mucho tiempo entre la finalizaci\u00f3n del rodaje y la gira de prensa. Ambas estamos muy ocupadas, pero hacemos todo lo posible por mantenernos conectadas de esa manera\u00bb, afirmaba.<\/p>\n<p>Algunos usuarios hacen hincapi\u00e9 en que quiz\u00e1s esta actitud de protecci\u00f3n de Erivo con Ariana Grande se debe a que puede que esta siga atravesando el estr\u00e9s postraum\u00e1tico que le provoc\u00f3 el atentado que vivi\u00f3 en un concierto en M\u00e1nchester en 2017 y la muerte del rapero Mac Miller en 2018, con el que mantuvo una relaci\u00f3n sentimental.<\/p>\n","protected":false},"excerpt":{"rendered":"Madrid En las \u00faltimas semanas, las redes sociales se han llenado de v\u00eddeos de las actrices y cantantes&hellip;\n","protected":false},"author":2,"featured_media":245722,"comment_status":"","ping_status":"","sticky":false,"template":"","format":"standard","meta":{"footnotes":""},"categories":[174],"tags":[1765,255,146,147,25,24,256,23,1766,62787],"class_list":{"0":"post-245721","1":"post","2":"type-post","3":"status-publish","4":"format-standard","5":"has-post-thumbnail","7":"category-famosos","8":"tag-bestof","9":"tag-celebrities","10":"tag-entertainment","11":"tag-entretenimiento","12":"tag-es","13":"tag-espana","14":"tag-famosos","15":"tag-spain","16":"tag-topix","17":"tag-wickednyc_cynthiaariana"},"share_on_mastodon":{"url":"https:\/\/pubeurope.com\/@es\/115580177556605179","error":""},"_links":{"self":[{"href":"https:\/\/www.europesays.com\/es\/wp-json\/wp\/v2\/posts\/245721","targetHints":{"allow":["GET"]}}],"collection":[{"href":"https:\/\/www.europesays.com\/es\/wp-json\/wp\/v2\/posts"}],"about":[{"href":"https:\/\/www.europesays.com\/es\/wp-json\/wp\/v2\/types\/post"}],"author":[{"embeddable":true,"href":"https:\/\/www.europesays.com\/es\/wp-json\/wp\/v2\/users\/2"}],"replies":[{"embeddable":true,"href":"https:\/\/www.europesays.com\/es\/wp-json\/wp\/v2\/comments?post=245721"}],"version-history":[{"count":0,"href":"https:\/\/www.europesays.com\/es\/wp-json\/wp\/v2\/posts\/245721\/revisions"}],"wp:featuredmedia":[{"embeddable":true,"href":"https:\/\/www.europesays.com\/es\/wp-json\/wp\/v2\/media\/245722"}],"wp:attachment":[{"href":"https:\/\/www.europesays.com\/es\/wp-json\/wp\/v2\/media?parent=245721"}],"wp:term":[{"taxonomy":"category","embeddable":true,"href":"https:\/\/www.europesays.com\/es\/wp-json\/wp\/v2\/categories?post=245721"},{"taxonomy":"post_tag","embeddable":true,"href":"https:\/\/www.europesays.com\/es\/wp-json\/wp\/v2\/tags?post=245721"}],"curies":[{"name":"wp","href":"https:\/\/api.w.org\/{rel}","templated":true}]}}