{"id":245727,"date":"2025-11-20T04:43:47","date_gmt":"2025-11-20T04:43:47","guid":{"rendered":"https:\/\/www.europesays.com\/es\/245727\/"},"modified":"2025-11-20T04:43:47","modified_gmt":"2025-11-20T04:43:47","slug":"el-auditorio-de-sant-cugat-se-llena-en-la-sesion-participativa-del-presidente-con-socios-y-socias","status":"publish","type":"post","link":"https:\/\/www.europesays.com\/es\/245727\/","title":{"rendered":"El Auditorio de Sant Cugat se llena en la sesi\u00f3n participativa del presidente con socios y socias"},"content":{"rendered":"<p>La jornada de la Junta Directiva del FC Barcelona en Sant Cugat ha tenido un brillante final con la sesi\u00f3n participativa que el presidente, Joan Laporta, ha mantenido con socios y socias del Vall\u00e8s en el Auditorio Emma Vilarasau de la localidad vallesana.<\/p>\n<p>El acto, que ha registrado una muy buena asistencia, ha contado con la presencia de las autoridades locales, encabezadas por el alcalde de Sant Cugat, Josep Maria Vall\u00e8s, as\u00ed como con los miembros de la Junta Directiva del Bar\u00e7a que, durante la tarde y parte de la ma\u00f1ana, se han reunido en el Monasterio de Sant Cugat.<\/p>\n<p>La periodista \u00c0ngels Prieto ha presentado y conducido el encuentro, que se ha iniciado con las intervenciones del alcalde santcugatense y del presidente del FC Barcelona. Joan Laporta ha dicho en su discurso que \u201cen todos los indicadores, los tangibles y los menos tangibles, estamos objetivamente mejor que en 2021\u201d. Al hablar del futuro econ\u00f3mico del Club, ha sido claro: \u201ccontinuar con beneficios ordinarios positivos, como est\u00e1 previsto, significa que el modelo asociativo est\u00e1 asegurado\u201d. Y cuando se ha referido al ambiente que vive actualmente el barcelonismo, se ha mostrado abiertamente optimista: \u201cesta atm\u00f3sfera positiva, de alegr\u00eda compartida, de orgullo por el escudo, esta complicidad de la masa social del Bar\u00e7a con la entidad, ayuda a culminar la recuperaci\u00f3n del Club en todos sus \u00e1mbitos\u201d.<\/p>\n<p>Las palabras de Joan Laporta han dado paso a un emotivo v\u00eddeo, tras el cual el presidente ha respondido, primero, las preguntas de \u00c0ngels Prieto y, m\u00e1s tarde, las de los socios y socias que han querido participar en el turno abierto.<\/p>\n<p>Los socios y socias que han asistido a este encuentro han podido fotografiarse con CAT, la mascota del FC Barcelona, y con los trofeos de la Liga, la Copa del Rey y la Supercopa de Espa\u00f1a, conseguidos por el primer equipo masculino durante la temporada pasada.<\/p>\n<p>                <img decoding=\"async\" src=\"https:\/\/www.europesays.com\/es\/wp-content\/uploads\/2025\/11\/WhatsApp-Image-2025-11-19-at-20.30.08.jpeg\" alt=\"WhatsApp Image 2025-11-19 at 20.30.08\" class=\"embeddable-photo__image\"\/><\/p>\n<p>\u00a0<\/p>\n","protected":false},"excerpt":{"rendered":"La jornada de la Junta Directiva del FC Barcelona en Sant Cugat ha tenido un brillante final con&hellip;\n","protected":false},"author":2,"featured_media":245728,"comment_status":"","ping_status":"","sticky":false,"template":"","format":"standard","meta":{"footnotes":""},"categories":[93],"tags":[168,25,24,23,167,2288],"class_list":{"0":"post-245727","1":"post","2":"type-post","3":"status-publish","4":"format-standard","5":"has-post-thumbnail","7":"category-deportes","8":"tag-deportes","9":"tag-es","10":"tag-espana","11":"tag-spain","12":"tag-sports","13":"tag-text"},"share_on_mastodon":{"url":"https:\/\/pubeurope.com\/@es\/115580201317991902","error":""},"_links":{"self":[{"href":"https:\/\/www.europesays.com\/es\/wp-json\/wp\/v2\/posts\/245727","targetHints":{"allow":["GET"]}}],"collection":[{"href":"https:\/\/www.europesays.com\/es\/wp-json\/wp\/v2\/posts"}],"about":[{"href":"https:\/\/www.europesays.com\/es\/wp-json\/wp\/v2\/types\/post"}],"author":[{"embeddable":true,"href":"https:\/\/www.europesays.com\/es\/wp-json\/wp\/v2\/users\/2"}],"replies":[{"embeddable":true,"href":"https:\/\/www.europesays.com\/es\/wp-json\/wp\/v2\/comments?post=245727"}],"version-history":[{"count":0,"href":"https:\/\/www.europesays.com\/es\/wp-json\/wp\/v2\/posts\/245727\/revisions"}],"wp:featuredmedia":[{"embeddable":true,"href":"https:\/\/www.europesays.com\/es\/wp-json\/wp\/v2\/media\/245728"}],"wp:attachment":[{"href":"https:\/\/www.europesays.com\/es\/wp-json\/wp\/v2\/media?parent=245727"}],"wp:term":[{"taxonomy":"category","embeddable":true,"href":"https:\/\/www.europesays.com\/es\/wp-json\/wp\/v2\/categories?post=245727"},{"taxonomy":"post_tag","embeddable":true,"href":"https:\/\/www.europesays.com\/es\/wp-json\/wp\/v2\/tags?post=245727"}],"curies":[{"name":"wp","href":"https:\/\/api.w.org\/{rel}","templated":true}]}}