{"id":245729,"date":"2025-11-20T04:45:10","date_gmt":"2025-11-20T04:45:10","guid":{"rendered":"https:\/\/www.europesays.com\/es\/245729\/"},"modified":"2025-11-20T04:45:10","modified_gmt":"2025-11-20T04:45:10","slug":"basada-en-un-libro-de-javier-cercas-y-protagonizada-por-alvaro-morte-y-eduard-fernandez","status":"publish","type":"post","link":"https:\/\/www.europesays.com\/es\/245729\/","title":{"rendered":"basada en un libro de Javier Cercas y protagonizada por \u00c1lvaro Morte y Eduard Fern\u00e1ndez"},"content":{"rendered":"<p style=\"\"><strong>23 de febrero de 1981<\/strong>. El Congreso de los Diputados celebra la votaci\u00f3n de investidura de Leopoldo Calvo-Sotelo. Entonces, el teniente coronel <strong>Antonio Tejero <\/strong>irrumpe en el hemiciclo pistola en mano junto a un grupo de guardias civiles.<\/p>\n<p style=\"\">Durante horas, Espa\u00f1a qued\u00f3 paralizada  &#8230; en medio de la incertidumbre, hasta que la intervenci\u00f3n televisada del <strong>rey Juan Carlos I,<\/strong> vestido con uniforme militar y reafirmando su apoyo a la Constituci\u00f3n, desactiv\u00f3 definitivamente la intentona de golpe de Estado. De esta forma, el 23-F se convirti\u00f3 en un s\u00edmbolo de la resistencia y la consolidaci\u00f3n de la democracia espa\u00f1ola.<\/p>\n<p class=\"voc-p\" style=\"\">A lo largo de los a\u00f1os, distintas producciones han abordado este episodio tan trascendental para la historia de Espa\u00f1a. No obstante, ninguna lo hab\u00eda hecho desde la ficci\u00f3n. Este jueves, <strong>20 de noviembre<\/strong>, llega a <strong>Movistar Plus+<\/strong> una de las <strong>series <\/strong>m\u00e1s esperadas del a\u00f1o, basada en un aclamado libro de<strong> Javier Cercas <\/strong>sobre el 23-F.<\/p>\n<p>\nLa serie sobre el 23-F que estrena hoy Movistar Plus+\n<\/p>\n<p class=\"voc-p\" style=\"\">Hablamos de<strong> &#8216;Anatom\u00eda de un instante&#8217;<\/strong>, una miniserie dirigida por <strong>Alberto Rodr\u00edguez<\/strong>, autor del aclamadas pel\u00edculas &#8216;La isla m\u00ednima&#8217;, &#8216;El hombre de las mil caras&#8217; o &#8216;Modelo 77&#8217; y de la reci\u00e9n estrenada <a href=\"https:\/\/www.abc.es\/play\/cine\/noticias\/nueva-pelicula-antonio-torre-llega-hoy-cines-20251031175343-nt.html\" title=\"www.abc.es\" data-voc-vtm-id=\"in-text-traffic\" data-mrf-link=\"www.abc.es\" rel=\"nofollow noopener\" target=\"_blank\">&#8216;Los Tigres&#8217;<\/a>. El cineasta firma tambi\u00e9n el guion de la serie, junto a Rafael Cobos y Fran Ara\u00fajo.<\/p>\n<p class=\"voc-p\" style=\"\">La ficci\u00f3n cuenta con un elenco estelar que encabeza<strong> \u00c1lvaro Morte<\/strong>, en el papel de Adolfo S\u00faarez, <strong>Manolo Solo<\/strong>, quien encarna a Manuel Guti\u00e9rrez Mellado, <strong>Eduard Fern\u00e1ndez <\/strong>como Santiago Carrillo y <strong>David Lorente <\/strong>como Antonio Tejero. Participan tambi\u00e9n Juanma Navas, \u00d3scar de la Fuente, Samuel L\u00f3pez y Miki Esperab\u00e9, entre otros.<\/p>\n<p class=\"voc-p\" style=\"\">&#8216;Anatom\u00eda de un instante&#8217; se basa en el libro hom\u00f3nimo de <strong>Javier Cercas <\/strong>publicado en 2009. La novela, considerada el relato definitivo del intento de golpe de Estado del 23-F, fue un \u00e9xito de ventas y est\u00e1 considerada una de las obras m\u00e1s importantes de la literatura espa\u00f1ola de nuestra \u00e9poca.<\/p>\n<p class=\"voc-p\" style=\"\">La serie, que parte del 23-F, se centra en la figura de los \u00fanicos tres hombres que se mantuvieron sentados en el intento de golpe de Estado mientras el resto se agachaba para intentar ponerse a salvo:<strong> Adolfo Su\u00e1rez, Santiago Carrillo y Guti\u00e9rrez Mellado, calificados por Cercas como <\/strong>\u00ablos tres traidores\u00bb por traicionar sus lealtades pasadas para salvar la democracia.<\/p>\n<p>\nUna propuesta de Movistar Plus+ a Alberto Rodr\u00edguez\n<\/p>\n<p class=\"voc-p\" style=\"\">&#8216;Anatom\u00eda de un instante&#8217; acaba de llegar a <strong>Movistar Plus+<\/strong> y promete ser una de las series del a\u00f1o. El proyecto parti\u00f3 de la propia plataforma, que invit\u00f3 a Alberto Rodr\u00edguez a leerse la novela de Javier Cercas, ante sus reticencias a dirigir la ficci\u00f3n basada en este episodio hist\u00f3rico.<\/p>\n<p class=\"voc-p\" style=\"\">\u00abMe lo llev\u00e9 a casa y le pregunt\u00e9 a un amigo que me dijo que era &#8216;la mejor novela que hab\u00eda escrito Cercas&#8217;. Sabiendo que no era una novela, me llam\u00f3 la atenci\u00f3n. Lo le\u00ed y <strong>me enganch\u00f3 esa reconstrucci\u00f3n, esa ficci\u00f3n, ese viaje emocional <\/strong>que promueve Cercas a trav\u00e9s de un libro en el que est\u00e1 hablando de tres personas que casi son tres construcciones. Y <strong>me convenci\u00f3<\/strong>\u00bb, asegur\u00f3 el director en una <a href=\"https:\/\/www.abc.es\/play\/cine\/noticias\/alberto-rodriguez-politica-actual-echa-falta-ganas-20250920120526-nt.html\" title=\"www.abc.es\" data-voc-vtm-id=\"in-text-traffic\" data-mrf-link=\"www.abc.es\" rel=\"nofollow noopener\" target=\"_blank\">entrevista con ABC<\/a>.<\/p>\n<p class=\"voc-title\">\u00abMe enganch\u00f3 esa reconstrucci\u00f3n, esa ficci\u00f3n, ese viaje emocional que promueve Cercas en su libro\u00bb<\/p>\n<p class=\"voc-article-position__name\">Alberto Rodr\u00edguez<\/p>\n<p class=\"voc-article-position__employ\">Director de &#8216;Anatom\u00eda de un instante&#8217;<\/p>\n<p class=\"voc-p\" style=\"\">Uno de los motivos que convenci\u00f3 al cineasta para rodar la serie fue darse cuenta de que la ver\u00eda mucho p\u00fablico<strong> \u00abjoven o no tan joven\u00bb<\/strong> que \u00abno tiene tan claro qui\u00e9n era Adolfo Su\u00e1rez, Santiago Carrillo y Manuel Guti\u00e9rrez Mellado\u00bb.<\/p>\n<p class=\"voc-p\" style=\"\">\u00abTiene que ser una serie para el p\u00fablico que lo vivi\u00f3 y tambi\u00e9n para los j\u00f3venes que no lo recuerdan. Por eso la hemos planteado como un <strong>&#8216;thriller&#8217; muy entretenido<\/strong>\u00bb, cont\u00f3 a <a href=\"https:\/\/www.abc.es\/cultura\/anatomia-rodaje-alberto-rodriguez-viaja-corazon-tansicion-20250413042132-nt.html\" title=\"www.abc.es\" data-voc-vtm-id=\"in-text-traffic\" data-mrf-link=\"www.abc.es\" rel=\"nofollow noopener\" target=\"_blank\">ABC<\/a> Lorenzo, de DLO Producciones, durante un d\u00eda de rodaje, a lo que Rodr\u00edguez responde: \u00abEspero, espero&#8230; \u00bfte imaginas que queda un tostonazo?\u00bb. No obstante, el director asegura que \u00abme dar\u00eda por contento si la gente ve la serie y encuentra algo nuevo. Incluso le incita al <strong>debate<\/strong>\u00bb.<\/p>\n","protected":false},"excerpt":{"rendered":"23 de febrero de 1981. El Congreso de los Diputados celebra la votaci\u00f3n de investidura de Leopoldo Calvo-Sotelo.&hellip;\n","protected":false},"author":2,"featured_media":245730,"comment_status":"","ping_status":"","sticky":false,"template":"","format":"standard","meta":{"footnotes":""},"categories":[91],"tags":[54978,9125,2607,7770,27994,51534,146,147,25,24,10994,315,5264,1496,5012,31104,303,795,7741,10751,416,156,57,23],"class_list":{"0":"post-245729","1":"post","2":"type-post","3":"status-publish","4":"format-standard","5":"has-post-thumbnail","7":"category-entretenimiento","8":"tag-23f","9":"tag-alberto","10":"tag-alvaro","11":"tag-basada","12":"tag-cercas","13":"tag-eduard","14":"tag-entertainment","15":"tag-entretenimiento","16":"tag-es","17":"tag-espana","18":"tag-fernandez","19":"tag-hoy","20":"tag-javier","21":"tag-libro","22":"tag-llega","23":"tag-morte","24":"tag-movistar","25":"tag-nueva","26":"tag-plus","27":"tag-protagonizada","28":"tag-rodriguez","29":"tag-serie","30":"tag-sobre","31":"tag-spain"},"share_on_mastodon":{"url":"https:\/\/pubeurope.com\/@es\/115580208616780426","error":""},"_links":{"self":[{"href":"https:\/\/www.europesays.com\/es\/wp-json\/wp\/v2\/posts\/245729","targetHints":{"allow":["GET"]}}],"collection":[{"href":"https:\/\/www.europesays.com\/es\/wp-json\/wp\/v2\/posts"}],"about":[{"href":"https:\/\/www.europesays.com\/es\/wp-json\/wp\/v2\/types\/post"}],"author":[{"embeddable":true,"href":"https:\/\/www.europesays.com\/es\/wp-json\/wp\/v2\/users\/2"}],"replies":[{"embeddable":true,"href":"https:\/\/www.europesays.com\/es\/wp-json\/wp\/v2\/comments?post=245729"}],"version-history":[{"count":0,"href":"https:\/\/www.europesays.com\/es\/wp-json\/wp\/v2\/posts\/245729\/revisions"}],"wp:featuredmedia":[{"embeddable":true,"href":"https:\/\/www.europesays.com\/es\/wp-json\/wp\/v2\/media\/245730"}],"wp:attachment":[{"href":"https:\/\/www.europesays.com\/es\/wp-json\/wp\/v2\/media?parent=245729"}],"wp:term":[{"taxonomy":"category","embeddable":true,"href":"https:\/\/www.europesays.com\/es\/wp-json\/wp\/v2\/categories?post=245729"},{"taxonomy":"post_tag","embeddable":true,"href":"https:\/\/www.europesays.com\/es\/wp-json\/wp\/v2\/tags?post=245729"}],"curies":[{"name":"wp","href":"https:\/\/api.w.org\/{rel}","templated":true}]}}