{"id":245737,"date":"2025-11-20T04:51:43","date_gmt":"2025-11-20T04:51:43","guid":{"rendered":"https:\/\/www.europesays.com\/es\/245737\/"},"modified":"2025-11-20T04:51:43","modified_gmt":"2025-11-20T04:51:43","slug":"la-mesa-de-navidad-se-reune-por-tercera-vez-este-ano-a-pocos-dias-de-que-se-encienda-la-iluminacion-festiva","status":"publish","type":"post","link":"https:\/\/www.europesays.com\/es\/245737\/","title":{"rendered":"La Mesa de Navidad se re\u00fane por tercera vez este a\u00f1o a pocos d\u00edas de que se encienda la iluminaci\u00f3n festiva"},"content":{"rendered":"<p>        La Mesa de Navidad se re\u00fane por tercera vez este a\u00f1o a pocos d\u00edas de que se encienda la iluminaci\u00f3n festiva | Ayuntamiento de Pamplona<\/p>\n<p><a href=\"#main-content\" class=\"visually-hidden focusable skip-link\"><br \/>\n    Pasar al contenido principal<br \/>\n<\/a><\/p>\n<ol class=\"breadcrumb\">\n<li>\n                  <a href=\"https:\/\/www.pamplona.es\/actualidad\" rel=\"nofollow noopener\" target=\"_blank\">Actualidad<\/a>\n              <\/li>\n<li>\n                  <a href=\"https:\/\/www.pamplona.es\/actualidad\/noticias\" rel=\"nofollow noopener\" target=\"_blank\">Noticias<\/a>\n              <\/li>\n<li class=\"active\">\n                  La Mesa de Navidad se re\u00fane por tercera vez este a\u00f1o a pocos d\u00edas de que se encienda la iluminaci\u00f3n festiva\n              <\/li>\n<\/ol>\n<p>                                                    <a id=\"main-content\"\/><\/p>\n","protected":false},"excerpt":{"rendered":"La Mesa de Navidad se re\u00fane por tercera vez este a\u00f1o a pocos d\u00edas de que se encienda&hellip;\n","protected":false},"author":2,"featured_media":245738,"comment_status":"","ping_status":"","sticky":false,"template":"","format":"standard","meta":{"footnotes":""},"categories":[5],"tags":[17,18,25,24,13,14,11,19,20,9,10,15,16,23,12,21,22],"class_list":{"0":"post-245737","1":"post","2":"type-post","3":"status-publish","4":"format-standard","5":"has-post-thumbnail","7":"category-titulares","8":"tag-breaking-news","9":"tag-breakingnews","10":"tag-es","11":"tag-espana","12":"tag-featured-news","13":"tag-featurednews","14":"tag-headlines","15":"tag-latest-news","16":"tag-latestnews","17":"tag-news","18":"tag-noticias","19":"tag-noticias-destacadas","20":"tag-noticiasdestacadas","21":"tag-spain","22":"tag-titulares","23":"tag-ultimas-noticias","24":"tag-ultimasnoticias"},"share_on_mastodon":{"url":"https:\/\/pubeurope.com\/@es\/115580232244148621","error":""},"_links":{"self":[{"href":"https:\/\/www.europesays.com\/es\/wp-json\/wp\/v2\/posts\/245737","targetHints":{"allow":["GET"]}}],"collection":[{"href":"https:\/\/www.europesays.com\/es\/wp-json\/wp\/v2\/posts"}],"about":[{"href":"https:\/\/www.europesays.com\/es\/wp-json\/wp\/v2\/types\/post"}],"author":[{"embeddable":true,"href":"https:\/\/www.europesays.com\/es\/wp-json\/wp\/v2\/users\/2"}],"replies":[{"embeddable":true,"href":"https:\/\/www.europesays.com\/es\/wp-json\/wp\/v2\/comments?post=245737"}],"version-history":[{"count":0,"href":"https:\/\/www.europesays.com\/es\/wp-json\/wp\/v2\/posts\/245737\/revisions"}],"wp:featuredmedia":[{"embeddable":true,"href":"https:\/\/www.europesays.com\/es\/wp-json\/wp\/v2\/media\/245738"}],"wp:attachment":[{"href":"https:\/\/www.europesays.com\/es\/wp-json\/wp\/v2\/media?parent=245737"}],"wp:term":[{"taxonomy":"category","embeddable":true,"href":"https:\/\/www.europesays.com\/es\/wp-json\/wp\/v2\/categories?post=245737"},{"taxonomy":"post_tag","embeddable":true,"href":"https:\/\/www.europesays.com\/es\/wp-json\/wp\/v2\/tags?post=245737"}],"curies":[{"name":"wp","href":"https:\/\/api.w.org\/{rel}","templated":true}]}}