{"id":245739,"date":"2025-11-20T04:59:09","date_gmt":"2025-11-20T04:59:09","guid":{"rendered":"https:\/\/www.europesays.com\/es\/245739\/"},"modified":"2025-11-20T04:59:09","modified_gmt":"2025-11-20T04:59:09","slug":"estos-son-los-rivales-del-bilbao-basket-en-la-segunda-ronda-de-fiba-europe-cup","status":"publish","type":"post","link":"https:\/\/www.europesays.com\/es\/245739\/","title":{"rendered":"Estos son los rivales del Bilbao Basket en la segunda ronda de FIBA Europe Cup"},"content":{"rendered":"<p>Tras su <a href=\"https:\/\/www.radionervion.com\/2025\/11\/19\/el-surne-bilbao-saca-el-rodillo-para-derrotar-al-kutaisi\/\" rel=\"nofollow noopener\" target=\"_blank\">pl\u00e1cido triunfo ante el Kutaisi<\/a>, el <strong>Surne Bilbao\u00a0<\/strong>certific\u00f3 su presencia en la segunda ronda de la <strong>FIBA Europe Cup<\/strong>. Este mi\u00e9rcoles ha conocido <strong>tambi\u00e9n a sus rivales<\/strong> en la siguiente fase de la competici\u00f3n, que dar\u00e1 comienzo el pr\u00f3ximo <strong>10 de diciembre<\/strong>, tras el par\u00f3n por las ventanas FIBA, y concluir\u00e1 el <strong>11 de febrero<\/strong>, justo antes del segundo par\u00f3n de la temporada.<\/p>\n<p>Encuadrados en el Grupo M, los MIB reeditar\u00e1n la final del pasado mes de abril, puesto que volver\u00e1n a medirse al <strong>PAOK BC<\/strong>. El cuadro de Tesal\u00f3nica logr\u00f3 la clasificaci\u00f3n como l\u00edder del Grupo F en un partido con tintes de thriller y que se resolvi\u00f3 con dos tiros libres de <strong>Ben Moore<\/strong> con el tiempo pr\u00e1cticamente cumplido en una acci\u00f3n que precis\u00f3 de \u00a1dos revisiones! por parte de los colegiados. Sin lugar a dudas, ser\u00e1n el rival a batir en este grupo en el que <strong>se clasifican los dos mejores<\/strong>. Entre sus filas cuenta con el exMIB <strong>Marvin Jones<\/strong>.<\/p>\n<p>    Publicidad<\/p>\n<p>Y es que los otros dos rivales no parece que, sobre el papel, entra\u00f1en una excesiva dificultad. El <b>Sporting de Portugal<\/b> se ha clasificado como cuarto mejor segundo. Sin lugar a dudas, ser\u00e1 el viaje m\u00e1s cercano de todos.<\/p>\n<p>El cuarto rival es el <strong>Falco Vulcano Energia KC Szombathely<\/strong> de Hungr\u00eda, un equipo con cierto pedigr\u00ed en competiciones europeas como la Eurocup y la Basketball Champions League.<\/p>\n<p>Partidos de la segunda ronda de la FIBA Europe Cup<\/p>\n<ul>\n<li>9\/10 de diciembre: Surne Bilbao \u2013 Falco Szombathely<\/li>\n<li>16\/17 de diciembre: Sporting CP \u2013 Bilbao Basket<\/li>\n<li>13\/14 de enero: Surne Bilbao \u2013 PAOK BC<\/li>\n<li>3\/4 de febrero: Surne Bilbao \u2013 Sporting CP<\/li>\n<li>10\/11 de febrero: PAOK BC \u2013 Surne Bilbao<\/li>\n<\/ul>\n","protected":false},"excerpt":{"rendered":"Tras su pl\u00e1cido triunfo ante el Kutaisi, el Surne Bilbao\u00a0certific\u00f3 su presencia en la segunda ronda de la&hellip;\n","protected":false},"author":2,"featured_media":245740,"comment_status":"","ping_status":"","sticky":false,"template":"","format":"standard","meta":{"footnotes":""},"categories":[269],"tags":[299,298,168,25,24,46259,23,167,48030],"class_list":{"0":"post-245739","1":"post","2":"type-post","3":"status-publish","4":"format-standard","5":"has-post-thumbnail","7":"category-baloncesto","8":"tag-baloncesto","9":"tag-basketball","10":"tag-deportes","11":"tag-es","12":"tag-espana","13":"tag-fiba-europe-cup","14":"tag-spain","15":"tag-sports","16":"tag-surne-bilbao-basket"},"share_on_mastodon":{"url":"https:\/\/pubeurope.com\/@es\/115580263844648663","error":""},"_links":{"self":[{"href":"https:\/\/www.europesays.com\/es\/wp-json\/wp\/v2\/posts\/245739","targetHints":{"allow":["GET"]}}],"collection":[{"href":"https:\/\/www.europesays.com\/es\/wp-json\/wp\/v2\/posts"}],"about":[{"href":"https:\/\/www.europesays.com\/es\/wp-json\/wp\/v2\/types\/post"}],"author":[{"embeddable":true,"href":"https:\/\/www.europesays.com\/es\/wp-json\/wp\/v2\/users\/2"}],"replies":[{"embeddable":true,"href":"https:\/\/www.europesays.com\/es\/wp-json\/wp\/v2\/comments?post=245739"}],"version-history":[{"count":0,"href":"https:\/\/www.europesays.com\/es\/wp-json\/wp\/v2\/posts\/245739\/revisions"}],"wp:featuredmedia":[{"embeddable":true,"href":"https:\/\/www.europesays.com\/es\/wp-json\/wp\/v2\/media\/245740"}],"wp:attachment":[{"href":"https:\/\/www.europesays.com\/es\/wp-json\/wp\/v2\/media?parent=245739"}],"wp:term":[{"taxonomy":"category","embeddable":true,"href":"https:\/\/www.europesays.com\/es\/wp-json\/wp\/v2\/categories?post=245739"},{"taxonomy":"post_tag","embeddable":true,"href":"https:\/\/www.europesays.com\/es\/wp-json\/wp\/v2\/tags?post=245739"}],"curies":[{"name":"wp","href":"https:\/\/api.w.org\/{rel}","templated":true}]}}