{"id":245743,"date":"2025-11-20T05:01:18","date_gmt":"2025-11-20T05:01:18","guid":{"rendered":"https:\/\/www.europesays.com\/es\/245743\/"},"modified":"2025-11-20T05:01:18","modified_gmt":"2025-11-20T05:01:18","slug":"el-miedo-de-karina-a-terminar-como-encarnita-polo-y-sus-problemas-economicos","status":"publish","type":"post","link":"https:\/\/www.europesays.com\/es\/245743\/","title":{"rendered":"El miedo de Karina a terminar como Encarnita Polo y sus problemas econ\u00f3micos"},"content":{"rendered":"<p><b>La muerte de <a title=\"Encarnita Polo\" href=\"https:\/\/www.larazon.es\/gente\/famosos\/palacio-fantasma-encarnita-polo-que-nunca-existio_20251118691cbd8d360d0840bce96d8c.html\" target=\"_blank\" rel=\"nofollow noopener\">Encarnita Polo<\/a> a los 86 a\u00f1os ha dejado desolados a todos en Espa\u00f1a<\/b>. Especialmente a su familia, pero tambi\u00e9n a sus incondicionales amigos de escena. Esos con los que ha compartido muchas horas en sets de rodaje, escenarios y bambalinas, tambi\u00e9n en fiestas que han rememorado estos d\u00edas en la intimidad y los plat\u00f3s. Son muchos los \u00edntimos de la creadora del himno \u2018Paco, Paco, Paco\u2019 que han querido mostrar su pesar por las <b>dram\u00e1ticas circunstancias que han rodeado su muerte<\/b>. La \u00faltima en hacerlo ha sido <a title=\"Karina\" href=\"https:\/\/www.larazon.es\/gente\/famosos\/karina-llora-silencio-muerte-hermano-estoy-rota-pero-vida-sigue_2025061968542bd9f68fe227a843e58a.html\" target=\"_blank\" rel=\"nofollow noopener\">Karina<\/a>. <\/p>\n<p>La cantante est\u00e1 consternada por c\u00f3mo ha fallecido su compa\u00f1era de profesi\u00f3n. Lo hac\u00eda en una residencia de ancianos de \u00c1vila, en la que se encontraba desde principios de a\u00f1o. <a title=\"Mientras dorm\u00eda, otro residente la estrangul\u00f3\" href=\"https:\/\/www.larazon.es\/gente\/muere-cantante-encarnita-polo-directo-investigacion-policial-reacciones-ultima-hora_20251115691840f539b3f1652befaaa5.html\" target=\"_blank\" rel=\"nofollow noopener\">Mientras dorm\u00eda, otro residente la estrangul\u00f3<\/a> y nadie pudo hacer nada para detenerlo. El hombre llevaba dos d\u00edas en el centro y no hab\u00eda registros de una conducta violenta, a pesar de estar ambos en el \u00e1rea de demencia. <b>La polic\u00eda a\u00fan investiga las circunstancias<\/b> en las que se ha producido el crimen, que atormenta ahora a Karina, que tiene miedo de correr la misma suerte. <\/p>\n<p>Karina, atemorizada por la muerte de Encarnita Polo<\/p>\n<p>La cantante del \u2018Ba\u00fal de los recuerdos\u2019, se ha sentado para hablar de su propia trayectoria vital y art\u00edstica. Pero no ha podido pasar por alto la tr\u00e1gica muerte de Encarnita Polo en una residencia de \u00c1vila. A ella le da pavor lo que ha sucedido y al ponerse en su piel se le eriza. <b>\u201cTengo miedo a morir como Encarnita Polo\u201d<\/b>, sentencia. Era la premisa de su entrevista en \u2018El tiempo justo\u2019 y mucho antes de sentarse a hablar con Joaqu\u00edn Prat ya se pod\u00eda leer en los r\u00f3tulos tan angustiosa declaraci\u00f3n.<\/p>\n<p><img decoding=\"async\" loading=\"lazy\" src=\"https:\/\/www.europesays.com\/es\/wp-content\/uploads\/2025\/11\/karina_58.jpg\" alt=\"Karina\" width=\"1264\" height=\"704\"\/><b>Karina<\/b>Antena 3<\/p>\n<p>Las cantantes han sido amigas y confidentes durante muchos a\u00f1os. Tambi\u00e9n es verdad que hab\u00edan perdido la fluidez de anta\u00f1o, como as\u00ed han reconocido tambi\u00e9n otros muchos \u00edntimos como <a title=\"Rappel\" href=\"https:\/\/www.larazon.es\/gente\/famosos\/rappel-insiste-herencia-encarnita-polo-tenia-palacio-madrid-queda-nada_20251118691c44d939b3f1652bf4fe9b.html\" target=\"_blank\" rel=\"nofollow noopener\">Rappel<\/a>, Jos\u00e9 Manuel Parada, <a title=\"Antonio Morales, Rosa Valenty\" href=\"https:\/\/www.larazon.es\/gente\/famosos\/amigos-encarnita-polo-alertan-principio-alzheimer_20251117691b549deba8bc0ece03aa8a.html\" target=\"_blank\" rel=\"nofollow noopener\">Antonio Morales, Rosa Valenty<\/a>, entre otros. <b>\u201cEs una tragedia muy grande\u201d<\/b>, reconoce dos d\u00edas despu\u00e9s de conocer el fallecimiento de la int\u00e9rprete en tan oscuras circunstancias. <b>A sus 79 a\u00f1os, Karina tiene temor de tener que pasar por una residencia, aunque por ahora asegura que su salud le permite autonom\u00eda y libertad de movimientos. <\/b><\/p>\n<p>Eso s\u00ed, ya tiene una edad y eso se traduce en los habituales achaques: <b>\u201cTengo la cadera derecha de aquella manera, pero aun as\u00ed me valgo. Adem\u00e1s, tengo a mi hija mayor muy cerca de mi casa. No me siento sola en ning\u00fan momento\u201d<\/b>, le reconoc\u00eda al presentador con sinceridad. Pero eso no quita que sienta cierto miedo por el futuro. Y eso que en mente le pesan tambi\u00e9n las preocupaciones del presente, entre ellas las econ\u00f3micas. No est\u00e1n siendo tiempos sencillos para ella y desde hace unos a\u00f1os hace malabares con su paga y con alguna que otra colaboraci\u00f3n en televisi\u00f3n. <\/p>\n","protected":false},"excerpt":{"rendered":"La muerte de Encarnita Polo a los 86 a\u00f1os ha dejado desolados a todos en Espa\u00f1a. Especialmente a&hellip;\n","protected":false},"author":2,"featured_media":245744,"comment_status":"","ping_status":"","sticky":false,"template":"","format":"standard","meta":{"footnotes":""},"categories":[174],"tags":[255,146,147,25,24,256,23],"class_list":{"0":"post-245743","1":"post","2":"type-post","3":"status-publish","4":"format-standard","5":"has-post-thumbnail","7":"category-famosos","8":"tag-celebrities","9":"tag-entertainment","10":"tag-entretenimiento","11":"tag-es","12":"tag-espana","13":"tag-famosos","14":"tag-spain"},"share_on_mastodon":{"url":"https:\/\/pubeurope.com\/@es\/115580271824740050","error":""},"_links":{"self":[{"href":"https:\/\/www.europesays.com\/es\/wp-json\/wp\/v2\/posts\/245743","targetHints":{"allow":["GET"]}}],"collection":[{"href":"https:\/\/www.europesays.com\/es\/wp-json\/wp\/v2\/posts"}],"about":[{"href":"https:\/\/www.europesays.com\/es\/wp-json\/wp\/v2\/types\/post"}],"author":[{"embeddable":true,"href":"https:\/\/www.europesays.com\/es\/wp-json\/wp\/v2\/users\/2"}],"replies":[{"embeddable":true,"href":"https:\/\/www.europesays.com\/es\/wp-json\/wp\/v2\/comments?post=245743"}],"version-history":[{"count":0,"href":"https:\/\/www.europesays.com\/es\/wp-json\/wp\/v2\/posts\/245743\/revisions"}],"wp:featuredmedia":[{"embeddable":true,"href":"https:\/\/www.europesays.com\/es\/wp-json\/wp\/v2\/media\/245744"}],"wp:attachment":[{"href":"https:\/\/www.europesays.com\/es\/wp-json\/wp\/v2\/media?parent=245743"}],"wp:term":[{"taxonomy":"category","embeddable":true,"href":"https:\/\/www.europesays.com\/es\/wp-json\/wp\/v2\/categories?post=245743"},{"taxonomy":"post_tag","embeddable":true,"href":"https:\/\/www.europesays.com\/es\/wp-json\/wp\/v2\/tags?post=245743"}],"curies":[{"name":"wp","href":"https:\/\/api.w.org\/{rel}","templated":true}]}}