{"id":245747,"date":"2025-11-20T05:05:11","date_gmt":"2025-11-20T05:05:11","guid":{"rendered":"https:\/\/www.europesays.com\/es\/245747\/"},"modified":"2025-11-20T05:05:11","modified_gmt":"2025-11-20T05:05:11","slug":"radio-vida-celebra-sus-70-anos-el-germen-de-lo-que-es-hoy-la-cadena-cope","status":"publish","type":"post","link":"https:\/\/www.europesays.com\/es\/245747\/","title":{"rendered":"Radio Vida celebra sus 70 a\u00f1os; \u00abel germen de lo que es hoy la cadena Cope\u00bb"},"content":{"rendered":"<p style=\"\">La Universidad Loyola Andaluc\u00eda ha sido escenario este mi\u00e9rcoles del 70 aniversario de la cadena Cope, una especial ocasi\u00f3n para la que se ha emitido un <strong>programa en directo con algunos de los protagonistas que sembraron el germen de lo que es hoy la emisora<\/strong> &#8230; . \u00abDe Radio Vida a Cope Sevilla\u00bb, ha sido el programa especial que el director de la cadena en la provincia hispalense, Joaqu\u00edn L\u00f3pez-S\u00e1ez, ha conducido desde el campus de Dos Hermanas. Para ello ha contado con la participaci\u00f3n de algunas de las voces que impulsaron Cope en sus primeros a\u00f1os como Mari Carmen de las Casas, Eva Montesinos o Manolo Bl\u00e1zquez. \u00abRadio Vida es un reflejo de la propia historia de la radio en Sevilla\u00bb, ha explicado el director. <\/p>\n<p class=\"voc-p\" style=\"\"><strong>Radio Vida<\/strong> naci\u00f3 en la calle Trajano n\u00famero 39 en 1955. Esta supuso, en palabras de L\u00f3pez-S\u00e1ez, una revoluci\u00f3n y dinamizaci\u00f3n de la vida social incluso religiosa. \u00abFue el germen de lo que es  hoy la cadena Cope\u00bb, ha declarado. La encargada de narrar el comienzo de lo que empez\u00f3 como una emisi\u00f3n local de apenas treinta minutos, ha sido Mari Carmen de las Casas quien comenz\u00f3 a trabajar en la casa en 1958. Ha enumerado algunos de los programas que hicieron popular a Radio Vida como &#8216;Es grande ser joven&#8217;, &#8216;Verano club&#8217; o &#8216;Saeta&#8217;, programa cofrade pionero en la comunicaci\u00f3n de Semana Santa en Espa\u00f1a. Han querido destacar especialmente la figura del <strong>padre Linares<\/strong>, fundador de la cadena y quien hasta dos meses antes de su muerte en 1994 mantuvo su programa de oraci\u00f3n. <\/p>\n<p class=\"voc-p\" style=\"\">Los primeros pasos se consiguieron con unos <strong>aparatos construidos a partir de los elementos sobrantes del Ej\u00e9rcito del Aire<\/strong> , que se colocaron sobre una mesa con un mantel y que construyeron los tan queridos t\u00e9cnicos Estanislao Castell\u00f3 y Manuel Hern\u00e1ndez, como ha explicado Manolo Bl\u00e1zquez. <\/p>\n<p>\n\u00abLa radio del pasado y del futuro\u00bb\n<\/p>\n<p class=\"voc-p\" style=\"\">El programa ha arrancado con la intervenci\u00f3n del decano de la Facultad de Comunicaci\u00f3n y Arte, Jos\u00e9 Antonio Mu\u00f1iz, quien ha ejercido como anfitri\u00f3n. \u00abDesde Loyola nos sentimos herederos de la comunicaci\u00f3n social de la Compa\u00f1\u00eda de Jes\u00fas y nos sentimos hijos de esos 70 a\u00f1os de Cope\u00bb, ha reconocido. De hecho los <strong>propios alumnos del centro han participado en este programa especial<\/strong>, recreando cu\u00f1as publicitarias de la \u00e9poca como la del co\u00f1ac M\u00e9rito o el de yogures Frigo. Un bonito homenaje en el que como ha a\u00f1adido Mu\u00f1iz representa la \u00abradio del presente y del futuro\u00bb<\/p>\n<p class=\"voc-p\" style=\"\">Otras an\u00e9cdotas que se han recordado ha sido la bendici\u00f3n del entonces arzobispo de la ciudad, Jos\u00e9 Mar\u00eda Bueno Monreal, al equipo de Radio Vida en 1957 o el telegrama que Pablo VI envi\u00f3 para otorgar la<strong> bendici\u00f3n apost\u00f3lica<\/strong> con motivo de las nuevas instalaciones en la calle V\u00edrgenes de la que se convertir\u00eda en Radio Popular y posteriormente Cope. <\/p>\n<p class=\"voc-p\" style=\"\">Tampoco han faltado a la cita, representantes de la Compa\u00f1\u00eda de Jes\u00fas, los sacerdotes Ildefonso Camacho y Sergio Garc\u00eda. \u00abRadio Vida se distingui\u00f3 por abrir otros frentes, no pol\u00edticos porque estaba vedado por el r\u00e9gimen pero s\u00ed en literatura o cine\u00bb, ha explicado Camacho. \u00c9l mismo particip\u00f3 en el <strong>&#8216;Cine Club Vida&#8217;<\/strong>, que alcanz\u00f3 una gran popularidad en Sevilla y fuera. Un audio de Carlos Herrera ha explicado posteriormente qu\u00e9 supuso estos encuentros en los que se contaba con un experto en cine, posteriormente se proyectaba una pel\u00edcula en versi\u00f3n original, algo nada habitual en la \u00e9poca,  y luego le segu\u00eda un coloquio. \u00abFue una v\u00e1lvula de escape en una Sevilla marcada por la censura\u00bb.  De hecho, el propio Orson Wells se reuni\u00f3 con los altos cargos de Cine Club Vida en su visita a la capital hispalense en 1964, asombrado por lo que se estaba haciendo. <\/p>\n<p class=\"voc-p\" style=\"\">En su 65 cumplea\u00f1os, <strong>Manuel Salvador, ha vuelto a coger el micr\u00f3fono azul<\/strong> para preguntar por algunas de sus vivencias a los presentes. Manolo Bl\u00e1zquez ha destacado que \u00abRadio vida fue la primera emisora en Espa\u00f1a en anunciar el asesinato de Kennedy\u00bb, debido a la  relaci\u00f3n que ten\u00edan con las bases de Mor\u00f3n y Rota, que ven\u00eda dada por las canciones que pon\u00edan en la radio, muy internacionales en la \u00e9poca. <\/p>\n<p class=\"voc-p\" style=\"\">Llegado el final del programa, se ha sentado en la mesa instalado en la Universidad Loyola, <strong>Patricia del Pozo<\/strong>, Consejera de Cultura y Deporte de la Junta de Andaluc\u00eda, as\u00ed como el jefe de deportes de Cope Sevilla, Rafael Almansa. Con ella han conversado sobre la actualidad, desde asuntos de terreno cultural como las obras en las Atarazanas y el Monasterio de San Isidoro del Campo a el reciente anuncio de que el estadio de la Cartuja continuar\u00e1 siendo sede de la final de la Copa del Rey los pr\u00f3ximos tres a\u00f1os. Tambi\u00e9n se ha unido a ellos, Luis Vara,  que form\u00f3 parte del equipo de Radio Popular. <\/p>\n<p class=\"voc-p\" style=\"\">En<a href=\"https:\/\/www.cope.es\/emisoras\/andalucia\/sevilla-provincia\/sevilla\/podcast\/episodios\/12-30h-19-noviembre-2025-herrera-cope-sevilla-20251119_3255404.html\" target=\"_self\" data-voc-vtm-id=\"in-text-traffic\" title=\" este enlace\" data-mrf-link=\"www.cope.es\" rel=\"nofollow noopener\"> este enlace<\/a>, el programa especial completo. <\/p>\n","protected":false},"excerpt":{"rendered":"La Universidad Loyola Andaluc\u00eda ha sido escenario este mi\u00e9rcoles del 70 aniversario de la cadena Cope, una especial&hellip;\n","protected":false},"author":2,"featured_media":245748,"comment_status":"","ping_status":"","sticky":false,"template":"","format":"standard","meta":{"footnotes":""},"categories":[170],"tags":[9807,6951,24710,146,147,25,24,448,184,185,872,1448,61432,1171,23,2606],"class_list":{"0":"post-245747","1":"post","2":"type-post","3":"status-publish","4":"format-standard","5":"has-post-thumbnail","7":"category-musica","8":"tag-aniversario","9":"tag-celebra","10":"tag-cope","11":"tag-entertainment","12":"tag-entretenimiento","13":"tag-es","14":"tag-espana","15":"tag-historia","16":"tag-music","17":"tag-musica","18":"tag-propia","19":"tag-radio","20":"tag-reflejo","21":"tag-sevilla","22":"tag-spain","23":"tag-vida"},"share_on_mastodon":{"url":"https:\/\/pubeurope.com\/@es\/115580287270267496","error":""},"_links":{"self":[{"href":"https:\/\/www.europesays.com\/es\/wp-json\/wp\/v2\/posts\/245747","targetHints":{"allow":["GET"]}}],"collection":[{"href":"https:\/\/www.europesays.com\/es\/wp-json\/wp\/v2\/posts"}],"about":[{"href":"https:\/\/www.europesays.com\/es\/wp-json\/wp\/v2\/types\/post"}],"author":[{"embeddable":true,"href":"https:\/\/www.europesays.com\/es\/wp-json\/wp\/v2\/users\/2"}],"replies":[{"embeddable":true,"href":"https:\/\/www.europesays.com\/es\/wp-json\/wp\/v2\/comments?post=245747"}],"version-history":[{"count":0,"href":"https:\/\/www.europesays.com\/es\/wp-json\/wp\/v2\/posts\/245747\/revisions"}],"wp:featuredmedia":[{"embeddable":true,"href":"https:\/\/www.europesays.com\/es\/wp-json\/wp\/v2\/media\/245748"}],"wp:attachment":[{"href":"https:\/\/www.europesays.com\/es\/wp-json\/wp\/v2\/media?parent=245747"}],"wp:term":[{"taxonomy":"category","embeddable":true,"href":"https:\/\/www.europesays.com\/es\/wp-json\/wp\/v2\/categories?post=245747"},{"taxonomy":"post_tag","embeddable":true,"href":"https:\/\/www.europesays.com\/es\/wp-json\/wp\/v2\/tags?post=245747"}],"curies":[{"name":"wp","href":"https:\/\/api.w.org\/{rel}","templated":true}]}}