{"id":245759,"date":"2025-11-20T05:13:25","date_gmt":"2025-11-20T05:13:25","guid":{"rendered":"https:\/\/www.europesays.com\/es\/245759\/"},"modified":"2025-11-20T05:13:25","modified_gmt":"2025-11-20T05:13:25","slug":"manana-jueves-simulacro-de-maremoto-en-las-zonas-costeras","status":"publish","type":"post","link":"https:\/\/www.europesays.com\/es\/245759\/","title":{"rendered":"Ma\u00f1ana jueves, simulacro de maremoto en las zonas costeras"},"content":{"rendered":"<p>El teniente de alcalde David Ramos, recuerda que en la ma\u00f1ana de este jueves se pone en marcha el \u201cSimulacro RespuestA_25\u201d, un simulacro de maremoto sobre las costas de la provincia de C\u00e1diz, que ser\u00e1 anunciado con un mensaje ES-Alert a los tel\u00e9fonos m\u00f3viles. Dicho mensaje se recibir\u00e1 a las 10.05 horas.<\/p>\n<p>El edil ha participado en las jornadas recientes en dos reuniones: una a nivel de los 16 ayuntamientos y otras administraciones participantes en el simulacro, y otra de coordinaci\u00f3n interna, con responsables pol\u00edticos y t\u00e9cnicos del Consistorio sanroque\u00f1o.<\/p>\n<p>Ramos ha hecho una llamada a la calma a la poblaci\u00f3n general, \u201cya que -dijo- se trata de un simulacro de maremoto, por lo que no han de preocuparse al recibir el mensaje ES-Alert en sus tel\u00e9fonos\u201d. El concejal record\u00f3 que para recibir estas alertas hay que activarlas desde el men\u00fa de ajustes de los tel\u00e9fonos m\u00f3viles.<\/p>\n<p>El objetivo de estos simulacros es comprobar el funcionamiento de los distintos servicios que tienen que ponerse en marcha cuando ocurre una emergencia, en este caso un maremoto. De esta manera se pueden encontrar los fallos de coordinaci\u00f3n o actuaci\u00f3n, para as\u00ed evitarlos si alg\u00fan d\u00eda tiene lugar un desastre de este tipo.<\/p>\n<p>Por parte del Ayuntamiento, est\u00e1n previstas evacuaciones de los colegios de las barriadas de Puente Mayorga y Campamento, los CEIP Sagrado Coraz\u00f3n y Santa Rita. Desde Polic\u00eda Local y Protecci\u00f3n Civil se llevar\u00e1n a cabo otras medidas, como cortes de tr\u00e1fico. Adem\u00e1s, desde Multimedia se est\u00e1 haciendo una labor previa de informaci\u00f3n a la ciudadan\u00eda sanroque\u00f1a sobre este simulacro y para evitar alarmas innecesarias.<\/p>\n","protected":false},"excerpt":{"rendered":"El teniente de alcalde David Ramos, recuerda que en la ma\u00f1ana de este jueves se pone en marcha&hellip;\n","protected":false},"author":2,"featured_media":245760,"comment_status":"","ping_status":"","sticky":false,"template":"","format":"standard","meta":{"footnotes":""},"categories":[8],"tags":[1250,17,18,2193,2191,25,24,13,14,2190,11,19,20,9,10,15,16,2186,2189,2185,2187,23,2192,12,2188,21,22],"class_list":{"0":"post-245759","1":"post","2":"type-post","3":"status-publish","4":"format-standard","5":"has-post-thumbnail","7":"category-espana","8":"tag-ayuntamiento","9":"tag-breaking-news","10":"tag-breakingnews","11":"tag-cadiz","12":"tag-campamento","13":"tag-es","14":"tag-espana","15":"tag-featured-news","16":"tag-featurednews","17":"tag-guadiaro","18":"tag-headlines","19":"tag-latest-news","20":"tag-latestnews","21":"tag-news","22":"tag-noticias","23":"tag-noticias-destacadas","24":"tag-noticiasdestacadas","25":"tag-roque","26":"tag-san-enrique","27":"tag-san-roque","28":"tag-soto-grande","29":"tag-spain","30":"tag-taraguilla","31":"tag-titulares","32":"tag-torreguadiaro","33":"tag-ultimas-noticias","34":"tag-ultimasnoticias"},"share_on_mastodon":{"url":"https:\/\/pubeurope.com\/@es\/115580318764723978","error":""},"_links":{"self":[{"href":"https:\/\/www.europesays.com\/es\/wp-json\/wp\/v2\/posts\/245759","targetHints":{"allow":["GET"]}}],"collection":[{"href":"https:\/\/www.europesays.com\/es\/wp-json\/wp\/v2\/posts"}],"about":[{"href":"https:\/\/www.europesays.com\/es\/wp-json\/wp\/v2\/types\/post"}],"author":[{"embeddable":true,"href":"https:\/\/www.europesays.com\/es\/wp-json\/wp\/v2\/users\/2"}],"replies":[{"embeddable":true,"href":"https:\/\/www.europesays.com\/es\/wp-json\/wp\/v2\/comments?post=245759"}],"version-history":[{"count":0,"href":"https:\/\/www.europesays.com\/es\/wp-json\/wp\/v2\/posts\/245759\/revisions"}],"wp:featuredmedia":[{"embeddable":true,"href":"https:\/\/www.europesays.com\/es\/wp-json\/wp\/v2\/media\/245760"}],"wp:attachment":[{"href":"https:\/\/www.europesays.com\/es\/wp-json\/wp\/v2\/media?parent=245759"}],"wp:term":[{"taxonomy":"category","embeddable":true,"href":"https:\/\/www.europesays.com\/es\/wp-json\/wp\/v2\/categories?post=245759"},{"taxonomy":"post_tag","embeddable":true,"href":"https:\/\/www.europesays.com\/es\/wp-json\/wp\/v2\/tags?post=245759"}],"curies":[{"name":"wp","href":"https:\/\/api.w.org\/{rel}","templated":true}]}}