{"id":245761,"date":"2025-11-20T05:14:50","date_gmt":"2025-11-20T05:14:50","guid":{"rendered":"https:\/\/www.europesays.com\/es\/245761\/"},"modified":"2025-11-20T05:14:50","modified_gmt":"2025-11-20T05:14:50","slug":"silencio-a-las-puertas-de-los-edificios-municipales-por-los-presuntos-asesinatos-machistas-perpetrados-en-barcelona-y-madrid","status":"publish","type":"post","link":"https:\/\/www.europesays.com\/es\/245761\/","title":{"rendered":"Silencio a las puertas de los edificios municipales por los presuntos asesinatos machistas perpetrados en Barcelona y Madrid"},"content":{"rendered":"<p style=\"text-align: justify;\"><img decoding=\"async\" src=\"https:\/\/www.europesays.com\/es\/wp-content\/uploads\/2025\/11\/img_3630_c.jpg\" alt=\"\" width=\"850\" height=\"566.6666666666666\"\/><\/p>\n<p style=\"text-align: justify;\">El \u00c1rea de Igualdad del Ayuntamiento de Sagunto ha convocado un minuto de silencio hoy, mi\u00e9rcoles 19 de noviembre, a las 12 horas por los presuntos asesinatos machistas de una mujer de 38 a\u00f1os en el distrito de Sant Mart\u00ed de Barcelona y otra de 60 a\u00f1os en Alpedrete (Madrid).<\/p>\n<p style=\"text-align: justify;\">Seg\u00fan datos oficiales, el a\u00f1o 2024 finaliz\u00f3 con los asesinatos de 48 mujeres, mientras que en lo que llevamos de 2025 ha habido 38 mujeres asesinadas. Desde 2003, a\u00f1o en que se empezaron a registrar las cifras, son 1.333 los asesinatos machistas cometidos. Tambi\u00e9n, seg\u00fan datos oficiales, fueron 9 las y los menores v\u00edctimas de asesinato por violencia de g\u00e9nero en 2024 y 65 desde el a\u00f1o 2013. En lo que llevamos de a\u00f1o han sido 3 las personas menores asesinadas.<\/p>\n<p style=\"text-align: justify;\">Miembros de la Corporaci\u00f3n Municipal se han concentrado a las puertas de los edificios p\u00fablicos para mostrar su condena y repulsa ante este nuevo presunto asesinato machista. En las concentraciones tambi\u00e9n han estado presentes personal del Ayuntamiento, vecinos y vecinas del municipio, as\u00ed como colectivos y asociaciones.<\/p>\n<p style=\"text-align: justify;\">La delegaci\u00f3n de Igualdad informa de que cualquier persona que sospeche de un caso de violencia tiene el deber ciudadano de llamar al 016 o al tel\u00e9fono de emergencias, el 112, y comunicarlo.<\/p>\n<p style=\"text-align: justify;\">Asimismo, el Servicio de Atenci\u00f3n a las Mujeres, en el \u00c1rea de Igualdad, se realiza de forma presencial de lunes a viernes, a trav\u00e9s del n\u00famero 96 265 58 89 o del WhatsApp 607 248 363 (de 8:00 a 15:00 horas), o bien por v\u00eda telem\u00e1tica en <a href=\"https:\/\/aytosagunto.es\/es\/actualidad\/2025-11-19-silencio-a-las-puertas-de-los-edificios-municipales-por-los-presuntos-asesinatos-machistas-perpetrados-en-barcelona-y-madrid\/mailto:dona@aytosagunto.es\" rel=\"nofollow noopener\" target=\"_blank\"><strong>dona@aytosagunto.es<\/strong><\/a>. Se recomienda solicitar cita previa, aunque tambi\u00e9n se atiende sin cita en casos que as\u00ed lo requieran.<\/p>\n<p style=\"text-align: justify;\">Adem\u00e1s, desde el \u00c1rea de Igualdad se recuerda que si alguna mujer se encuentra en una situaci\u00f3n de emergencia grave puede llamar al Centro Coordinador de Emergencias 112. Si ha sido v\u00edctima de una agresi\u00f3n y necesita protecci\u00f3n, puede llamar a la Polic\u00eda Nacional, al 091 o al 96 267 00 91; a la Polic\u00eda Local, al 092 o al 96 265 54 84; y a la Guardia Civil, al 062.<\/p>\n<p style=\"text-align: justify;\">Por \u00faltimo, si la persona necesita ayuda urgente tambi\u00e9n puede ponerse en contacto con el Centre Dona 24 Hores de la Generalitat Valenciana a trav\u00e9s del 900 580 888, o bien llamar al 016. La llamada no queda registrada en la factura, aunque se recuerda que s\u00ed que hay que borrarla del registro de llamadas del terminal.<\/p>\n","protected":false},"excerpt":{"rendered":"El \u00c1rea de Igualdad del Ayuntamiento de Sagunto ha convocado un minuto de silencio hoy, mi\u00e9rcoles 19 de&hellip;\n","protected":false},"author":2,"featured_media":245762,"comment_status":"","ping_status":"","sticky":false,"template":"","format":"standard","meta":{"footnotes":""},"categories":[5],"tags":[17,18,25,24,13,14,11,19,20,9,10,15,16,23,12,21,22],"class_list":{"0":"post-245761","1":"post","2":"type-post","3":"status-publish","4":"format-standard","5":"has-post-thumbnail","7":"category-titulares","8":"tag-breaking-news","9":"tag-breakingnews","10":"tag-es","11":"tag-espana","12":"tag-featured-news","13":"tag-featurednews","14":"tag-headlines","15":"tag-latest-news","16":"tag-latestnews","17":"tag-news","18":"tag-noticias","19":"tag-noticias-destacadas","20":"tag-noticiasdestacadas","21":"tag-spain","22":"tag-titulares","23":"tag-ultimas-noticias","24":"tag-ultimasnoticias"},"share_on_mastodon":{"url":"https:\/\/pubeurope.com\/@es\/115580326812947145","error":""},"_links":{"self":[{"href":"https:\/\/www.europesays.com\/es\/wp-json\/wp\/v2\/posts\/245761","targetHints":{"allow":["GET"]}}],"collection":[{"href":"https:\/\/www.europesays.com\/es\/wp-json\/wp\/v2\/posts"}],"about":[{"href":"https:\/\/www.europesays.com\/es\/wp-json\/wp\/v2\/types\/post"}],"author":[{"embeddable":true,"href":"https:\/\/www.europesays.com\/es\/wp-json\/wp\/v2\/users\/2"}],"replies":[{"embeddable":true,"href":"https:\/\/www.europesays.com\/es\/wp-json\/wp\/v2\/comments?post=245761"}],"version-history":[{"count":0,"href":"https:\/\/www.europesays.com\/es\/wp-json\/wp\/v2\/posts\/245761\/revisions"}],"wp:featuredmedia":[{"embeddable":true,"href":"https:\/\/www.europesays.com\/es\/wp-json\/wp\/v2\/media\/245762"}],"wp:attachment":[{"href":"https:\/\/www.europesays.com\/es\/wp-json\/wp\/v2\/media?parent=245761"}],"wp:term":[{"taxonomy":"category","embeddable":true,"href":"https:\/\/www.europesays.com\/es\/wp-json\/wp\/v2\/categories?post=245761"},{"taxonomy":"post_tag","embeddable":true,"href":"https:\/\/www.europesays.com\/es\/wp-json\/wp\/v2\/tags?post=245761"}],"curies":[{"name":"wp","href":"https:\/\/api.w.org\/{rel}","templated":true}]}}